{"id":40191,"date":"2021-09-01T00:00:00","date_gmt":"2021-08-31T23:00:00","guid":{"rendered":"https:\/\/imagazine.it\/?p=40191"},"modified":"2021-09-01T00:00:00","modified_gmt":"2021-08-31T23:00:00","slug":"basket-in-carrozzina-gradisca-rilancia-anche-ai-normodotati","status":"publish","type":"post","link":"https:\/\/imagazine.it\/home_desk\/basket-in-carrozzina-gradisca-rilancia-anche-ai-normodotati\/","title":{"rendered":"Basket in carrozzina, Gradisca rilancia anche ai normodotati"},"content":{"rendered":"<p> \tA <strong>Gradisca d&#39;Isonzo<\/strong> la <strong>Polisportiva Nordest Castelvecchio<\/strong> si accinge ad affrontare una nuova stagione.<\/p>\n<p> \tA giorni iniziano gli allenamenti in preparazione delle manifestazioni a cui i gradiscani parteciperanno nei prossimi mesi. Debutto ufficiale il 16 e 17 ottobre, in casa a Gradisca, con il tradizionale <strong>Torneo Internazionale Alpe Adria<\/strong> saltato l\u2019anno scorso a causa del Covid. La kermesse, organizzata dalla stessa Nordest, giunge al quarto di secolo e vedr\u00e0 la partecipazione dei Carinthian Broncos per l\u2019Austria, dell\u2019NIPIC Rieti, del CUS Catania oltre alla stessa Castelvecchio. Nell\u2019ambito di questo torneo verr\u00e0 assegnata la 8^ Coppa Fair play dedicata ad Alfredo Tinunin. Nella prima settimana di novembre la societ\u00e0 organizzer\u00e0 invece il primo <strong>Torneo internazionale \u201cCitt\u00e0 di Gradisca\u201d<\/strong> e prender\u00e0 parte a diversi tornei e test precampionato sia in Italia che transfrontalieri.<\/p>\n<p> \t\u201cSi ricomincia con rinnovato entusiasmo e voglia di dare il massimo in tutte le manifestazioni a cui parteciperemo \u2013 assicura il presidente <strong>Egone Tomasinsig<\/strong> \u2013: la serie B \u00e8 ormai da qualche anno la nostra categoria, ma l\u2019intenzione rimane sempre quella di arrivare ai play off e provare a giocarci il ritorno in massima serie\u201d.<\/p>\n<p> \tLo staff dirigenziale \u00e8 rimasto quasi lo stesso della passata stagione sportiva. Il coach della squadra sar\u00e0 invece il nuovo arrivato <strong>Filippo Chiarello<\/strong> che si avvarr\u00e0 come aiuto allenatore di <strong>Gianluca Cappellazzo<\/strong>. La squadra sar\u00e0 rinforzata da alcuni nuovi arrivi, tra cui spicca quello di due atleti provenienti da Vicenza: <strong>Valerio Dal Ben<\/strong> e <strong>Dario Benedetti<\/strong>, oltre ai riconfermati sloveni <strong>Matej Arh<\/strong> e <strong>Haris Kuduzovic<\/strong>.<\/p>\n<p> \t\u201cOltre all\u2019arrivo di questi atleti \u2013 aggiunge il presidente \u2013 si spera nell\u2019inserimento di nuovi giocatori e giocatrici italiane che devono rappresentare il futuro per un necessario ricambio generazionale. E, magari, di atleti normodotati. La federazione consente da tempo questa pratica \u00a0per cui se qualcuno volesse cimentarsi in questa esperienza di sport e di vita, ne saremmo felicissimi. Abbiamo tanti obiettivi e una stagione intensa ci attende\u201d.<\/p>\n<p> \tIl primo atleta normodotato nella storia della Polisportiva Nordest era stato <strong>Alberto Tomasinsig<\/strong>. La societ\u00e0 biancoblu rivolge anche un appello per coinvolgere nuovi volontari che vogliano affiancare lo storico direttivo: \u201cCi serve una mano per far continuare questo importante movimento, che non ha solo una valenza regionale, ma anche nazionale e internazionale\u201d, conclude il presidente.<\/p>\n<p> \tConfermato il sostegno degli sponsor, dal marchio Castelvecchio con la famiglia Terraneo che contribu\u00ec alla fondazione della societ\u00e0, all\u2019impegno del presidente di Segafredo Group <strong>Massimo Zanetti<\/strong> con il marchio La San Marco di Gradisca d\u2019Isonzo e anche direttamente con il marchio storico dell&#39;azienda.<\/p>\n<p> \tIl roster attuale della Castelvecchio: Davide Braida, Enrico Ambrosetti, Gianluca Cappellazzo, Roberto Mucchiut, Matteo Fiorino, Manon Rivron, Izet Sejmenovic, Eniko Vitalios, Vladimiro Della Rovere, Haris Kuduzovic, Matej Arh, Valerio Dal Ben, Dario Benedetti.<\/p>\n","protected":false},"excerpt":{"rendered":"<p>L&#8217;appello del presidente Tomasinsig<\/p>\n","protected":false},"author":22,"featured_media":40192,"comment_status":"closed","ping_status":"closed","sticky":false,"template":"","format":"standard","meta":{"dwc-title":[],"dwc-content":[],"footnotes":""},"categories":[38],"tags":[],"class_list":["post-40191","post","type-post","status-publish","format-standard","has-post-thumbnail","hentry","category-sport"],"rttpg_featured_image_url":{"full":["https:\/\/imagazine.it\/wp-content\/uploads\/2024\/01\/42844-1.webp",1000,744,false],"landscape":["https:\/\/imagazine.it\/wp-content\/uploads\/2024\/01\/42844-1.webp",1000,744,false],"portraits":["https:\/\/imagazine.it\/wp-content\/uploads\/2024\/01\/42844-1.webp",1000,744,false],"thumbnail":["https:\/\/imagazine.it\/wp-content\/uploads\/2024\/01\/42844-1-150x150.webp",150,150,true],"medium":["https:\/\/imagazine.it\/wp-content\/uploads\/2024\/01\/42844-1-300x223.webp",300,223,true],"large":["https:\/\/imagazine.it\/wp-content\/uploads\/2024\/01\/42844-1.webp",640,476,false],"thumblist":["https:\/\/imagazine.it\/wp-content\/uploads\/2024\/01\/42844-1.webp",300,223,false],"thumbrelated":["https:\/\/imagazine.it\/wp-content\/uploads\/2024\/01\/42844-1.webp",500,372,false],"meccarouselthumb":["https:\/\/imagazine.it\/wp-content\/uploads\/2024\/01\/42844-1.webp",435,324,false],"gridsquare":["https:\/\/imagazine.it\/wp-content\/uploads\/2024\/01\/42844-1.webp",349,260,false],"tileview":["https:\/\/imagazine.it\/wp-content\/uploads\/2024\/01\/42844-1.webp",300,223,false],"1536x1536":["https:\/\/imagazine.it\/wp-content\/uploads\/2024\/01\/42844-1.webp",1000,744,false],"2048x2048":["https:\/\/imagazine.it\/wp-content\/uploads\/2024\/01\/42844-1.webp",1000,744,false],"newsup-slider-full":["https:\/\/imagazine.it\/wp-content\/uploads\/2024\/01\/42844-1-1000x720.webp",1000,720,true],"newsup-featured":["https:\/\/imagazine.it\/wp-content\/uploads\/2024\/01\/42844-1.webp",1000,744,false],"newsup-medium":["https:\/\/imagazine.it\/wp-content\/uploads\/2024\/01\/42844-1-720x380.webp",720,380,true],"tptn_thumbnail":["https:\/\/imagazine.it\/wp-content\/uploads\/2024\/01\/42844-1.webp",250,186,false],"sow-carousel-default":["https:\/\/imagazine.it\/wp-content\/uploads\/2024\/01\/42844-1-272x182.webp",272,182,true]},"rttpg_author":{"display_name":"Livio Nonis","author_link":"https:\/\/imagazine.it\/home_desk\/author\/nonis\/"},"rttpg_comment":0,"rttpg_category":"<a href=\"https:\/\/imagazine.it\/home_desk\/category\/sport\/\" rel=\"category tag\">SPORT<\/a>","rttpg_excerpt":"L'appello del presidente Tomasinsig","_links":{"self":[{"href":"https:\/\/imagazine.it\/home_desk\/wp-json\/wp\/v2\/posts\/40191","targetHints":{"allow":["GET"]}}],"collection":[{"href":"https:\/\/imagazine.it\/home_desk\/wp-json\/wp\/v2\/posts"}],"about":[{"href":"https:\/\/imagazine.it\/home_desk\/wp-json\/wp\/v2\/types\/post"}],"author":[{"embeddable":true,"href":"https:\/\/imagazine.it\/home_desk\/wp-json\/wp\/v2\/users\/22"}],"replies":[{"embeddable":true,"href":"https:\/\/imagazine.it\/home_desk\/wp-json\/wp\/v2\/comments?post=40191"}],"version-history":[{"count":0,"href":"https:\/\/imagazine.it\/home_desk\/wp-json\/wp\/v2\/posts\/40191\/revisions"}],"wp:featuredmedia":[{"embeddable":true,"href":"https:\/\/imagazine.it\/home_desk\/wp-json\/wp\/v2\/media\/40192"}],"wp:attachment":[{"href":"https:\/\/imagazine.it\/home_desk\/wp-json\/wp\/v2\/media?parent=40191"}],"wp:term":[{"taxonomy":"category","embeddable":true,"href":"https:\/\/imagazine.it\/home_desk\/wp-json\/wp\/v2\/categories?post=40191"},{"taxonomy":"post_tag","embeddable":true,"href":"https:\/\/imagazine.it\/home_desk\/wp-json\/wp\/v2\/tags?post=40191"}],"curies":[{"name":"wp","href":"https:\/\/api.w.org\/{rel}","templated":true}]}}