{"id":40183,"date":"2021-08-31T00:00:00","date_gmt":"2021-08-30T23:00:00","guid":{"rendered":"https:\/\/imagazine.it\/?p=40183"},"modified":"2021-08-31T00:00:00","modified_gmt":"2021-08-30T23:00:00","slug":"cultura-e-giovani-generazioni-nuove-rotte-per-barcolana","status":"publish","type":"post","link":"https:\/\/imagazine.it\/home_desk\/cultura-e-giovani-generazioni-nuove-rotte-per-barcolana\/","title":{"rendered":"Cultura e giovani generazioni, nuove rotte per Barcolana"},"content":{"rendered":"<p> \tLa <strong>Fondazione CRTrieste<\/strong> e <strong>Societ\u00e0 Velica di Barcola e Grignano<\/strong> ampliano la loro collaborazione affinch\u00e9 <strong>Barcolana<\/strong> sia sempre pi\u00f9 aperta e inclusiva.<\/p>\n<p> \tLungo questa rotta, la Fondazione CRTrieste ha confermato il proprio supporto a <strong>Barcolana Young<\/strong>, la regata dedicata ai pi\u00f9 giovani della classe Optimist (2-3 ottobre), al <strong>Barcolana Sea Summit<\/strong> (6-9 ottobre), il convegno di divulgazione scientifica in programma al TCC, e alla rassegna letteraria <strong>Barcolana &#8211; Un mare di racconti<\/strong> (4-9 ottobre).<\/p>\n<p> \tQuest\u2019anno, per la prima volta, la Fondazione CRTrieste organizza con il Museo d\u2019Arte moderna Ugo Car\u00e0 di Muggia, un evento che entra a far parte del calendario Barcolana: si tratta della mostra \u201cVita col mare\u201d &#8211; sette racconti di mare attraverso opere scelte della Collezione d\u2019Arte della Fondazione CRTrieste.<\/p>\n<p> \tL\u2019esposizione prende il titolo dal romanzo di Stelio Mattioni, ambientato nella citt\u00e0 istroveneta, e accompagna il visitatore attraverso sette sezioni tematiche che costituiscono una narrazione figurata della \u201cvita col mare\u201d. Le trentacinque opere esposte, tra dipinti, disegni, incisioni e sculture, sono una campionatura della migliore produzione artistica triestina tra Otto e Novecento.<\/p>\n<p> \tLa mostra, a cura di <strong>Alessandro Del Puppo<\/strong> (docente di Storia dell\u2019arte contemporanea presso l\u2019Universit\u00e0 degli Studi di Udine e curatore della Collana d\u2019Arte della Fondazione), sar\u00e0 visitabile al Museo Car\u00e0 dal 10 settembre al 28 novembre, da marted\u00ec a venerd\u00ec, dalle 17 alle 19, sabato dalle 10 alle 12 e dalle 17 alle 19, domenica e festivi dalle 10 alle 12.<\/p>\n<p> \t\u201cVorrei anzitutto ringraziare &#8211; ha dichiarato il presidente della SVBG <strong>Mitja Gialuz<\/strong> &#8211; la Fondazione CRTrieste per il grande e costante supporto alla Barcolana. Un supporto che ci permette di organizzare eventi aperti a tutta la citt\u00e0 e dedicati a chi ama la Barcolana e il mare. Quest\u2019anno si aggiunge una nuova rotta, quella che vede la Fondazione aprire il proprio caveau portando al pubblico opere legate al tema del mare, rendendole disponibili al pubblico. Si tratta di una scelta importante, perch\u00e9 mostra come da un evento che organizziamo con dedizione si sia creata una forte squadra, capace di andare oltre alla Barcolana stessa. A questo si aggiunge la scelta di organizzare l\u2019evento a Muggia, ampliando il raggio di azione dell\u2019evento, coinvolgendo sempre pi\u00f9 persone e sempre pi\u00f9 luoghi, nel pieno spirito della nostra regata\u201d.<\/p>\n<p> \t\u201cL\u2019esposizione realizzata al Museo Car\u00e0 \u00e8 una delle occasioni di ripartenza della vita culturale dopo il difficile periodo vissuto &#8211; sono le parole del presidente della Fondazione CRTrieste <strong>Tiziana Benussi<\/strong> &#8211; una ripartenza dal mare, elemento essenziale per la vita sia di Trieste che di Muggia. Un\u2019occasione, inoltre, per rendere fruibile al pubblico una selezione delle opere che compongono la Collezione d\u2019Arte della Fondazione. La Fondazione \u00e8 da sempre vicina alla \u201cfesta del mare\u201d che Barcolana rappresenta, contribuendo alla realizzazione della regata che vede coinvolti i pi\u00f9 giovani e le varie iniziative collaterali che arricchiscono il programma dell\u2019evento\u201d.<\/p>\n","protected":false},"excerpt":{"rendered":"<p>Grazie alla collaborazione con Fondazione CRTrieste<\/p>\n","protected":false},"author":28,"featured_media":40184,"comment_status":"closed","ping_status":"closed","sticky":false,"template":"","format":"standard","meta":{"dwc-title":[],"dwc-content":[],"footnotes":""},"categories":[38],"tags":[],"class_list":["post-40183","post","type-post","status-publish","format-standard","has-post-thumbnail","hentry","category-sport"],"rttpg_featured_image_url":{"full":["https:\/\/imagazine.it\/wp-content\/uploads\/2024\/01\/42828-1.webp",1000,692,false],"landscape":["https:\/\/imagazine.it\/wp-content\/uploads\/2024\/01\/42828-1.webp",1000,692,false],"portraits":["https:\/\/imagazine.it\/wp-content\/uploads\/2024\/01\/42828-1.webp",1000,692,false],"thumbnail":["https:\/\/imagazine.it\/wp-content\/uploads\/2024\/01\/42828-1-150x150.webp",150,150,true],"medium":["https:\/\/imagazine.it\/wp-content\/uploads\/2024\/01\/42828-1-300x208.webp",300,208,true],"large":["https:\/\/imagazine.it\/wp-content\/uploads\/2024\/01\/42828-1.webp",640,443,false],"thumblist":["https:\/\/imagazine.it\/wp-content\/uploads\/2024\/01\/42828-1.webp",300,208,false],"thumbrelated":["https:\/\/imagazine.it\/wp-content\/uploads\/2024\/01\/42828-1.webp",500,346,false],"meccarouselthumb":["https:\/\/imagazine.it\/wp-content\/uploads\/2024\/01\/42828-1.webp",468,324,false],"gridsquare":["https:\/\/imagazine.it\/wp-content\/uploads\/2024\/01\/42828-1.webp",376,260,false],"tileview":["https:\/\/imagazine.it\/wp-content\/uploads\/2024\/01\/42828-1.webp",300,208,false],"1536x1536":["https:\/\/imagazine.it\/wp-content\/uploads\/2024\/01\/42828-1.webp",1000,692,false],"2048x2048":["https:\/\/imagazine.it\/wp-content\/uploads\/2024\/01\/42828-1.webp",1000,692,false],"newsup-slider-full":["https:\/\/imagazine.it\/wp-content\/uploads\/2024\/01\/42828-1.webp",1000,692,false],"newsup-featured":["https:\/\/imagazine.it\/wp-content\/uploads\/2024\/01\/42828-1.webp",1000,692,false],"newsup-medium":["https:\/\/imagazine.it\/wp-content\/uploads\/2024\/01\/42828-1-720x380.webp",720,380,true],"tptn_thumbnail":["https:\/\/imagazine.it\/wp-content\/uploads\/2024\/01\/42828-1.webp",250,173,false],"sow-carousel-default":["https:\/\/imagazine.it\/wp-content\/uploads\/2024\/01\/42828-1-272x182.webp",272,182,true]},"rttpg_author":{"display_name":"redazione","author_link":"https:\/\/imagazine.it\/home_desk\/author\/redazione\/"},"rttpg_comment":0,"rttpg_category":"<a href=\"https:\/\/imagazine.it\/home_desk\/category\/sport\/\" rel=\"category tag\">SPORT<\/a>","rttpg_excerpt":"Grazie alla collaborazione con Fondazione CRTrieste","_links":{"self":[{"href":"https:\/\/imagazine.it\/home_desk\/wp-json\/wp\/v2\/posts\/40183","targetHints":{"allow":["GET"]}}],"collection":[{"href":"https:\/\/imagazine.it\/home_desk\/wp-json\/wp\/v2\/posts"}],"about":[{"href":"https:\/\/imagazine.it\/home_desk\/wp-json\/wp\/v2\/types\/post"}],"author":[{"embeddable":true,"href":"https:\/\/imagazine.it\/home_desk\/wp-json\/wp\/v2\/users\/28"}],"replies":[{"embeddable":true,"href":"https:\/\/imagazine.it\/home_desk\/wp-json\/wp\/v2\/comments?post=40183"}],"version-history":[{"count":0,"href":"https:\/\/imagazine.it\/home_desk\/wp-json\/wp\/v2\/posts\/40183\/revisions"}],"wp:featuredmedia":[{"embeddable":true,"href":"https:\/\/imagazine.it\/home_desk\/wp-json\/wp\/v2\/media\/40184"}],"wp:attachment":[{"href":"https:\/\/imagazine.it\/home_desk\/wp-json\/wp\/v2\/media?parent=40183"}],"wp:term":[{"taxonomy":"category","embeddable":true,"href":"https:\/\/imagazine.it\/home_desk\/wp-json\/wp\/v2\/categories?post=40183"},{"taxonomy":"post_tag","embeddable":true,"href":"https:\/\/imagazine.it\/home_desk\/wp-json\/wp\/v2\/tags?post=40183"}],"curies":[{"name":"wp","href":"https:\/\/api.w.org\/{rel}","templated":true}]}}