{"id":40151,"date":"2021-08-27T00:00:00","date_gmt":"2021-08-26T23:00:00","guid":{"rendered":"https:\/\/imagazine.it\/?p=40151"},"modified":"2021-08-27T00:00:00","modified_gmt":"2021-08-26T23:00:00","slug":"musica-e-storia-aquileia-celebra-il-milite-ignoto","status":"publish","type":"post","link":"https:\/\/imagazine.it\/home_desk\/musica-e-storia-aquileia-celebra-il-milite-ignoto\/","title":{"rendered":"Musica e storia, Aquileia celebra il Milite Ignoto"},"content":{"rendered":"<p> \tQuale fu una delle caratteristiche del Milite Ignoto cento anni fa? Fu una delle prime cerimonie civili ove venne \u201ccostruito\u201d lo spirito del sentimento di italianit\u00e0.<\/p>\n<p> \tSulla scia di questa celebrazione dell\u2019identit\u00e0 culturale italiana il <strong>maestro Mauro Maur<\/strong> vuole rendere omaggio a questa poetica con un concerto spettacolo in piazza capitolo ad Aquileia venerd\u00ec 27 agosto alle ore 21.<\/p>\n<p> \tLa prima parte dello spettacolo vedr\u00e0 la commemorazione e l\u2019omaggio al Milite Ignoto; la seconda parte invece sar\u00e0 un omaggio alle celeberrime musiche dei pi\u00f9 grandi compositori per il cinema con i famosi capolavori, alcuni appositamente ideati per la tromba di Mauro Maur.<\/p>\n<p> \tAd accompagnare il maestro Maur ci sar\u00e0 la sua orchestra con la quale eseguir\u00e0 un percorso musicale di brani appositamente selezionati dal suo ricco repertorio e arrangiati per questa preziosa occasione.<\/p>\n<p> \t\u201cSiamo onorati e lieti di avere un cos\u00ec speciale rappresentante della cultura italiana nel mondo per celebrare il genuino spirito di italianit\u00e0 grazie alle iniziative per il centenario del Milite Ignoto ad Aquileia. La tromba del Maestro Maur sapr\u00e0 darci delle fantastiche emozioni\u201d, afferma il sindaco di Aquileia, <strong>Emanuele Zorino<\/strong>.<\/p>\n<p> \tOspite speciale della serata sar\u00e0 la pianista canadese <strong>Fran<\/strong><strong>\u00e7<\/strong><strong>oise de Clossey<\/strong>.<\/p>\n<p> \tMa i grandi appuntamenti in occasione del centenario del Milite Ignoto continueranno anche <strong>sabato 28 agosto<\/strong>. Sempre in <strong>piazza Capitolo<\/strong>, con inizio alle ore 21, <strong>Roberto Giacobbo<\/strong>, ormai da un quinquennio di casa ad Aquileia, e dopo la recente realizzazione di due importanti servizi televisivi per Rete Quattro e Italia Uno dedicati alla citt\u00e0 romana, sar\u00e0 presente per una serata di talk show su questo fondamentale tema nazionale, confermandosi uno sponsor della localit\u00e0 storica di unica importanza in Europa, da cui nel lontano 1921, part\u00ec il feretro con le spoglie del Milite Ignoto per Roma, il pi\u00f9 alto simbolo di storia patria del nostro Paese.<\/p>\n<p> \tDurante la serata &#8211; alla presenza del sindaco <strong>Emanuele Zorino<\/strong> e del critico dell&#39;arte <strong>Giancarlo Bonomo<\/strong> &#8211; saranno ripercorsi i momenti salienti della vicenda, che tiene legata in una solenne unione Aquileia a Roma dalla fine della Grande Guerra.<\/p>\n<p> \tAccompagnamento dell\u2019<strong>associazione<\/strong> <strong>musicale San Paolino di Aquileia<\/strong>, che eseguir\u00e0 in divise dell&#39;epoca della Prima guerra mondiale pezzi musicali storici del tempo. Conduzione di <strong>Giampaolo Costanzo<\/strong>.<\/p>\n","protected":false},"excerpt":{"rendered":"<p>Doppio appuntamento in piazza Capitolo<\/p>\n","protected":false},"author":28,"featured_media":40152,"comment_status":"closed","ping_status":"closed","sticky":false,"template":"","format":"standard","meta":{"dwc-title":[],"dwc-content":[],"footnotes":""},"categories":[37],"tags":[],"class_list":["post-40151","post","type-post","status-publish","format-standard","has-post-thumbnail","hentry","category-cultura-e-spettacolo"],"rttpg_featured_image_url":{"full":["https:\/\/imagazine.it\/wp-content\/uploads\/2024\/01\/42723-1.webp",768,581,false],"landscape":["https:\/\/imagazine.it\/wp-content\/uploads\/2024\/01\/42723-1.webp",768,581,false],"portraits":["https:\/\/imagazine.it\/wp-content\/uploads\/2024\/01\/42723-1.webp",768,581,false],"thumbnail":["https:\/\/imagazine.it\/wp-content\/uploads\/2024\/01\/42723-1-150x150.webp",150,150,true],"medium":["https:\/\/imagazine.it\/wp-content\/uploads\/2024\/01\/42723-1-300x227.webp",300,227,true],"large":["https:\/\/imagazine.it\/wp-content\/uploads\/2024\/01\/42723-1.webp",640,484,false],"thumblist":["https:\/\/imagazine.it\/wp-content\/uploads\/2024\/01\/42723-1.webp",300,227,false],"thumbrelated":["https:\/\/imagazine.it\/wp-content\/uploads\/2024\/01\/42723-1.webp",500,378,false],"meccarouselthumb":["https:\/\/imagazine.it\/wp-content\/uploads\/2024\/01\/42723-1.webp",428,324,false],"gridsquare":["https:\/\/imagazine.it\/wp-content\/uploads\/2024\/01\/42723-1.webp",344,260,false],"tileview":["https:\/\/imagazine.it\/wp-content\/uploads\/2024\/01\/42723-1.webp",300,227,false],"1536x1536":["https:\/\/imagazine.it\/wp-content\/uploads\/2024\/01\/42723-1.webp",768,581,false],"2048x2048":["https:\/\/imagazine.it\/wp-content\/uploads\/2024\/01\/42723-1.webp",768,581,false],"newsup-slider-full":["https:\/\/imagazine.it\/wp-content\/uploads\/2024\/01\/42723-1.webp",768,581,false],"newsup-featured":["https:\/\/imagazine.it\/wp-content\/uploads\/2024\/01\/42723-1.webp",768,581,false],"newsup-medium":["https:\/\/imagazine.it\/wp-content\/uploads\/2024\/01\/42723-1-720x380.webp",720,380,true],"tptn_thumbnail":["https:\/\/imagazine.it\/wp-content\/uploads\/2024\/01\/42723-1.webp",250,189,false],"sow-carousel-default":["https:\/\/imagazine.it\/wp-content\/uploads\/2024\/01\/42723-1-272x182.webp",272,182,true]},"rttpg_author":{"display_name":"redazione","author_link":"https:\/\/imagazine.it\/home_desk\/author\/redazione\/"},"rttpg_comment":0,"rttpg_category":"<a href=\"https:\/\/imagazine.it\/home_desk\/category\/cultura-e-spettacolo\/\" rel=\"category tag\">CULTURA&amp;SPETTACOLO<\/a>","rttpg_excerpt":"Doppio appuntamento in piazza Capitolo","_links":{"self":[{"href":"https:\/\/imagazine.it\/home_desk\/wp-json\/wp\/v2\/posts\/40151","targetHints":{"allow":["GET"]}}],"collection":[{"href":"https:\/\/imagazine.it\/home_desk\/wp-json\/wp\/v2\/posts"}],"about":[{"href":"https:\/\/imagazine.it\/home_desk\/wp-json\/wp\/v2\/types\/post"}],"author":[{"embeddable":true,"href":"https:\/\/imagazine.it\/home_desk\/wp-json\/wp\/v2\/users\/28"}],"replies":[{"embeddable":true,"href":"https:\/\/imagazine.it\/home_desk\/wp-json\/wp\/v2\/comments?post=40151"}],"version-history":[{"count":0,"href":"https:\/\/imagazine.it\/home_desk\/wp-json\/wp\/v2\/posts\/40151\/revisions"}],"wp:featuredmedia":[{"embeddable":true,"href":"https:\/\/imagazine.it\/home_desk\/wp-json\/wp\/v2\/media\/40152"}],"wp:attachment":[{"href":"https:\/\/imagazine.it\/home_desk\/wp-json\/wp\/v2\/media?parent=40151"}],"wp:term":[{"taxonomy":"category","embeddable":true,"href":"https:\/\/imagazine.it\/home_desk\/wp-json\/wp\/v2\/categories?post=40151"},{"taxonomy":"post_tag","embeddable":true,"href":"https:\/\/imagazine.it\/home_desk\/wp-json\/wp\/v2\/tags?post=40151"}],"curies":[{"name":"wp","href":"https:\/\/api.w.org\/{rel}","templated":true}]}}