{"id":40149,"date":"2021-08-27T00:00:00","date_gmt":"2021-08-26T23:00:00","guid":{"rendered":"https:\/\/imagazine.it\/?p=40149"},"modified":"2021-08-27T00:00:00","modified_gmt":"2021-08-26T23:00:00","slug":"disinfestazione-dalle-zanzare-nuovi-interventi-a-gorizia","status":"publish","type":"post","link":"https:\/\/imagazine.it\/home_desk\/disinfestazione-dalle-zanzare-nuovi-interventi-a-gorizia\/","title":{"rendered":"Disinfestazione dalle zanzare, nuovi interventi a Gorizia"},"content":{"rendered":"<p> \tRiparte la campagna di disinfestazione dalle zanzare nelle aree verdi di <strong>Gorizia<\/strong>.<\/p>\n<p> \tIl secondo ciclo dell\u2019intervento, che segue quello eseguito a inizio mese, inizier\u00e0 nella serata di <strong>luned\u00ec 30 agosto<\/strong> e toccher\u00e0 complessivamente <strong>18 aree tra spazi verdi, giardini e parchi gioco<\/strong>, e <strong>30 scuole della citt\u00e0<\/strong>.<\/p>\n<p> \tLa prima tranche del trattamento si concentrer\u00e0 nelle aree verdi del centro e delle zone periferiche, in particolare <strong>dopo le ore 22 di luned\u00ec, marted\u00ec e mercoled\u00ec della prossima settimana<\/strong>. In caso di maltempo, la disinfestazione sar\u00e0 rinviata alle serate successive.<\/p>\n<p> \tGli interventi nelle scuole saranno invece concentrati <strong>tra luned\u00ec 6 e gioved\u00ec 9 settembre<\/strong>, in questo caso gi\u00e0 dal pomeriggio.<\/p>\n<p> \tIl Comune raccomanda ai cittadini che vivono nei pressi delle aree interessate dagli interventi di tenere chiuse le finestre e di non lasciare biancheria stesa all\u2019esterno. Inoltre, si consiglia di adottare tutti gli accorgimenti necessari per tutelare la salute dei propri animali.\u00a0<\/p>\n<p> \tLe aree verdi interessate dal trattamento sono quelle dei <strong>Giardini pubblici<\/strong>, compreso il verde di via Cadorna, <strong>parco della Rimembranza<\/strong>, <strong>parco del palazzo Municipale<\/strong>, <strong>parchi Marvin e Bolaffio di Sant\u2019Anna<\/strong>, <strong>giardini di via Udine<\/strong> a Lucinico, le <strong>aree verdi di Straccis<\/strong> (via Brigata Pavia, fronte chiesa), <strong>Campagnuzza<\/strong> (piazza Fiume e campo Fabretto), <strong>Montesanto<\/strong> (parco giochi di via Rocca), <strong>Baiamonti<\/strong> e <strong>via Cipriani<\/strong>, il <strong>parco del Castello<\/strong> compresi i bastioni, le aree verdi della <strong>casa di riposo Culot<\/strong> e i <strong>centri anziani Sinigaglia e di via Campagnuzza<\/strong>, del <strong>centro Lenassi<\/strong> e del <strong>Polivalente<\/strong>, oltre ai giardini di asili nido, scuole materne, scuole primarie e scuole medie della citt\u00e0.<\/p>\n","protected":false},"excerpt":{"rendered":"<p>Dal 30 agosto<\/p>\n","protected":false},"author":28,"featured_media":40150,"comment_status":"closed","ping_status":"closed","sticky":false,"template":"","format":"standard","meta":{"dwc-title":[],"dwc-content":[],"footnotes":""},"categories":[5],"tags":[],"class_list":["post-40149","post","type-post","status-publish","format-standard","has-post-thumbnail","hentry","category-attualita"],"rttpg_featured_image_url":{"full":["https:\/\/imagazine.it\/wp-content\/uploads\/2024\/01\/42722-1.webp",1280,847,false],"landscape":["https:\/\/imagazine.it\/wp-content\/uploads\/2024\/01\/42722-1.webp",1280,847,false],"portraits":["https:\/\/imagazine.it\/wp-content\/uploads\/2024\/01\/42722-1.webp",1280,847,false],"thumbnail":["https:\/\/imagazine.it\/wp-content\/uploads\/2024\/01\/42722-1-150x150.webp",150,150,true],"medium":["https:\/\/imagazine.it\/wp-content\/uploads\/2024\/01\/42722-1-300x199.webp",300,199,true],"large":["https:\/\/imagazine.it\/wp-content\/uploads\/2024\/01\/42722-1-1024x678.webp",640,424,true],"thumblist":["https:\/\/imagazine.it\/wp-content\/uploads\/2024\/01\/42722-1.webp",300,199,false],"thumbrelated":["https:\/\/imagazine.it\/wp-content\/uploads\/2024\/01\/42722-1.webp",500,331,false],"meccarouselthumb":["https:\/\/imagazine.it\/wp-content\/uploads\/2024\/01\/42722-1.webp",474,314,false],"gridsquare":["https:\/\/imagazine.it\/wp-content\/uploads\/2024\/01\/42722-1.webp",391,260,false],"tileview":["https:\/\/imagazine.it\/wp-content\/uploads\/2024\/01\/42722-1.webp",300,199,false],"1536x1536":["https:\/\/imagazine.it\/wp-content\/uploads\/2024\/01\/42722-1.webp",1280,847,false],"2048x2048":["https:\/\/imagazine.it\/wp-content\/uploads\/2024\/01\/42722-1.webp",1280,847,false],"newsup-slider-full":["https:\/\/imagazine.it\/wp-content\/uploads\/2024\/01\/42722-1-1280x720.webp",1280,720,true],"newsup-featured":["https:\/\/imagazine.it\/wp-content\/uploads\/2024\/01\/42722-1-1024x678.webp",1024,678,true],"newsup-medium":["https:\/\/imagazine.it\/wp-content\/uploads\/2024\/01\/42722-1-720x380.webp",720,380,true],"tptn_thumbnail":["https:\/\/imagazine.it\/wp-content\/uploads\/2024\/01\/42722-1.webp",250,165,false],"sow-carousel-default":["https:\/\/imagazine.it\/wp-content\/uploads\/2024\/01\/42722-1-272x182.webp",272,182,true]},"rttpg_author":{"display_name":"redazione","author_link":"https:\/\/imagazine.it\/home_desk\/author\/redazione\/"},"rttpg_comment":0,"rttpg_category":"<a href=\"https:\/\/imagazine.it\/home_desk\/category\/attualita\/\" rel=\"category tag\">ATTUALIT\u00c0<\/a>","rttpg_excerpt":"Dal 30 agosto","_links":{"self":[{"href":"https:\/\/imagazine.it\/home_desk\/wp-json\/wp\/v2\/posts\/40149","targetHints":{"allow":["GET"]}}],"collection":[{"href":"https:\/\/imagazine.it\/home_desk\/wp-json\/wp\/v2\/posts"}],"about":[{"href":"https:\/\/imagazine.it\/home_desk\/wp-json\/wp\/v2\/types\/post"}],"author":[{"embeddable":true,"href":"https:\/\/imagazine.it\/home_desk\/wp-json\/wp\/v2\/users\/28"}],"replies":[{"embeddable":true,"href":"https:\/\/imagazine.it\/home_desk\/wp-json\/wp\/v2\/comments?post=40149"}],"version-history":[{"count":0,"href":"https:\/\/imagazine.it\/home_desk\/wp-json\/wp\/v2\/posts\/40149\/revisions"}],"wp:featuredmedia":[{"embeddable":true,"href":"https:\/\/imagazine.it\/home_desk\/wp-json\/wp\/v2\/media\/40150"}],"wp:attachment":[{"href":"https:\/\/imagazine.it\/home_desk\/wp-json\/wp\/v2\/media?parent=40149"}],"wp:term":[{"taxonomy":"category","embeddable":true,"href":"https:\/\/imagazine.it\/home_desk\/wp-json\/wp\/v2\/categories?post=40149"},{"taxonomy":"post_tag","embeddable":true,"href":"https:\/\/imagazine.it\/home_desk\/wp-json\/wp\/v2\/tags?post=40149"}],"curies":[{"name":"wp","href":"https:\/\/api.w.org\/{rel}","templated":true}]}}