{"id":40133,"date":"2021-08-17T00:00:00","date_gmt":"2021-08-16T23:00:00","guid":{"rendered":"https:\/\/imagazine.it\/?p=40133"},"modified":"2021-08-17T00:00:00","modified_gmt":"2021-08-16T23:00:00","slug":"cividale-visite-guidate-alla-collezione-famiglia-de-martiis","status":"publish","type":"post","link":"https:\/\/imagazine.it\/home_desk\/cividale-visite-guidate-alla-collezione-famiglia-de-martiis\/","title":{"rendered":"Cividale, visite guidate alla Collezione famiglia De Martiis"},"content":{"rendered":"<p> \tDue giovani studiose accoglieranno a <strong>Cividale del Friuli<\/strong> i visitatori a <strong>Palazzo de Nordis<\/strong> a porte chiuse, tutti i venerd\u00ec alle 18, per guidarli nelle sale dove \u00e8 allestita la <strong>Collezione famiglia de Martiis<\/strong>: un percorso riservato a un piccolo gruppo (massimo 20 persone) per una passeggiata d\u2019arte in mezzo alla bellezza e ai capolavori esposti (dagli italiani che hanno partecipato alla Biennale di Venezia dopo il 1948 a di Iorio, da Vasarely a Karel Appel, da Pignon a Matta fino all\u2019avanguardia russa degli anni Venti).<\/p>\n<p> \tIl primo appuntamento \u00e8 per venerd\u00ec 27 agosto; l\u2019iniziativa proseguir\u00e0 tutti i venerd\u00ec di settembre.<\/p>\n<p> \tLa nuova proposta ideata dal Comune di Cividale del Friuli intende creare un rapporto pi\u00f9 intimo con la collezione, una maggiore condivisione di esperienza e conoscenza.<\/p>\n<p> \t\u201cRaccontare la storia di ogni opera e dell\u2019artista che l\u2019ha creata, spiegarla con professionalit\u00e0 e competenza, accompagnare il visitatore in un percorso conoscitivo riservato \u2013 spiega <strong>Angela Zappulla<\/strong>, delegata alla cultura per il Comune &#8211; sono i primi passi di promozione che ci proponiamo di perseguire iniziando dal servizio di visita guidata. La splendida Collezione De Martiis, gi\u00e0 aperta gratuitamente per tutti il gioved\u00ec pomeriggio, con le visite ad hoc potr\u00e0 essere vissuta in maniera ancora pi\u00f9 approfondita. Dopo i lunghi mesi di chiusura a causa dell\u2019emergenza sanitaria, finalmente adesso Palazzo de Nordis pu\u00f2 essere promosso anche con iniziative mirate e nel pieno rispetto della normativa\u201d.<\/p>\n<p> \t<em>La visita guidata avr\u00e0 una durata <\/em>dai 60 ai 90 minuti. \u201cLa visita \u00e8 gratuita ed \u00e8 offerta dal Comune \u2013 spiega la Zappulla \u2013 \u00e8 richiesto il pagamento del solo <em>biglietto d\u2019ingresso\u201d (<\/em><em>\u201cInteri\u201d euro 10;<\/em> \u201cRidotto Adulti\u201d per Gruppi di adulti con almeno 15 persone, over 65.nni euro 8; \u201cRidotto Ragazzi\u201d euro 5 per ragazzi da anni 8 fino a 18, studenti fino al 25\u00b0 anno di et\u00e0, non studenti in et\u00e0 compresa fra 18 e 25 anni, gruppi scolastici con almeno 15 persone: \u00e8 prevista la gratuit\u00e0 per l\u2019accompagnatore; gratis per ragazzi under 8 anni, possessori FVG CARD, portatori di handicap e accompagnatore).<\/p>\n<p> \tLa <strong>prenotazione \u00e8 obbligatoria<\/strong> presso la biglietteria della Collezione famiglia de Martiis &#8211; Palazzo de Nordis tel. 0432-710357 dal luned\u00ec al venerd\u00ec 10:00 &#8211; 13:00 e 15:00-18:00; sabato e domenica 10:00-18:00. L\u2019accesso alla Collezione avverr\u00e0 con green pass, mascherina e distanziamento di legge.<\/p>\n","protected":false},"excerpt":{"rendered":"<p>Dal 27 agosto<\/p>\n","protected":false},"author":28,"featured_media":40134,"comment_status":"closed","ping_status":"closed","sticky":false,"template":"","format":"standard","meta":{"dwc-title":[],"dwc-content":[],"footnotes":""},"categories":[37],"tags":[],"class_list":["post-40133","post","type-post","status-publish","format-standard","has-post-thumbnail","hentry","category-cultura-e-spettacolo"],"rttpg_featured_image_url":{"full":["https:\/\/imagazine.it\/wp-content\/uploads\/2024\/01\/42469-1.webp",1000,597,false],"landscape":["https:\/\/imagazine.it\/wp-content\/uploads\/2024\/01\/42469-1.webp",1000,597,false],"portraits":["https:\/\/imagazine.it\/wp-content\/uploads\/2024\/01\/42469-1.webp",1000,597,false],"thumbnail":["https:\/\/imagazine.it\/wp-content\/uploads\/2024\/01\/42469-1-150x150.webp",150,150,true],"medium":["https:\/\/imagazine.it\/wp-content\/uploads\/2024\/01\/42469-1-300x179.webp",300,179,true],"large":["https:\/\/imagazine.it\/wp-content\/uploads\/2024\/01\/42469-1.webp",640,382,false],"thumblist":["https:\/\/imagazine.it\/wp-content\/uploads\/2024\/01\/42469-1.webp",300,179,false],"thumbrelated":["https:\/\/imagazine.it\/wp-content\/uploads\/2024\/01\/42469-1.webp",500,299,false],"meccarouselthumb":["https:\/\/imagazine.it\/wp-content\/uploads\/2024\/01\/42469-1.webp",474,283,false],"gridsquare":["https:\/\/imagazine.it\/wp-content\/uploads\/2024\/01\/42469-1.webp",391,233,false],"tileview":["https:\/\/imagazine.it\/wp-content\/uploads\/2024\/01\/42469-1.webp",300,179,false],"1536x1536":["https:\/\/imagazine.it\/wp-content\/uploads\/2024\/01\/42469-1.webp",1000,597,false],"2048x2048":["https:\/\/imagazine.it\/wp-content\/uploads\/2024\/01\/42469-1.webp",1000,597,false],"newsup-slider-full":["https:\/\/imagazine.it\/wp-content\/uploads\/2024\/01\/42469-1.webp",1000,597,false],"newsup-featured":["https:\/\/imagazine.it\/wp-content\/uploads\/2024\/01\/42469-1.webp",1000,597,false],"newsup-medium":["https:\/\/imagazine.it\/wp-content\/uploads\/2024\/01\/42469-1-720x380.webp",720,380,true],"tptn_thumbnail":["https:\/\/imagazine.it\/wp-content\/uploads\/2024\/01\/42469-1.webp",250,149,false],"sow-carousel-default":["https:\/\/imagazine.it\/wp-content\/uploads\/2024\/01\/42469-1-272x182.webp",272,182,true]},"rttpg_author":{"display_name":"redazione","author_link":"https:\/\/imagazine.it\/home_desk\/author\/redazione\/"},"rttpg_comment":0,"rttpg_category":"<a href=\"https:\/\/imagazine.it\/home_desk\/category\/cultura-e-spettacolo\/\" rel=\"category tag\">CULTURA&amp;SPETTACOLO<\/a>","rttpg_excerpt":"Dal 27 agosto","_links":{"self":[{"href":"https:\/\/imagazine.it\/home_desk\/wp-json\/wp\/v2\/posts\/40133","targetHints":{"allow":["GET"]}}],"collection":[{"href":"https:\/\/imagazine.it\/home_desk\/wp-json\/wp\/v2\/posts"}],"about":[{"href":"https:\/\/imagazine.it\/home_desk\/wp-json\/wp\/v2\/types\/post"}],"author":[{"embeddable":true,"href":"https:\/\/imagazine.it\/home_desk\/wp-json\/wp\/v2\/users\/28"}],"replies":[{"embeddable":true,"href":"https:\/\/imagazine.it\/home_desk\/wp-json\/wp\/v2\/comments?post=40133"}],"version-history":[{"count":0,"href":"https:\/\/imagazine.it\/home_desk\/wp-json\/wp\/v2\/posts\/40133\/revisions"}],"wp:featuredmedia":[{"embeddable":true,"href":"https:\/\/imagazine.it\/home_desk\/wp-json\/wp\/v2\/media\/40134"}],"wp:attachment":[{"href":"https:\/\/imagazine.it\/home_desk\/wp-json\/wp\/v2\/media?parent=40133"}],"wp:term":[{"taxonomy":"category","embeddable":true,"href":"https:\/\/imagazine.it\/home_desk\/wp-json\/wp\/v2\/categories?post=40133"},{"taxonomy":"post_tag","embeddable":true,"href":"https:\/\/imagazine.it\/home_desk\/wp-json\/wp\/v2\/tags?post=40133"}],"curies":[{"name":"wp","href":"https:\/\/api.w.org\/{rel}","templated":true}]}}