{"id":40131,"date":"2021-08-16T00:00:00","date_gmt":"2021-08-15T23:00:00","guid":{"rendered":"https:\/\/imagazine.it\/?p=40131"},"modified":"2021-08-16T00:00:00","modified_gmt":"2021-08-15T23:00:00","slug":"vaccini-in-fvg-dosi-senza-prenotazioni-per-fascia-12-18","status":"publish","type":"post","link":"https:\/\/imagazine.it\/home_desk\/vaccini-in-fvg-dosi-senza-prenotazioni-per-fascia-12-18\/","title":{"rendered":"Vaccini, in FVG dosi senza prenotazioni per fascia 12-18"},"content":{"rendered":"<p> \tDa oggi anche in Friuli Venezia Giulia, i giovani dai 12 ai 18 anni avranno una corsia preferenziale per la vaccinazione anti Covid-19 e potranno accedere anche senza preventiva prenotazione, se pur quest&#39;ultima resta comunque preferibile per evitare disagi.<\/p>\n<p> \tA darne conto \u00e8 il vicegovernatore con delega alla Salute, <strong>Riccardo Riccardi<\/strong>, a seguito dell&#39;ultima direttiva del commissario straordinario Francesco Paolo Figliuolo con cui indica alle Regioni la predisposizione di corsie preferenziali per l&#39;immunizzazione dei pi\u00f9 giovani.<\/p>\n<p> \t\u201cLa misura \u00e8 orientata a dare impulso alla campagna vaccinale per questa fascia d&#39;et\u00e0 &#8211; ha spiegato Riccardi -; risulta particolarmente importante incrementare la copertura della vaccinazione nei giovani in vista dell&#39;apertura delle scuole e dell&#39;avvio della prossima stagione sportiva&#8221;.<\/p>\n<p> \tAlla luce delle indicazioni, le offerte vaccinali delle tre Aziende sanitarie prevedono delle integrazioni con date e orari diversi a seconda del territorio di appartenenza.<\/p>\n<p> \tNel dettaglio, l&#39;Azienda sanitaria universitaria Friuli Centrale (Asufc) organizza posti su prenotazione da oggi all&#39;hub vaccinale all&#39;<strong>Ente<\/strong> <strong>Fiera a Martignacco<\/strong>, a <strong>Gemona del Friuli <\/strong>nel centro Le manifatture e all&#39;ospedale di <strong>Palmanova<\/strong>, mentre prevede posti ad accesso diretto nella sede gemonese Le manifatture fra le ore 12 e le 13 nelle giornate del 19, 20, 23, 24, 25, 26 e 27 agosto e nell&#39;Ente Fiera a Martignacco nella fascia oraria 18-19 il 19, 20, 23 e 27 agosto.<\/p>\n<p> \tAnche nell&#39;Azienda sanitaria universitaria Giuliano Isontina (Asugi) da oggi la popolazione della fascia di et\u00e0 compresa fra i 12 e i 18 anni avr\u00e0 corsie preferenziali per la somministrazione del vaccino. Ferma restando la possibilit\u00e0 di accedere liberamente in alcune sedi &#8211; solo per la somministrazione della prima dose &#8211; viene consigliata la prenotazione per questioni organizzative, al fine di evitare assembramenti e per garantire l&#39;erogazione della prestazione.<\/p>\n<p> \tLe sedi in cui \u00e8 possibile l&#39;accesso diretto sono, per l&#39;area giuliana: <strong>Trieste Molo IV<\/strong> (solo oggi e domani 17 agosto) e la <strong>Centrale Idrodinamica in Porto Vecchio<\/strong>. Per l&#39;area isontina: <strong>Ronchi dei Legionari<\/strong> al Palasport Armando Filiput in via Roma, <strong>Monfalcone<\/strong> al Centro anziani in via Fontanot 43 e <strong>Gorizia<\/strong> all&#39;Ente Fiera in via della Barca 15.<\/p>\n<p> \tInfine, l&#39;Azienda sanitaria Friuli occidentale (Asfo) ha programmato da questa settimana un&#39;offerta aggiuntiva di posti dedicati ai giovani fra 12 e 18 anni in tutte le sedi vaccinali aziendali e garantir\u00e0 l&#39;accesso diretto ai ragazzi rientranti in quella fascia che si presenteranno fra le 8.30 e le 8.45 dal 18 al 28 agosto compreso in Fiera a <strong>Pordenone<\/strong>.<\/p>\n<p> \tViene consigliata comunque la prenotazione tramite gli usuali canali webapp, Cup, call center, farmacie e online sul portale <u><a href=\"https:\/\/vaccinazioni-anticovid19.sanita.fvg.it\/prenotazione\/\" target=\"_blank\" rel=\"noopener\"><span style=\"color:#0000ff;\">https:\/\/vaccinazioni-anticovid19.sanita.fvg.it\/prenotazione\/<\/span><\/a><\/u>.<\/p>\n","protected":false},"excerpt":{"rendered":"<p>Al via da oggi<\/p>\n","protected":false},"author":28,"featured_media":40132,"comment_status":"closed","ping_status":"closed","sticky":false,"template":"","format":"standard","meta":{"dwc-title":[],"dwc-content":[],"footnotes":""},"categories":[5],"tags":[],"class_list":["post-40131","post","type-post","status-publish","format-standard","has-post-thumbnail","hentry","category-attualita"],"rttpg_featured_image_url":{"full":["https:\/\/imagazine.it\/wp-content\/uploads\/2024\/01\/42463-1.webp",1000,719,false],"landscape":["https:\/\/imagazine.it\/wp-content\/uploads\/2024\/01\/42463-1.webp",1000,719,false],"portraits":["https:\/\/imagazine.it\/wp-content\/uploads\/2024\/01\/42463-1.webp",1000,719,false],"thumbnail":["https:\/\/imagazine.it\/wp-content\/uploads\/2024\/01\/42463-1-150x150.webp",150,150,true],"medium":["https:\/\/imagazine.it\/wp-content\/uploads\/2024\/01\/42463-1-300x216.webp",300,216,true],"large":["https:\/\/imagazine.it\/wp-content\/uploads\/2024\/01\/42463-1.webp",640,460,false],"thumblist":["https:\/\/imagazine.it\/wp-content\/uploads\/2024\/01\/42463-1.webp",300,216,false],"thumbrelated":["https:\/\/imagazine.it\/wp-content\/uploads\/2024\/01\/42463-1.webp",500,360,false],"meccarouselthumb":["https:\/\/imagazine.it\/wp-content\/uploads\/2024\/01\/42463-1.webp",451,324,false],"gridsquare":["https:\/\/imagazine.it\/wp-content\/uploads\/2024\/01\/42463-1.webp",362,260,false],"tileview":["https:\/\/imagazine.it\/wp-content\/uploads\/2024\/01\/42463-1.webp",300,216,false],"1536x1536":["https:\/\/imagazine.it\/wp-content\/uploads\/2024\/01\/42463-1.webp",1000,719,false],"2048x2048":["https:\/\/imagazine.it\/wp-content\/uploads\/2024\/01\/42463-1.webp",1000,719,false],"newsup-slider-full":["https:\/\/imagazine.it\/wp-content\/uploads\/2024\/01\/42463-1.webp",1000,719,false],"newsup-featured":["https:\/\/imagazine.it\/wp-content\/uploads\/2024\/01\/42463-1.webp",1000,719,false],"newsup-medium":["https:\/\/imagazine.it\/wp-content\/uploads\/2024\/01\/42463-1-720x380.webp",720,380,true],"tptn_thumbnail":["https:\/\/imagazine.it\/wp-content\/uploads\/2024\/01\/42463-1.webp",250,180,false],"sow-carousel-default":["https:\/\/imagazine.it\/wp-content\/uploads\/2024\/01\/42463-1-272x182.webp",272,182,true]},"rttpg_author":{"display_name":"redazione","author_link":"https:\/\/imagazine.it\/home_desk\/author\/redazione\/"},"rttpg_comment":0,"rttpg_category":"<a href=\"https:\/\/imagazine.it\/home_desk\/category\/attualita\/\" rel=\"category tag\">ATTUALIT\u00c0<\/a>","rttpg_excerpt":"Al via da oggi","_links":{"self":[{"href":"https:\/\/imagazine.it\/home_desk\/wp-json\/wp\/v2\/posts\/40131","targetHints":{"allow":["GET"]}}],"collection":[{"href":"https:\/\/imagazine.it\/home_desk\/wp-json\/wp\/v2\/posts"}],"about":[{"href":"https:\/\/imagazine.it\/home_desk\/wp-json\/wp\/v2\/types\/post"}],"author":[{"embeddable":true,"href":"https:\/\/imagazine.it\/home_desk\/wp-json\/wp\/v2\/users\/28"}],"replies":[{"embeddable":true,"href":"https:\/\/imagazine.it\/home_desk\/wp-json\/wp\/v2\/comments?post=40131"}],"version-history":[{"count":0,"href":"https:\/\/imagazine.it\/home_desk\/wp-json\/wp\/v2\/posts\/40131\/revisions"}],"wp:featuredmedia":[{"embeddable":true,"href":"https:\/\/imagazine.it\/home_desk\/wp-json\/wp\/v2\/media\/40132"}],"wp:attachment":[{"href":"https:\/\/imagazine.it\/home_desk\/wp-json\/wp\/v2\/media?parent=40131"}],"wp:term":[{"taxonomy":"category","embeddable":true,"href":"https:\/\/imagazine.it\/home_desk\/wp-json\/wp\/v2\/categories?post=40131"},{"taxonomy":"post_tag","embeddable":true,"href":"https:\/\/imagazine.it\/home_desk\/wp-json\/wp\/v2\/tags?post=40131"}],"curies":[{"name":"wp","href":"https:\/\/api.w.org\/{rel}","templated":true}]}}