{"id":40129,"date":"2021-08-16T00:00:00","date_gmt":"2021-08-15T23:00:00","guid":{"rendered":"https:\/\/imagazine.it\/?p=40129"},"modified":"2021-08-16T00:00:00","modified_gmt":"2021-08-15T23:00:00","slug":"la-trinita-dellumano-risuona-a-pordenone","status":"publish","type":"post","link":"https:\/\/imagazine.it\/home_desk\/la-trinita-dellumano-risuona-a-pordenone\/","title":{"rendered":"La Trinit\u00e0 dell&#8217;umano risuona a Pordenone"},"content":{"rendered":"<p> \tAl via la <strong>29^ edizione del Festival Internazionale di Musica Sacra <\/strong>di<strong> Pordenone, <\/strong>che riparte lungo un filo rosso triennale dedicato <strong>a \u201cTrinitas. Trinit\u00e0 dell\u2019umano\u201d<\/strong>. Promosso come sempre da<strong> PEC &#8211; Presenza e Cultura<\/strong> con il <strong>CICP \u2013 Centro Iniziative Culturali di Pordenone, curato dai direttori artistici Franco Calabretto e Eddi De Nadai,<\/strong> il Festival arriva al traguardo con <strong>un cartellone di sei concerti internazionali dedicati all\u2019esplorazione del \u201cPater\u201d, prima figura iconica prescelta del percorso triennale. <\/strong><\/p>\n<p> \t\u00abL&#39;ispirazione di tutto il programma triennale del Festival si richiama al <strong>concetto di Trinit\u00e0<\/strong>, sacro pur nella sua radice umanissima di Padre, Madre e Figlio. Un riferimento senza dubbio alla Bibbia ebraico-cristiana, in cui il Padre \u00e8 l&#39;iniziatore di ogni cosa; ma anche richiamo alle altre religioni\u00bb ha spiegato<strong> Luciano Padovese <\/strong>presidente di Presenza e Cultura.<\/p>\n<p> \t\u00abConfermiamo le <strong>due principali novit\u00e0 della 29^ edizione del Festival<\/strong> &#8211; sottolinea <strong>Maria Francesca Vassallo<\/strong> presidente CICP -. L\u2019adesione a <em>Italiafestival<\/em>, rete nazionale che include i pi\u00f9 importanti festival italiani, sotto gli auspici dell\u2019AGIS, e l\u2019ingresso fra i progetti triennali sostenuti dalla regione Friuli Venezia Giulia: all\u2019inizio dell\u2019autunno prender\u00e0 infatti avvio il secondo programma del progetto triennale dedicato a \u201cMater<em>\u201d<\/em>.<\/p>\n<p> \t\u00abIl <em>fil rouge<\/em> che lega i concerti in cartellone &#8211; spiegano i direttori artistici<strong> Franco Calabretto e Eddi De Nadai <\/strong>&#8211;\u00a0 abbraccia dunque la figura del Dio Padre: come <strong>il progetto realizzato dal trio lituano Canto Fiorito, incentrato sulla musica devozionale del primo \u2018600<\/strong>; o <strong>come il concerto corale, diretto da Mirko Guadagnini,<\/strong> dedicato al Te Deum (Scarlatti ed altri). Oppure <strong>altre figure di Padre, come Sant\u2019Agostino, Padre della Chiesa,<\/strong> cui \u00e8 dedicato il concerto dell\u2019ensemble milanese Virgo Vox; <strong>Johann Sebastian Bach, padre della musica<\/strong>, cui \u00e8 dedicato il programma del miglior partecipante alla masterclass di organo 2020. <strong>Il programma elaborato da Odhecaton Ensemble e dedicato al canto aquileiese patriarchino<\/strong>, e c\u2019\u00e8 poi <strong>un progetto originale affidato a Simone Cristicchi<\/strong>. Il noto cantautore ha da sempre manifestato una forte componente di <em>humanitas<\/em> nel suo lavoro; pi\u00f9 recentemente, di profonda spiritualit\u00e0, anche grazie ad un percorso fatto di riflessione e di incontri speciali. <strong>Uno di questi incontri si chiama Padre Benedetto, del monastero ortodosso di De<\/strong><strong>\u010d<\/strong><strong>ani,<\/strong> in Kosovo, testimone diretto della grande tragedia balcanica e protagonista eroico di iniziative di rinascita e resilienza\u00bb.<\/p>\n<p> \tTutti i concerti, tranne quello del 12 settembre a suggello della masterclass 2020 di organo, si svolgeranno nel Duomo Concattedrale San Marco di Pordenone, con inizio alle 20.30. Il programma sul nuovo sito <u><a data-saferedirecturl=\"https:\/\/www.google.com\/url?q=http:\/\/musicapordenone.it&#038;source=gmail&#038;ust=1629184903373000&#038;usg=AFQjCNHm4ZEwgc-QKjheVtc-Gz3EuUdVmg\" href=\"http:\/\/musicapordenone.it\" target=\"_blank\" rel=\"noopener\"><span style=\"color:#0000ff;\">musicapordenone.it<\/span><\/a><\/u> che include tutti i progetti musicali promossi dal Centro culturale Casa Zanussi con CICP e PEC.<\/p>\n<p> \t<strong>Si parte marted\u00ec 31 agosto con l\u2019ensemble lituano Canto Fiorito Vilnius<\/strong>, che aprir\u00e0 la prestigiosa sequenza di concerti internazionali con la <strong>produzione \u201cDeus, deus meus\u201d, <\/strong>affidata al mezzosoprano<strong> Renata Dubinskaite<\/strong>, affiancata dal musicista e direttore artistico <strong>Rodrigo Calveyra<\/strong>, cornetto e flauto dolce, e dall\u2019organista <strong>Davide Pozzi<\/strong>. Un programma dedicato alla musica italiana della prima met\u00e0 del Seicento \u2013 il secolo \u2018barocco\u2019 &#8211; e incentrato sulla devozione alla figura di Dio Padre Creatore. L\u2019Ensemble Canto Fiorito raccoglie specialisti della musica antica provenienti da tutta Europa, <strong>Renata Dubinskaite dal 2010 si esibisce costantemente nel &#8220;Duo Barocco&#8221; e insieme all&#39;Ensemble della Filarmonica Nazionale Lituana &#8220;Musica Humana&#8221;,<\/strong> \u00e8 la vincitrice della Vinc\u0117 Jonu\u0161kait\u0117-Zaunien\u0117 Singers Competition. <strong>Venerd\u00ec 3 settembre di scena il progetto <em>Patriarcharum concentus<\/em> dedicato al canto aquileiese patriarchino a cura<\/strong> di <strong>Odhecaton Ensemble<\/strong> in rete con <strong>Chamber Music Trieste<\/strong> e <strong>Accademia di Studi Pianistici \u201cAntonio Ricci\u201d<\/strong> di Udine, per la direzione di <strong>Paolo Da Col<\/strong>: il concerto offrir\u00e0 un\u2019esemplificazione della ricchezza di linguaggi e forme musicali \u00a0&#8211; discanti, mottetti, inni, sequenze, madrigali \u2026 &#8211; praticate tra XV e XVI secolo <strong>nella vasta area del Patriarcato<\/strong>, luogo di incontro di lingue e culture diverse e di scambi di conoscenze. Diverse caratteristiche renderanno speciale il concerto del 3 settembre: innanzitutto <strong>la serata sar\u00e0 accessibile anche in streaming sulle pagine facebook del Centro Culturale Casa Zanussi di Pordenone e di Italiafestival<\/strong>; l\u2019evento sar\u00e0 inoltre tappa del prestigioso network nazionale \u201c<strong>Estate all\u2019Italiana Festival 2021<\/strong>\u201d e sar\u00e0 proposta musicale speciale ad integrazione del <strong>Forum istituzionale Eurofestival@fvg<\/strong><em>,<\/em> promosso con Mittelfest e Italiafestival.<\/p>\n<p> \t<strong>Si prosegue venerd\u00ec 10 settembre con il tributo al Padre della Chiesa Sant\u2019Agostino, cui \u00e8 dedicato il concerto \u201cConfessio\u201d dell\u2019ensemble milanese Virgo Vox<\/strong>, formazione femminile a cappella di eccezionale levatura artistica. In un percorso musicale che attraversa l\u2019Europa contemporanea e molteplici testi della Scrittura biblica e della liturgia cattolica, <strong>Virgo Vox<\/strong>, riprende i punti salienti del viaggio filosofico, spirituale e umano di Sant\u2019Agostino.<\/p>\n<p> \t<strong>Domenica 12 settembre, alle 18.00, appuntamento a Spilimbergo nella Chiesa dei SS. Giuseppe e Pantaleone, dove\u00a0si svolger\u00e0 il Concerto di Valerio Simonini, partecipante alla Masterclass di organo di Elisabeth Zawadke, dedicato a Johann Sebastian Bach<\/strong>, Padre della Musica Europea. Un programma dedicato a musiche prevalentemente del XIX e XX secolo, tratte dalla vastissima letteratura sviluppatasi attorno all\u2019opera grandiosa di Bach. <strong>Mercoled\u00ec 22 settembre riflettori sull\u2019\u201dInno al Padre\u201d dei Madrigalisti di Intende Voci, diretti da Mirko Guadagnini. <\/strong>Un appassionante percorso attraverso tre secoli di storia della musica in cui si accosta la polifonia del XVII secolo a quella del XX secolo. <strong>Gran finale, mercoled\u00ec 29 settembre, con la produzione \u201cCome gigli nel campo. Storie ordinarie di miracoli\u201d, che vedr\u00e0 protagonisti l\u2019artista Simone Cristicchi, voce e chitarra, e il religioso Otac Benedikt, Padre Benedetto, <\/strong>monaco ortodosso presso il Monastero di De\u010dan<strong>. <\/strong>A Pordenone intrecceranno un dialogo di musica e parole, per capire dove trovare la forza per uscire dall\u2019inferno verso un cammino di speranza e di rinascita\u00bb. Un viaggio di musica e parole alla scoperta del Kosovo, con storie di Re che diventano Santi, e di corpi che diventano merce. Storie di candele al miele, e discariche invisibili. Storie di eremiti e criminali. Storie di donne vendute su cataloghi, e di piccoli geni della matematica scoperti in paesini sperduti. Storie di monasteri presidiati dall&#39;esercito per pericolo di attentati terroristici. Storie di pogrom, di chiese date alle fiamme, di affreschi millenari cancellati per sempre, e di una memoria storica che resiste alla barbarie. <strong>Storie ordinarie di miracoli<\/strong>.<\/p>\n","protected":false},"excerpt":{"rendered":"<p>Dal 31 agosto al 29 settembre<\/p>\n","protected":false},"author":28,"featured_media":40130,"comment_status":"closed","ping_status":"closed","sticky":false,"template":"","format":"standard","meta":{"dwc-title":[],"dwc-content":[],"footnotes":""},"categories":[37],"tags":[],"class_list":["post-40129","post","type-post","status-publish","format-standard","has-post-thumbnail","hentry","category-cultura-e-spettacolo"],"rttpg_featured_image_url":{"full":["https:\/\/imagazine.it\/wp-content\/uploads\/2024\/01\/42461-1.webp",1000,663,false],"landscape":["https:\/\/imagazine.it\/wp-content\/uploads\/2024\/01\/42461-1.webp",1000,663,false],"portraits":["https:\/\/imagazine.it\/wp-content\/uploads\/2024\/01\/42461-1.webp",1000,663,false],"thumbnail":["https:\/\/imagazine.it\/wp-content\/uploads\/2024\/01\/42461-1-150x150.webp",150,150,true],"medium":["https:\/\/imagazine.it\/wp-content\/uploads\/2024\/01\/42461-1-300x199.webp",300,199,true],"large":["https:\/\/imagazine.it\/wp-content\/uploads\/2024\/01\/42461-1.webp",640,424,false],"thumblist":["https:\/\/imagazine.it\/wp-content\/uploads\/2024\/01\/42461-1.webp",300,199,false],"thumbrelated":["https:\/\/imagazine.it\/wp-content\/uploads\/2024\/01\/42461-1.webp",500,332,false],"meccarouselthumb":["https:\/\/imagazine.it\/wp-content\/uploads\/2024\/01\/42461-1.webp",474,314,false],"gridsquare":["https:\/\/imagazine.it\/wp-content\/uploads\/2024\/01\/42461-1.webp",391,260,false],"tileview":["https:\/\/imagazine.it\/wp-content\/uploads\/2024\/01\/42461-1.webp",300,199,false],"1536x1536":["https:\/\/imagazine.it\/wp-content\/uploads\/2024\/01\/42461-1.webp",1000,663,false],"2048x2048":["https:\/\/imagazine.it\/wp-content\/uploads\/2024\/01\/42461-1.webp",1000,663,false],"newsup-slider-full":["https:\/\/imagazine.it\/wp-content\/uploads\/2024\/01\/42461-1.webp",1000,663,false],"newsup-featured":["https:\/\/imagazine.it\/wp-content\/uploads\/2024\/01\/42461-1.webp",1000,663,false],"newsup-medium":["https:\/\/imagazine.it\/wp-content\/uploads\/2024\/01\/42461-1-720x380.webp",720,380,true],"tptn_thumbnail":["https:\/\/imagazine.it\/wp-content\/uploads\/2024\/01\/42461-1.webp",250,166,false],"sow-carousel-default":["https:\/\/imagazine.it\/wp-content\/uploads\/2024\/01\/42461-1-272x182.webp",272,182,true]},"rttpg_author":{"display_name":"redazione","author_link":"https:\/\/imagazine.it\/home_desk\/author\/redazione\/"},"rttpg_comment":0,"rttpg_category":"<a href=\"https:\/\/imagazine.it\/home_desk\/category\/cultura-e-spettacolo\/\" rel=\"category tag\">CULTURA&amp;SPETTACOLO<\/a>","rttpg_excerpt":"Dal 31 agosto al 29 settembre","_links":{"self":[{"href":"https:\/\/imagazine.it\/home_desk\/wp-json\/wp\/v2\/posts\/40129","targetHints":{"allow":["GET"]}}],"collection":[{"href":"https:\/\/imagazine.it\/home_desk\/wp-json\/wp\/v2\/posts"}],"about":[{"href":"https:\/\/imagazine.it\/home_desk\/wp-json\/wp\/v2\/types\/post"}],"author":[{"embeddable":true,"href":"https:\/\/imagazine.it\/home_desk\/wp-json\/wp\/v2\/users\/28"}],"replies":[{"embeddable":true,"href":"https:\/\/imagazine.it\/home_desk\/wp-json\/wp\/v2\/comments?post=40129"}],"version-history":[{"count":0,"href":"https:\/\/imagazine.it\/home_desk\/wp-json\/wp\/v2\/posts\/40129\/revisions"}],"wp:featuredmedia":[{"embeddable":true,"href":"https:\/\/imagazine.it\/home_desk\/wp-json\/wp\/v2\/media\/40130"}],"wp:attachment":[{"href":"https:\/\/imagazine.it\/home_desk\/wp-json\/wp\/v2\/media?parent=40129"}],"wp:term":[{"taxonomy":"category","embeddable":true,"href":"https:\/\/imagazine.it\/home_desk\/wp-json\/wp\/v2\/categories?post=40129"},{"taxonomy":"post_tag","embeddable":true,"href":"https:\/\/imagazine.it\/home_desk\/wp-json\/wp\/v2\/tags?post=40129"}],"curies":[{"name":"wp","href":"https:\/\/api.w.org\/{rel}","templated":true}]}}