{"id":40127,"date":"2021-08-16T00:00:00","date_gmt":"2021-08-15T23:00:00","guid":{"rendered":"https:\/\/imagazine.it\/?p=40127"},"modified":"2021-08-16T00:00:00","modified_gmt":"2021-08-15T23:00:00","slug":"rinasce-a-casarsa-il-circolo-fotografico-f64","status":"publish","type":"post","link":"https:\/\/imagazine.it\/home_desk\/rinasce-a-casarsa-il-circolo-fotografico-f64\/","title":{"rendered":"Rinasce a Casarsa il Circolo Fotografico F64"},"content":{"rendered":"<p> \tRinasce a <strong>Casarsa della Delizia<\/strong>, dopo 45 anni dalla sua prima fondazione, il <strong>Circolo Fotografico F64<\/strong>: un pezzo di storia della comunit\u00e0 che torna attivo entrando nella grande famiglia dei gruppi tematici della <strong>Pro Casarsa della Delizia<\/strong>.<\/p>\n<p> \tIl Circolo di fotoamatori nacque a Casarsa nel 1976 da un gruppo di giovani amanti della fotografia con l&#39;obiettivo di diffondere la fotografia come momento\u00a0culturale\u00a0e\u00a0sociale, di promuovere e partecipare a mostre, concorsi fotografici, incontri e altre iniziative pertinenti con l\u2019arte fotografica. Prosegu\u00ec la sua attivit\u00e0 per una decina d\u2019anni diventando a livello locale un punto di aggregazione per quei giovani che nella loro opera s&#39;ispiravano all&#39;arte dei grandi maestri dell&#39;epoca, a partire dal punto di riferimento rappresentato da Elio Ciol.<\/p>\n<p> \t\u201cE proprio in occasione dell&#39;attuale mostra fotografica di Elio Ciol \u201c<em>Respiri di viaggio<\/em>\u201d a Casarsa della Delizia &#8211; hanno spiegato\u00a0<strong>Giuliano\u00a0Novello<\/strong>\u00a0e <strong>Gianni Stefanon<\/strong>, due dei fondatori del Circolo &#8211; ci siamo ritrovati e abbiamo deciso che quell\u2019attivit\u00e0 che avevamo iniziato nel lontano 1976 e che poi si era interrotta nel 1986, poteva essere ripresa. E cos\u00ec, grazie al presidente Antonio Tesolin ora il Circolo pu\u00f2 contare sul supporto della Pro Loco locale e ha una sua sede. Siamo pronti a ripartire, coinvolgendo i fotoamatori di oggi che vogliano collaborare con noi\u201d.<\/p>\n<p> \t\u201cSiamo felici di dare una casa al Circolo Fotografico F64 &#8211; ha aggiunto il presidente della Pro Casarsa della Delizia, <strong>Antonio Tesolin<\/strong> &#8211; e siamo sicuri che insieme potremmo organizzare tante belle iniziative e promuovere la cultura, l&#39;arte e un nuovo tipo di turismo legato alla fotografia qui a Casarsa della Delizia\u201d.<\/p>\n<p> \tIl Circolo si rivolge a tutti gli appassionati di fotografia che potranno aderire al gruppo di fotoamatori. Per avere maggiori informazioni, telefonare ai numeri 0434 871031 o 3387874972.<\/p>\n","protected":false},"excerpt":{"rendered":"<p>Grazie alla collaborazione con la Pro Loco<\/p>\n","protected":false},"author":28,"featured_media":40128,"comment_status":"closed","ping_status":"closed","sticky":false,"template":"","format":"standard","meta":{"dwc-title":[],"dwc-content":[],"footnotes":""},"categories":[5],"tags":[],"class_list":["post-40127","post","type-post","status-publish","format-standard","has-post-thumbnail","hentry","category-attualita"],"rttpg_featured_image_url":{"full":["https:\/\/imagazine.it\/wp-content\/uploads\/2024\/01\/42456-1.webp",1000,701,false],"landscape":["https:\/\/imagazine.it\/wp-content\/uploads\/2024\/01\/42456-1.webp",1000,701,false],"portraits":["https:\/\/imagazine.it\/wp-content\/uploads\/2024\/01\/42456-1.webp",1000,701,false],"thumbnail":["https:\/\/imagazine.it\/wp-content\/uploads\/2024\/01\/42456-1-150x150.webp",150,150,true],"medium":["https:\/\/imagazine.it\/wp-content\/uploads\/2024\/01\/42456-1-300x210.webp",300,210,true],"large":["https:\/\/imagazine.it\/wp-content\/uploads\/2024\/01\/42456-1.webp",640,449,false],"thumblist":["https:\/\/imagazine.it\/wp-content\/uploads\/2024\/01\/42456-1.webp",300,210,false],"thumbrelated":["https:\/\/imagazine.it\/wp-content\/uploads\/2024\/01\/42456-1.webp",500,351,false],"meccarouselthumb":["https:\/\/imagazine.it\/wp-content\/uploads\/2024\/01\/42456-1.webp",462,324,false],"gridsquare":["https:\/\/imagazine.it\/wp-content\/uploads\/2024\/01\/42456-1.webp",371,260,false],"tileview":["https:\/\/imagazine.it\/wp-content\/uploads\/2024\/01\/42456-1.webp",300,210,false],"1536x1536":["https:\/\/imagazine.it\/wp-content\/uploads\/2024\/01\/42456-1.webp",1000,701,false],"2048x2048":["https:\/\/imagazine.it\/wp-content\/uploads\/2024\/01\/42456-1.webp",1000,701,false],"newsup-slider-full":["https:\/\/imagazine.it\/wp-content\/uploads\/2024\/01\/42456-1.webp",1000,701,false],"newsup-featured":["https:\/\/imagazine.it\/wp-content\/uploads\/2024\/01\/42456-1.webp",1000,701,false],"newsup-medium":["https:\/\/imagazine.it\/wp-content\/uploads\/2024\/01\/42456-1-720x380.webp",720,380,true],"tptn_thumbnail":["https:\/\/imagazine.it\/wp-content\/uploads\/2024\/01\/42456-1.webp",250,175,false],"sow-carousel-default":["https:\/\/imagazine.it\/wp-content\/uploads\/2024\/01\/42456-1-272x182.webp",272,182,true]},"rttpg_author":{"display_name":"redazione","author_link":"https:\/\/imagazine.it\/home_desk\/author\/redazione\/"},"rttpg_comment":0,"rttpg_category":"<a href=\"https:\/\/imagazine.it\/home_desk\/category\/attualita\/\" rel=\"category tag\">ATTUALIT\u00c0<\/a>","rttpg_excerpt":"Grazie alla collaborazione con la Pro Loco","_links":{"self":[{"href":"https:\/\/imagazine.it\/home_desk\/wp-json\/wp\/v2\/posts\/40127","targetHints":{"allow":["GET"]}}],"collection":[{"href":"https:\/\/imagazine.it\/home_desk\/wp-json\/wp\/v2\/posts"}],"about":[{"href":"https:\/\/imagazine.it\/home_desk\/wp-json\/wp\/v2\/types\/post"}],"author":[{"embeddable":true,"href":"https:\/\/imagazine.it\/home_desk\/wp-json\/wp\/v2\/users\/28"}],"replies":[{"embeddable":true,"href":"https:\/\/imagazine.it\/home_desk\/wp-json\/wp\/v2\/comments?post=40127"}],"version-history":[{"count":0,"href":"https:\/\/imagazine.it\/home_desk\/wp-json\/wp\/v2\/posts\/40127\/revisions"}],"wp:featuredmedia":[{"embeddable":true,"href":"https:\/\/imagazine.it\/home_desk\/wp-json\/wp\/v2\/media\/40128"}],"wp:attachment":[{"href":"https:\/\/imagazine.it\/home_desk\/wp-json\/wp\/v2\/media?parent=40127"}],"wp:term":[{"taxonomy":"category","embeddable":true,"href":"https:\/\/imagazine.it\/home_desk\/wp-json\/wp\/v2\/categories?post=40127"},{"taxonomy":"post_tag","embeddable":true,"href":"https:\/\/imagazine.it\/home_desk\/wp-json\/wp\/v2\/tags?post=40127"}],"curies":[{"name":"wp","href":"https:\/\/api.w.org\/{rel}","templated":true}]}}