{"id":40113,"date":"2021-08-13T00:00:00","date_gmt":"2021-08-12T23:00:00","guid":{"rendered":"https:\/\/imagazine.it\/?p=40113"},"modified":"2021-08-13T00:00:00","modified_gmt":"2021-08-12T23:00:00","slug":"gorizia-no-al-pagamento-tari-per-le-categorie-esentate","status":"publish","type":"post","link":"https:\/\/imagazine.it\/home_desk\/gorizia-no-al-pagamento-tari-per-le-categorie-esentate\/","title":{"rendered":"Gorizia, no al pagamento TARI per le categorie esentate"},"content":{"rendered":"<p> \tIl protrarsi della crisi economica provocata dal Covid-19 che ha penalizzato, in particolare, alcune attivit\u00e0 ha indotto il Comune di <strong>Gorizia<\/strong> a ridurre la <strong>Tari<\/strong> (tassa sui rifiuti) e, in alcuni casi, a esentare completamente dal pagamento alcune categorie particolarmente penalizzate per dare loro un sostegno.<\/p>\n<p> \tIl <u><a href=\"http:\/\/file:\/\/\/C:\/Users\/Utente\/AppData\/Local\/Temp\/ATTOCON[1.1].rtf.pdf\" target=\"_blank\" rel=\"noopener\"><span style=\"color:#0000ff;\">Consiglio comunale ha deliberato<\/span><\/a><\/u> di ridurre la tariffa della parte variabile per ristoranti, trattorie, osterie, pizzerie, pub, bar, caff\u00e8, pasticceria e di ridurre sia la variabile sia la fissa di mense, birrerie, hamburgherie, attivit\u00e0 artigianali tipo botteghe, parrucchiere, barbiere, estetista, alberghi senza ristorante, campeggi, impianti sportivi, musei, biblioteche, scuole e alcuni tipi di associazione.<\/p>\n<p> \tIl Comune invita quindi le attivit\u00e0 per le quali \u00e8 prevista la riduzione sia per la quota fissa che per la quota variabile a <strong>non procedere con il pagamento degli avvisi bonari (di acconto) gi\u00e0 inviati<\/strong> e nel caso fosse gi\u00e0 stato effettuato qualche versamento l\u2019utente potr\u00e0 presentare la domanda di rimborso a seguito dell\u2019emissione della bollettazione a conguaglio di fine anno a cui verr\u00e0 data adeguata informazione.<\/p>\n<p> \tPer quanto riguarda le attivit\u00e0 per le quali \u00e8 prevista la riduzione della sola quota variabile, si pu\u00f2 procedere al pagamento della sola prima rata di acconto e con la bollettazione del saldo di fine anno verr\u00e0 calcolato il conguaglio.<\/p>\n","protected":false},"excerpt":{"rendered":"<p>Dopo la delibera del Consiglio comunale<\/p>\n","protected":false},"author":28,"featured_media":40114,"comment_status":"closed","ping_status":"closed","sticky":false,"template":"","format":"standard","meta":{"dwc-title":[],"dwc-content":[],"footnotes":""},"categories":[5],"tags":[],"class_list":["post-40113","post","type-post","status-publish","format-standard","has-post-thumbnail","hentry","category-attualita"],"rttpg_featured_image_url":{"full":["https:\/\/imagazine.it\/wp-content\/uploads\/2024\/01\/42398-1.webp",512,311,false],"landscape":["https:\/\/imagazine.it\/wp-content\/uploads\/2024\/01\/42398-1.webp",512,311,false],"portraits":["https:\/\/imagazine.it\/wp-content\/uploads\/2024\/01\/42398-1.webp",512,311,false],"thumbnail":["https:\/\/imagazine.it\/wp-content\/uploads\/2024\/01\/42398-1-150x150.webp",150,150,true],"medium":["https:\/\/imagazine.it\/wp-content\/uploads\/2024\/01\/42398-1-300x182.webp",300,182,true],"large":["https:\/\/imagazine.it\/wp-content\/uploads\/2024\/01\/42398-1.webp",512,311,false],"thumblist":["https:\/\/imagazine.it\/wp-content\/uploads\/2024\/01\/42398-1.webp",300,182,false],"thumbrelated":["https:\/\/imagazine.it\/wp-content\/uploads\/2024\/01\/42398-1.webp",500,304,false],"meccarouselthumb":["https:\/\/imagazine.it\/wp-content\/uploads\/2024\/01\/42398-1.webp",474,288,false],"gridsquare":["https:\/\/imagazine.it\/wp-content\/uploads\/2024\/01\/42398-1.webp",391,238,false],"tileview":["https:\/\/imagazine.it\/wp-content\/uploads\/2024\/01\/42398-1.webp",300,182,false],"1536x1536":["https:\/\/imagazine.it\/wp-content\/uploads\/2024\/01\/42398-1.webp",512,311,false],"2048x2048":["https:\/\/imagazine.it\/wp-content\/uploads\/2024\/01\/42398-1.webp",512,311,false],"newsup-slider-full":["https:\/\/imagazine.it\/wp-content\/uploads\/2024\/01\/42398-1.webp",512,311,false],"newsup-featured":["https:\/\/imagazine.it\/wp-content\/uploads\/2024\/01\/42398-1.webp",512,311,false],"newsup-medium":["https:\/\/imagazine.it\/wp-content\/uploads\/2024\/01\/42398-1.webp",512,311,false],"tptn_thumbnail":["https:\/\/imagazine.it\/wp-content\/uploads\/2024\/01\/42398-1.webp",250,152,false],"sow-carousel-default":["https:\/\/imagazine.it\/wp-content\/uploads\/2024\/01\/42398-1-272x182.webp",272,182,true]},"rttpg_author":{"display_name":"redazione","author_link":"https:\/\/imagazine.it\/home_desk\/author\/redazione\/"},"rttpg_comment":0,"rttpg_category":"<a href=\"https:\/\/imagazine.it\/home_desk\/category\/attualita\/\" rel=\"category tag\">ATTUALIT\u00c0<\/a>","rttpg_excerpt":"Dopo la delibera del Consiglio comunale","_links":{"self":[{"href":"https:\/\/imagazine.it\/home_desk\/wp-json\/wp\/v2\/posts\/40113","targetHints":{"allow":["GET"]}}],"collection":[{"href":"https:\/\/imagazine.it\/home_desk\/wp-json\/wp\/v2\/posts"}],"about":[{"href":"https:\/\/imagazine.it\/home_desk\/wp-json\/wp\/v2\/types\/post"}],"author":[{"embeddable":true,"href":"https:\/\/imagazine.it\/home_desk\/wp-json\/wp\/v2\/users\/28"}],"replies":[{"embeddable":true,"href":"https:\/\/imagazine.it\/home_desk\/wp-json\/wp\/v2\/comments?post=40113"}],"version-history":[{"count":0,"href":"https:\/\/imagazine.it\/home_desk\/wp-json\/wp\/v2\/posts\/40113\/revisions"}],"wp:featuredmedia":[{"embeddable":true,"href":"https:\/\/imagazine.it\/home_desk\/wp-json\/wp\/v2\/media\/40114"}],"wp:attachment":[{"href":"https:\/\/imagazine.it\/home_desk\/wp-json\/wp\/v2\/media?parent=40113"}],"wp:term":[{"taxonomy":"category","embeddable":true,"href":"https:\/\/imagazine.it\/home_desk\/wp-json\/wp\/v2\/categories?post=40113"},{"taxonomy":"post_tag","embeddable":true,"href":"https:\/\/imagazine.it\/home_desk\/wp-json\/wp\/v2\/tags?post=40113"}],"curies":[{"name":"wp","href":"https:\/\/api.w.org\/{rel}","templated":true}]}}