{"id":40109,"date":"2021-08-13T00:00:00","date_gmt":"2021-08-12T23:00:00","guid":{"rendered":"https:\/\/imagazine.it\/?p=40109"},"modified":"2021-08-13T00:00:00","modified_gmt":"2021-08-12T23:00:00","slug":"covid-in-fvg-contagiato-lo-012-dei-vaccinati","status":"publish","type":"post","link":"https:\/\/imagazine.it\/home_desk\/covid-in-fvg-contagiato-lo-012-dei-vaccinati\/","title":{"rendered":"Covid, in FVG contagiato lo 0,12% dei vaccinati"},"content":{"rendered":"<p> \tIn Friuli Venezia Giulia delle <strong>607.878 persone<\/strong> che hanno completato il ciclo vaccinale da almeno due settimane <strong>712<\/strong>, ovvero lo 0,12%, si \u00e8 ammalata di Covid-19 e <strong>51 <\/strong>di loro, ovvero lo 0,008%, hanno avuto necessita di cure ospedaliere. Di queste ultime, 44 sono state ricoverate in reparti Covid e 7, quindi circa una su centomila, hanno avuto necessit\u00e0 della terapia intensiva.<\/p>\n<p> \tLo ha comunicato oggi il vicegovernatore del delega alla Salute <strong>Riccardo Riccardi<\/strong> commentando i dati aggiornati al 12 agosto della diffusione del coronavirus tra i soggetti vaccinati.<\/p>\n<p> \t&#8220;Analizzando la situazione nello specifico emerge chiaramente l&#39;adeguatezza di tutti i tipi di vaccino impiegati nella nostra regione &#8211; ha spiegato Riccardi -. Il vaccino \u00e8 quindi l&#39;arma che ci permetter\u00e0 di vincere la lunga battaglia contro il Covid e, nel breve periodo, \u00e8 l&#39;unico strumento per riappropriarci degli spazi di libert\u00e0 che il virus ci ha sottratto&#8221;.<\/p>\n<p> \tIn base ai dati, 631 persone delle 426.169 alle quali \u00e8 stato inoculato il siero Pfizer-BioNTech hanno contratto il Covid-19 (lo 0,15%); su 100.270 vaccinati con AstraZeneca i contagi sono stati 42 (lo 0,04%); nel caso di Moderna 17 su 58.018 (lo 0,03%) e per Johnson &#038; Johnson (Janssen) 22 su 23.412 (lo 0,09%).<\/p>\n<p> \tPer quanto riguarda le ospedalizzazioni, tra le persone che hanno avuto necessit\u00e0 di ricovero 44 sono state vaccinate con siero Pfizer-BioNTech (lo 0,01% sul totale degli immunizzati); una con vaccino AstraZeneca (lo 0,001%); 2 con Moderna (lo 0,003%) e 4 con Johnson &#038; Johnson (Janssen) (lo 0,017%).<\/p>\n<p> \tRiccardi ha rimarcato che &#8220;solo 7 persone delle 607.878 vaccinate sono state ricoverate in terapia intensiva: di queste 6 hanno ricevuto il siero Pfizer\/BioNTech e una quello Johnson &#038; Johnson. Numeri lampanti che dimostrano l&#39;importanza del vaccino per ricominciare a vivere in sicurezza. Auspichiamo quindi che questi dati convincano gli indecisi ad aderire alla campagna vaccinale&#8221;.<\/p>\n","protected":false},"excerpt":{"rendered":"<p>La conferma del vicegovernatore Riccardi<\/p>\n","protected":false},"author":28,"featured_media":40110,"comment_status":"closed","ping_status":"closed","sticky":false,"template":"","format":"standard","meta":{"dwc-title":[],"dwc-content":[],"footnotes":""},"categories":[5],"tags":[],"class_list":["post-40109","post","type-post","status-publish","format-standard","has-post-thumbnail","hentry","category-attualita"],"rttpg_featured_image_url":{"full":["https:\/\/imagazine.it\/wp-content\/uploads\/2024\/01\/42396-1.webp",750,486,false],"landscape":["https:\/\/imagazine.it\/wp-content\/uploads\/2024\/01\/42396-1.webp",750,486,false],"portraits":["https:\/\/imagazine.it\/wp-content\/uploads\/2024\/01\/42396-1.webp",750,486,false],"thumbnail":["https:\/\/imagazine.it\/wp-content\/uploads\/2024\/01\/42396-1-150x150.webp",150,150,true],"medium":["https:\/\/imagazine.it\/wp-content\/uploads\/2024\/01\/42396-1-300x194.webp",300,194,true],"large":["https:\/\/imagazine.it\/wp-content\/uploads\/2024\/01\/42396-1.webp",640,415,false],"thumblist":["https:\/\/imagazine.it\/wp-content\/uploads\/2024\/01\/42396-1.webp",300,194,false],"thumbrelated":["https:\/\/imagazine.it\/wp-content\/uploads\/2024\/01\/42396-1.webp",500,324,false],"meccarouselthumb":["https:\/\/imagazine.it\/wp-content\/uploads\/2024\/01\/42396-1.webp",474,307,false],"gridsquare":["https:\/\/imagazine.it\/wp-content\/uploads\/2024\/01\/42396-1.webp",391,253,false],"tileview":["https:\/\/imagazine.it\/wp-content\/uploads\/2024\/01\/42396-1.webp",300,194,false],"1536x1536":["https:\/\/imagazine.it\/wp-content\/uploads\/2024\/01\/42396-1.webp",750,486,false],"2048x2048":["https:\/\/imagazine.it\/wp-content\/uploads\/2024\/01\/42396-1.webp",750,486,false],"newsup-slider-full":["https:\/\/imagazine.it\/wp-content\/uploads\/2024\/01\/42396-1.webp",750,486,false],"newsup-featured":["https:\/\/imagazine.it\/wp-content\/uploads\/2024\/01\/42396-1.webp",750,486,false],"newsup-medium":["https:\/\/imagazine.it\/wp-content\/uploads\/2024\/01\/42396-1-720x380.webp",720,380,true],"tptn_thumbnail":["https:\/\/imagazine.it\/wp-content\/uploads\/2024\/01\/42396-1.webp",250,162,false],"sow-carousel-default":["https:\/\/imagazine.it\/wp-content\/uploads\/2024\/01\/42396-1-272x182.webp",272,182,true]},"rttpg_author":{"display_name":"redazione","author_link":"https:\/\/imagazine.it\/home_desk\/author\/redazione\/"},"rttpg_comment":0,"rttpg_category":"<a href=\"https:\/\/imagazine.it\/home_desk\/category\/attualita\/\" rel=\"category tag\">ATTUALIT\u00c0<\/a>","rttpg_excerpt":"La conferma del vicegovernatore Riccardi","_links":{"self":[{"href":"https:\/\/imagazine.it\/home_desk\/wp-json\/wp\/v2\/posts\/40109","targetHints":{"allow":["GET"]}}],"collection":[{"href":"https:\/\/imagazine.it\/home_desk\/wp-json\/wp\/v2\/posts"}],"about":[{"href":"https:\/\/imagazine.it\/home_desk\/wp-json\/wp\/v2\/types\/post"}],"author":[{"embeddable":true,"href":"https:\/\/imagazine.it\/home_desk\/wp-json\/wp\/v2\/users\/28"}],"replies":[{"embeddable":true,"href":"https:\/\/imagazine.it\/home_desk\/wp-json\/wp\/v2\/comments?post=40109"}],"version-history":[{"count":0,"href":"https:\/\/imagazine.it\/home_desk\/wp-json\/wp\/v2\/posts\/40109\/revisions"}],"wp:featuredmedia":[{"embeddable":true,"href":"https:\/\/imagazine.it\/home_desk\/wp-json\/wp\/v2\/media\/40110"}],"wp:attachment":[{"href":"https:\/\/imagazine.it\/home_desk\/wp-json\/wp\/v2\/media?parent=40109"}],"wp:term":[{"taxonomy":"category","embeddable":true,"href":"https:\/\/imagazine.it\/home_desk\/wp-json\/wp\/v2\/categories?post=40109"},{"taxonomy":"post_tag","embeddable":true,"href":"https:\/\/imagazine.it\/home_desk\/wp-json\/wp\/v2\/tags?post=40109"}],"curies":[{"name":"wp","href":"https:\/\/api.w.org\/{rel}","templated":true}]}}