{"id":40107,"date":"2021-08-13T00:00:00","date_gmt":"2021-08-12T23:00:00","guid":{"rendered":"https:\/\/imagazine.it\/?p=40107"},"modified":"2021-08-13T00:00:00","modified_gmt":"2021-08-12T23:00:00","slug":"gorizia-bando-per-la-nuova-gestione-del-canile","status":"publish","type":"post","link":"https:\/\/imagazine.it\/home_desk\/gorizia-bando-per-la-nuova-gestione-del-canile\/","title":{"rendered":"Gorizia, bando per la nuova gestione del Canile"},"content":{"rendered":"<p> \tSaper collaborare con le associazioni animaliste, mantenere la struttura quanto pi\u00f9 possibile aperta sia internamente sia al pubblico per consentire agli animali di interagire sia fra loro sia con le persone e riuscire a far superare al cane il trauma dell\u2019abbandono.\u00a0<\/p>\n<p> \tSono alcuni degli obiettivi contenuti nella manifestazione d\u2019interesse\u00a0che il <strong>Comune di Gorizia<\/strong> ha pubblicato in questi giorni, sul proprio sito, per scegliere l\u2019associazione di volontari che gestir\u00e0 il Canile comunale nel prossimo futuro, visto che la convenzione attuale con \u201cLa cuccia\u201d scadr\u00e0 il <strong>31 agosto<\/strong>.<\/p>\n<p> \tCome riportato nell\u2019avviso, l\u2019ente intende procedere all\u2019affidamento dell\u2019attivit\u00e0 di gestione del canile comunale sotto la direzione del Servizio Tutela dell\u2019Ambiente e Problematiche degli Animali del Comune di Gorizia mediante convenzione con un\u2019organizzazione di volontariato iscritta al registro regionale delle associazioni ed eventualmente con raggruppamenti temporanei, anche se non ancora costituiti, tra organizzazioni di volontariato o associazioni di promozione sociale regolarmente iscritte nei rispettivi registri regionali, in forma di Associazioni temporanee di scopo a condizione che almeno il soggetto mandatario sia in possesso dei requisiti richiesti.\u00a0<\/p>\n<p> \tSi potr\u00e0 partecipare alla <strong>manifestazione di interesse entro il 29 agosto<\/strong>.<\/p>\n<p> \tChi si aggiudicher\u00e0 il servizio ricever\u00e0 un <strong>rimborso annuale di 57.000 euro<\/strong>, reiterabili per ulteriori tre anni in caso di rinnovo della convenzione. Nell\u2019atto vengono indicati in 21 punti le attivit\u00e0 che l\u2019associazione incaricata dovr\u00e0 svolgere: si va dalla custodia e mantenimento all\u2019assistenza medico-veterinaria, dalla cura e pulizia dei ricoveri alla pratica di quotidiani esercizi di sgambatura e gioco.\u00a0<\/p>\n<p> \tUn punto specifico riguarda la promozione e l\u2019affidamento degli animali per favorire la ricollocazione presso privati che diano garanzia di buon trattamento.<\/p>\n<p> \t\u201cA tal proposito \u2013 recita il bando \u2013 la struttura convenzionata \u00e8 aperta al pubblico per almeno due ore al giorno e per almeno 4 giorni alla settimana, compreso il luned\u00ec e il sabato; nel periodo estivo l\u2019apertura al pubblico deve protrarsi anche dopo le 18\u201d.<\/p>\n<p> \tQuest\u2019ultimo concetto viene ribadito nella parte riservata agli obiettivi in cui si evidenzia che \u201cil canile non deve essere inteso esclusivamente come luogo finalizzato alla custodia e al mantenimento degli animali, deve essere anche un ambiente rivolto alla socialit\u00e0 in cui ogni animale ha la possibilit\u00e0 di ricevere cibo e cure, di giocare e interagire con i propri simili e con le persone. Uno degli obiettivi primari deve essere quello di impedire che i cani ospitati rimangano troppo a lungo o per tutta la vita nei box e che la cittadinanza si avvicini al canile quale luogo di informazione e formazione\u201d.<\/p>\n<p> \tInoltre i concorrenti dovranno specificare come intendono organizzare l\u2019attivit\u00e0 in relazione al riconoscimento delle capacit\u00e0 e delle attitudini dei propri operatori e con l\u2019assegnazione di responsabilit\u00e0 precise, anche in relazione alle norme di sicurezza sul lavoro perch\u00e9 \u201cil personale che opera all\u2019interno di un canile deve essere non solo qualificato e formato, ma anche altamente motivato in quanto il loro lavoro pu\u00f2 essere molto gratificante solo se esiste un coinvolgimento nei confronti degli animali. L\u2019organizzazione delle attivit\u00e0 degli operatori \u00e8 elemento essenziale della buona gestione e leva per un buon clima relazionale tra essi\u201d.<\/p>\n<p> \tNell\u2019avviso c\u2019\u00e8 uno spazio dedicato anche alla riduzione dei costi. \u201cIn tale senso per assicurare il benessere animale il ricorso alle associazioni di volontariato \u00e8 strumento prezioso. Oltre ai minori oneri di personale attraverso il mondo delle associazioni \u00e8 possibile promuovere campagne di raccolta di fondi fra i cittadini, adozioni a distanza e iniziative simili che possono contribuire alla riduzione dei costi accanto a una attenta organizzazione delle attivit\u00e0 e di controllo costante della gestione\u201d.<\/p>\n<p> \tIl concorrente dovr\u00e0, quindi, descrivere\u00a0con quali modalit\u00e0 intender\u00e0 contribuire\u00a0al perseguimento dell\u2019obiettivo, anche contribuendo con risorse proprie (derivanti da fonti esterne quali donazioni, contributi e altre entrate), definendo una stima sommaria dei costi su base annua sulla base della propria organizzazione e delle spese ammesse a rimborso.<\/p>\n<p> \tPer ci\u00f2 che concerne la promozione dei comportamenti virtuosi vengono indicate \u201ccampagne di comunicazione sugli obblighi di iscrizione all\u2019anagrafe canina, riguardanti anche la sterilizzazione dei cani nonch\u00e9 l\u2019incentivazione delle adozioni, interventi\u00a0cardine della lotta al randagismo,\u00a0valido correttivo per il contenimento del sovraffollamento dei canili e per l\u2019abbattimento dei rilevanti costi di gestione del servizio posti a carico del bilancio comunale\u201d.<\/p>\n<p> \tIl concorrente descriver\u00e0 con quali modalit\u00e0 gestionali e con quali professionalit\u00e0 intende perseguire l\u2019obiettivo.<\/p>\n<p> \tLa graduatoria verr\u00e0 predisposta a cura di apposita Commissione interna attribuendo i punteggi in base a criteri riguardante l\u2019anzianit\u00e0 di iscrizione al registro regionale delle associazioni, al numero di volontari iscritti, al periodo di gestione di un canile pubblico o privato convenzionato con enti pubblici, alla gestione di una struttura di ricovero privata e al numero di addetti previsti per la gestione del canile.<\/p>\n<p> \tLa manifestazione d&#39;interesse \u00e8 presente nella sezione \u201cAvvisi in area pubblica\u201d della <u><a href=\"https:\/\/eappalti.regione.fvg.it\/esop\/toolkit\/opportunity\/current\/13984\/detail.si\" target=\"_blank\" rel=\"noopener\"><span style=\"color:#0000ff;\">piattaforma di eProcurement \u201ceAppaltiFVG\u201d<\/span><\/a><\/u> e sul <u><a href=\"http:\/\/www3.comune.gorizia.it\/\" target=\"_blank\" rel=\"noopener\"><span style=\"color:#0000ff;\">sito WEB del Comune di Gorizia<\/span><\/a><\/u>.<\/p>\n","protected":false},"excerpt":{"rendered":"<p>Pubblicata la manifestazione d&#8217;interesse<\/p>\n","protected":false},"author":28,"featured_media":40108,"comment_status":"closed","ping_status":"closed","sticky":false,"template":"","format":"standard","meta":{"dwc-title":[],"dwc-content":[],"footnotes":""},"categories":[5],"tags":[],"class_list":["post-40107","post","type-post","status-publish","format-standard","has-post-thumbnail","hentry","category-attualita"],"rttpg_featured_image_url":{"full":["https:\/\/imagazine.it\/wp-content\/uploads\/2024\/01\/42395-1.webp",1920,1006,false],"landscape":["https:\/\/imagazine.it\/wp-content\/uploads\/2024\/01\/42395-1.webp",1920,1006,false],"portraits":["https:\/\/imagazine.it\/wp-content\/uploads\/2024\/01\/42395-1.webp",1920,1006,false],"thumbnail":["https:\/\/imagazine.it\/wp-content\/uploads\/2024\/01\/42395-1-150x150.webp",150,150,true],"medium":["https:\/\/imagazine.it\/wp-content\/uploads\/2024\/01\/42395-1-300x157.webp",300,157,true],"large":["https:\/\/imagazine.it\/wp-content\/uploads\/2024\/01\/42395-1-1024x537.webp",640,336,true],"thumblist":["https:\/\/imagazine.it\/wp-content\/uploads\/2024\/01\/42395-1.webp",300,157,false],"thumbrelated":["https:\/\/imagazine.it\/wp-content\/uploads\/2024\/01\/42395-1.webp",500,262,false],"meccarouselthumb":["https:\/\/imagazine.it\/wp-content\/uploads\/2024\/01\/42395-1.webp",474,248,false],"gridsquare":["https:\/\/imagazine.it\/wp-content\/uploads\/2024\/01\/42395-1.webp",391,205,false],"tileview":["https:\/\/imagazine.it\/wp-content\/uploads\/2024\/01\/42395-1.webp",300,157,false],"1536x1536":["https:\/\/imagazine.it\/wp-content\/uploads\/2024\/01\/42395-1-1536x805.webp",1536,805,true],"2048x2048":["https:\/\/imagazine.it\/wp-content\/uploads\/2024\/01\/42395-1.webp",1920,1006,false],"newsup-slider-full":["https:\/\/imagazine.it\/wp-content\/uploads\/2024\/01\/42395-1-1280x720.webp",1280,720,true],"newsup-featured":["https:\/\/imagazine.it\/wp-content\/uploads\/2024\/01\/42395-1-1024x537.webp",1024,537,true],"newsup-medium":["https:\/\/imagazine.it\/wp-content\/uploads\/2024\/01\/42395-1-720x380.webp",720,380,true],"tptn_thumbnail":["https:\/\/imagazine.it\/wp-content\/uploads\/2024\/01\/42395-1.webp",250,131,false],"sow-carousel-default":["https:\/\/imagazine.it\/wp-content\/uploads\/2024\/01\/42395-1-272x182.webp",272,182,true]},"rttpg_author":{"display_name":"redazione","author_link":"https:\/\/imagazine.it\/home_desk\/author\/redazione\/"},"rttpg_comment":0,"rttpg_category":"<a href=\"https:\/\/imagazine.it\/home_desk\/category\/attualita\/\" rel=\"category tag\">ATTUALIT\u00c0<\/a>","rttpg_excerpt":"Pubblicata la manifestazione d'interesse","_links":{"self":[{"href":"https:\/\/imagazine.it\/home_desk\/wp-json\/wp\/v2\/posts\/40107","targetHints":{"allow":["GET"]}}],"collection":[{"href":"https:\/\/imagazine.it\/home_desk\/wp-json\/wp\/v2\/posts"}],"about":[{"href":"https:\/\/imagazine.it\/home_desk\/wp-json\/wp\/v2\/types\/post"}],"author":[{"embeddable":true,"href":"https:\/\/imagazine.it\/home_desk\/wp-json\/wp\/v2\/users\/28"}],"replies":[{"embeddable":true,"href":"https:\/\/imagazine.it\/home_desk\/wp-json\/wp\/v2\/comments?post=40107"}],"version-history":[{"count":0,"href":"https:\/\/imagazine.it\/home_desk\/wp-json\/wp\/v2\/posts\/40107\/revisions"}],"wp:featuredmedia":[{"embeddable":true,"href":"https:\/\/imagazine.it\/home_desk\/wp-json\/wp\/v2\/media\/40108"}],"wp:attachment":[{"href":"https:\/\/imagazine.it\/home_desk\/wp-json\/wp\/v2\/media?parent=40107"}],"wp:term":[{"taxonomy":"category","embeddable":true,"href":"https:\/\/imagazine.it\/home_desk\/wp-json\/wp\/v2\/categories?post=40107"},{"taxonomy":"post_tag","embeddable":true,"href":"https:\/\/imagazine.it\/home_desk\/wp-json\/wp\/v2\/tags?post=40107"}],"curies":[{"name":"wp","href":"https:\/\/api.w.org\/{rel}","templated":true}]}}