{"id":40105,"date":"2021-08-13T00:00:00","date_gmt":"2021-08-12T23:00:00","guid":{"rendered":"https:\/\/imagazine.it\/?p=40105"},"modified":"2021-08-13T00:00:00","modified_gmt":"2021-08-12T23:00:00","slug":"udine-friuli-doc-svela-la-nuova-immagine","status":"publish","type":"post","link":"https:\/\/imagazine.it\/home_desk\/udine-friuli-doc-svela-la-nuova-immagine\/","title":{"rendered":"Udine, Friuli DOC svela la nuova immagine"},"content":{"rendered":"<p> \tCon circa un mese d\u2019anticipo rispetto alla data dell\u2019inaugurazione, prevista per il 9 settembre, il Comune di Udine svela i dettagli del messaggio che promuover\u00e0 la nuova edizione di Friuli DOC: <strong>un manifesto che vede protagonista un tappo di sughero con impressi il nome della manifestazione e l\u2019angelo simbolo della citt\u00e0<\/strong>.<\/p>\n<p> \tCompletano il poster le indicazioni del luogo e delle date della manifestazione, oltre al marchio Friuli DOC associato allo slogan: <strong><em>\u201cLe bont\u00e0 di una terra, la bellezza di una citt\u00e0\u201d<\/em><\/strong>.<\/p>\n<p> \tNon manca un riferimento alla coincidenza tra una delle giornate di Friuli DOC 2021 e il 798\u00b0 compleanno della citt\u00e0.<\/p>\n<p> \t\u201cL\u2019idea &#8211; rende noto il Comune di Udine in una nota stampa &#8211; \u00e8 di riportare l\u2019attenzione sui temi classici di Friuli DOC in quella che sar\u00e0 la 27esima edizione dell\u2019evento simbolo del territorio. Massimo focus sull\u2019enogastronomia quindi con la convinzione che, puntare su uno degli elementi principali che oggi determinano la scelta di una destinazione turistica, rappresenti l\u2019approccio migliore per portare a Udine un pubblico qualificato proveniente da molte regioni italiane, oltre che da Austria e Slovenia\u201d.<\/p>\n<p> \t<em>&#8220;<\/em>Friuli Doc \u00e8 un appuntamento che trascende il perimetro dell&#39;enogastronomia in senso stretto e ci proietta verso una dimensione complessiva del patrimonio culturale e identitario del Friuli e di Udine. L&#39;appuntamento far\u00e0 da cornice ai festeggiamenti per la Patria del Friuli e per il 798esimo\u00a0compleanno della citt\u00e0. Il nostro obiettivo \u00e8 rendere giustizia alla ricchezza del nostro panorama di storia e tradizioni e rendere questa kermesse una vetrina per dare lustro e visibilit\u00e0 a Udine. L&#39;enogastronomia \u00e8 un tassello imprescindibile nel mosaico culturale di una comunit\u00e0<em>&#8220;, <\/em>ha affermato il sindaco di Udine, <strong>Pietr<\/strong><strong>o Fontanini<\/strong>.<\/p>\n<p> \t\u201cIl messaggio che vogliamo dare \u00e8 quello di una citt\u00e0 che, proprio perch\u00e9 rispetta con attenzione leregole di prevenzione, \u00e8 pronta a girare pagina e ad offrire momenti di svago a tutti i suoi ospiti. Vogliamo sempre pi\u00f9 diventare meta di riferimento per chi \u00e8 alla ricerca di un\u2019enogastronomia d\u2019eccellenza, sapendo di potervi affiancare una proposta particolarmente attraente anche in tema d arte, architettura, storia e spettacolo.\u201d ha dichiarato l\u2019Assessore alle attivit\u00e0 produttive, turismo e grandi eventi del Comune di Udine, <strong>Maurizio Franz<\/strong>.<\/p>\n","protected":false},"excerpt":{"rendered":"<p>In programma dal 9 al 12 settembre<\/p>\n","protected":false},"author":28,"featured_media":40106,"comment_status":"closed","ping_status":"closed","sticky":false,"template":"","format":"standard","meta":{"dwc-title":[],"dwc-content":[],"footnotes":""},"categories":[37],"tags":[],"class_list":["post-40105","post","type-post","status-publish","format-standard","has-post-thumbnail","hentry","category-cultura-e-spettacolo"],"rttpg_featured_image_url":{"full":["https:\/\/imagazine.it\/wp-content\/uploads\/2024\/01\/42392-1.webp",1856,1000,false],"landscape":["https:\/\/imagazine.it\/wp-content\/uploads\/2024\/01\/42392-1.webp",1856,1000,false],"portraits":["https:\/\/imagazine.it\/wp-content\/uploads\/2024\/01\/42392-1.webp",1856,1000,false],"thumbnail":["https:\/\/imagazine.it\/wp-content\/uploads\/2024\/01\/42392-1-150x150.webp",150,150,true],"medium":["https:\/\/imagazine.it\/wp-content\/uploads\/2024\/01\/42392-1-300x162.webp",300,162,true],"large":["https:\/\/imagazine.it\/wp-content\/uploads\/2024\/01\/42392-1-1024x552.webp",640,345,true],"thumblist":["https:\/\/imagazine.it\/wp-content\/uploads\/2024\/01\/42392-1.webp",300,162,false],"thumbrelated":["https:\/\/imagazine.it\/wp-content\/uploads\/2024\/01\/42392-1.webp",500,269,false],"meccarouselthumb":["https:\/\/imagazine.it\/wp-content\/uploads\/2024\/01\/42392-1.webp",474,255,false],"gridsquare":["https:\/\/imagazine.it\/wp-content\/uploads\/2024\/01\/42392-1.webp",391,211,false],"tileview":["https:\/\/imagazine.it\/wp-content\/uploads\/2024\/01\/42392-1.webp",300,162,false],"1536x1536":["https:\/\/imagazine.it\/wp-content\/uploads\/2024\/01\/42392-1-1536x828.webp",1536,828,true],"2048x2048":["https:\/\/imagazine.it\/wp-content\/uploads\/2024\/01\/42392-1.webp",1856,1000,false],"newsup-slider-full":["https:\/\/imagazine.it\/wp-content\/uploads\/2024\/01\/42392-1-1280x720.webp",1280,720,true],"newsup-featured":["https:\/\/imagazine.it\/wp-content\/uploads\/2024\/01\/42392-1-1024x552.webp",1024,552,true],"newsup-medium":["https:\/\/imagazine.it\/wp-content\/uploads\/2024\/01\/42392-1-720x380.webp",720,380,true],"tptn_thumbnail":["https:\/\/imagazine.it\/wp-content\/uploads\/2024\/01\/42392-1.webp",250,135,false],"sow-carousel-default":["https:\/\/imagazine.it\/wp-content\/uploads\/2024\/01\/42392-1-272x182.webp",272,182,true]},"rttpg_author":{"display_name":"redazione","author_link":"https:\/\/imagazine.it\/home_desk\/author\/redazione\/"},"rttpg_comment":0,"rttpg_category":"<a href=\"https:\/\/imagazine.it\/home_desk\/category\/cultura-e-spettacolo\/\" rel=\"category tag\">CULTURA&amp;SPETTACOLO<\/a>","rttpg_excerpt":"In programma dal 9 al 12 settembre","_links":{"self":[{"href":"https:\/\/imagazine.it\/home_desk\/wp-json\/wp\/v2\/posts\/40105","targetHints":{"allow":["GET"]}}],"collection":[{"href":"https:\/\/imagazine.it\/home_desk\/wp-json\/wp\/v2\/posts"}],"about":[{"href":"https:\/\/imagazine.it\/home_desk\/wp-json\/wp\/v2\/types\/post"}],"author":[{"embeddable":true,"href":"https:\/\/imagazine.it\/home_desk\/wp-json\/wp\/v2\/users\/28"}],"replies":[{"embeddable":true,"href":"https:\/\/imagazine.it\/home_desk\/wp-json\/wp\/v2\/comments?post=40105"}],"version-history":[{"count":0,"href":"https:\/\/imagazine.it\/home_desk\/wp-json\/wp\/v2\/posts\/40105\/revisions"}],"wp:featuredmedia":[{"embeddable":true,"href":"https:\/\/imagazine.it\/home_desk\/wp-json\/wp\/v2\/media\/40106"}],"wp:attachment":[{"href":"https:\/\/imagazine.it\/home_desk\/wp-json\/wp\/v2\/media?parent=40105"}],"wp:term":[{"taxonomy":"category","embeddable":true,"href":"https:\/\/imagazine.it\/home_desk\/wp-json\/wp\/v2\/categories?post=40105"},{"taxonomy":"post_tag","embeddable":true,"href":"https:\/\/imagazine.it\/home_desk\/wp-json\/wp\/v2\/tags?post=40105"}],"curies":[{"name":"wp","href":"https:\/\/api.w.org\/{rel}","templated":true}]}}