{"id":40101,"date":"2021-08-13T00:00:00","date_gmt":"2021-08-12T23:00:00","guid":{"rendered":"https:\/\/imagazine.it\/?p=40101"},"modified":"2021-08-13T00:00:00","modified_gmt":"2021-08-12T23:00:00","slug":"baseball-prende-forma-laccademia-del-fvg","status":"publish","type":"post","link":"https:\/\/imagazine.it\/home_desk\/baseball-prende-forma-laccademia-del-fvg\/","title":{"rendered":"Baseball, prende forma l&#8217;Accademia del FVG"},"content":{"rendered":"<p> \tIl progetto delle <strong>Accademie Regionali<\/strong> \u00e8 stato istituito dalla <strong>Federazione Italiana Baseball e Softball<\/strong> e ha come scopo ricercare ed elevare il livello fisico e tecnico dei migliori atleti del panorama regionale di et\u00e0 compresa indicativamente tra i 13 e i 16 anni.<\/p>\n<p> \tSecondo un programma condotto da uno Staff selezionato, gli Accademisti possono migliorare e sviluppare le capacit\u00e0 fisiche e tecniche necessarie per poter competere ai livelli superiori, di categoria in categoria. Se prima se ne parlava, ora tutto questo \u00e8 diventato realt\u00e0.<\/p>\n<p> \tQuindici i posti disponibili per il progetto Accademia: per la scelta definitiva, tutti gli aspiranti si erano sottoposti a un <u><a href=\"http:\/\/www.imagazine.it\/notizie-trieste-gorizia-udine-friuli\/10406\" target=\"_blank\" rel=\"noopener\"><span style=\"color:#0000ff;\"><em>try out<\/em> a <strong>San Lorenzo Isontino<\/strong> dove erano presenti una cinquantina di ragazzi di tutte le societ\u00e0 regionali<\/span><\/a><\/u>. Sono stati valutati con una serie di \u201cTest fisici\u201d e \u201cTest di valutazione tecnica specifica per ciascun ruolo\u201d. A seguito della raccolta dati, lo staff tecnico ha stilato l&#39;elenco degli ammessi.<\/p>\n<p> \tIl roster \u00e8 costituito da 6 lanciatori, 4 ricevitori e 5 giocatori di posizione (difensori).<\/p>\n<p> \tEcco i ragazzi che hanno superato i try out.<\/p>\n<p> \t<em>Pitchers <\/em>(lanciatori): <strong>Matteo Dalla Silvestra<\/strong>, Tigers Cervignano; <strong>Mattia Midena<\/strong>, New Black Panthers Ronchi; <strong>Davide Battista<\/strong>, White Sox Buttrio; <strong>Mattia Bernardis<\/strong> e <strong>Diego Gergolet<\/strong>, Ducks Staranzano; <strong>Kilian Taucer Livon<\/strong>, Junior Alpina Trieste. <em>Catchers <\/em>(ricevitori): <strong>Giuliano Bellini<\/strong>, Rangers Redipuglia; <strong>Emanuele Sassi<\/strong> e <strong>Damian Bratcu<\/strong>, Tigers Cervignano; <strong>Massimiliano Serra<\/strong>, Ducks Staranzano. <em>Position Players<\/em> (difensori): <strong>Simone De Giusti<\/strong> e <strong>Tommaso Cattonar<\/strong>, Rangers Redipuglia; <strong>Tommaso Radin<\/strong>, Ducks Staranzano; <strong>Fabio Margarit<\/strong>, Europa Castions delle Mura; <strong>Evan Nardini<\/strong>, White Sox Buttrio.<\/p>\n<p> \tLo staff tecnico \u00e8 stato individuato e selezionato in accordo con il Referente CNT (Comitato Nazionale dei Tecnici) <strong>Andrea Muser<\/strong> e il Comitato Regionale stesso. I componenti dello staff sono: <strong>Daniele Santolupo<\/strong>, responsabile tecnico e preparatore fisico; <strong>Rolando Cretis<\/strong>, <em>pitching coach<\/em> (allenatore dei lanciatori); <strong>Mario Da Re<\/strong>, <em>catching coach<\/em> (allenatore dei ricevitori); <strong>Alberto Furlani<\/strong>, <em>defense coach<\/em> (allenatore della difesa) e <strong>Paolo Da Re<\/strong>, <em>hitting coach<\/em> (allenatore della battuta).<\/p>\n<p> \tGli allenamenti si svolgeranno nella nuova struttura indoor installata presso il <strong>diamante del campo Soldiers Field di Opicina<\/strong>. Il programma si sviluppa durante il periodo di Off Season (quando non si giocano i campionati), con una periodizzazione annuale. I primi allenamenti si svolgeranno nelle giornate del sabato pomeriggio e domenica mattina, a ottobre, per chiudersi nei primi weekend di marzo. Avranno la durata di circa tre ore, met\u00e0 di preparazione fisica, mentre nell&#39;altra met\u00e0 sar\u00e0 evidenziato l&#39;aspetto tecnico. Non \u00e8 improbabile che alla fine del corso ci potrebbe essere un torneo tra le varie Accademie Regionali che aderiranno.<\/p>\n","protected":false},"excerpt":{"rendered":"<p>Da ottobre gli allenamenti a Opicina<\/p>\n","protected":false},"author":22,"featured_media":40102,"comment_status":"closed","ping_status":"closed","sticky":false,"template":"","format":"standard","meta":{"dwc-title":[],"dwc-content":[],"footnotes":""},"categories":[38],"tags":[],"class_list":["post-40101","post","type-post","status-publish","format-standard","has-post-thumbnail","hentry","category-sport"],"rttpg_featured_image_url":{"full":["https:\/\/imagazine.it\/wp-content\/uploads\/2024\/01\/42387-1.webp",1000,450,false],"landscape":["https:\/\/imagazine.it\/wp-content\/uploads\/2024\/01\/42387-1.webp",1000,450,false],"portraits":["https:\/\/imagazine.it\/wp-content\/uploads\/2024\/01\/42387-1.webp",1000,450,false],"thumbnail":["https:\/\/imagazine.it\/wp-content\/uploads\/2024\/01\/42387-1-150x150.webp",150,150,true],"medium":["https:\/\/imagazine.it\/wp-content\/uploads\/2024\/01\/42387-1-300x135.webp",300,135,true],"large":["https:\/\/imagazine.it\/wp-content\/uploads\/2024\/01\/42387-1.webp",640,288,false],"thumblist":["https:\/\/imagazine.it\/wp-content\/uploads\/2024\/01\/42387-1.webp",300,135,false],"thumbrelated":["https:\/\/imagazine.it\/wp-content\/uploads\/2024\/01\/42387-1.webp",500,225,false],"meccarouselthumb":["https:\/\/imagazine.it\/wp-content\/uploads\/2024\/01\/42387-1.webp",474,213,false],"gridsquare":["https:\/\/imagazine.it\/wp-content\/uploads\/2024\/01\/42387-1.webp",391,176,false],"tileview":["https:\/\/imagazine.it\/wp-content\/uploads\/2024\/01\/42387-1.webp",300,135,false],"1536x1536":["https:\/\/imagazine.it\/wp-content\/uploads\/2024\/01\/42387-1.webp",1000,450,false],"2048x2048":["https:\/\/imagazine.it\/wp-content\/uploads\/2024\/01\/42387-1.webp",1000,450,false],"newsup-slider-full":["https:\/\/imagazine.it\/wp-content\/uploads\/2024\/01\/42387-1.webp",1000,450,false],"newsup-featured":["https:\/\/imagazine.it\/wp-content\/uploads\/2024\/01\/42387-1.webp",1000,450,false],"newsup-medium":["https:\/\/imagazine.it\/wp-content\/uploads\/2024\/01\/42387-1-720x380.webp",720,380,true],"tptn_thumbnail":["https:\/\/imagazine.it\/wp-content\/uploads\/2024\/01\/42387-1.webp",250,113,false],"sow-carousel-default":["https:\/\/imagazine.it\/wp-content\/uploads\/2024\/01\/42387-1-272x182.webp",272,182,true]},"rttpg_author":{"display_name":"Livio Nonis","author_link":"https:\/\/imagazine.it\/home_desk\/author\/nonis\/"},"rttpg_comment":0,"rttpg_category":"<a href=\"https:\/\/imagazine.it\/home_desk\/category\/sport\/\" rel=\"category tag\">SPORT<\/a>","rttpg_excerpt":"Da ottobre gli allenamenti a Opicina","_links":{"self":[{"href":"https:\/\/imagazine.it\/home_desk\/wp-json\/wp\/v2\/posts\/40101","targetHints":{"allow":["GET"]}}],"collection":[{"href":"https:\/\/imagazine.it\/home_desk\/wp-json\/wp\/v2\/posts"}],"about":[{"href":"https:\/\/imagazine.it\/home_desk\/wp-json\/wp\/v2\/types\/post"}],"author":[{"embeddable":true,"href":"https:\/\/imagazine.it\/home_desk\/wp-json\/wp\/v2\/users\/22"}],"replies":[{"embeddable":true,"href":"https:\/\/imagazine.it\/home_desk\/wp-json\/wp\/v2\/comments?post=40101"}],"version-history":[{"count":0,"href":"https:\/\/imagazine.it\/home_desk\/wp-json\/wp\/v2\/posts\/40101\/revisions"}],"wp:featuredmedia":[{"embeddable":true,"href":"https:\/\/imagazine.it\/home_desk\/wp-json\/wp\/v2\/media\/40102"}],"wp:attachment":[{"href":"https:\/\/imagazine.it\/home_desk\/wp-json\/wp\/v2\/media?parent=40101"}],"wp:term":[{"taxonomy":"category","embeddable":true,"href":"https:\/\/imagazine.it\/home_desk\/wp-json\/wp\/v2\/categories?post=40101"},{"taxonomy":"post_tag","embeddable":true,"href":"https:\/\/imagazine.it\/home_desk\/wp-json\/wp\/v2\/tags?post=40101"}],"curies":[{"name":"wp","href":"https:\/\/api.w.org\/{rel}","templated":true}]}}