{"id":40099,"date":"2021-08-12T00:00:00","date_gmt":"2021-08-11T23:00:00","guid":{"rendered":"https:\/\/imagazine.it\/?p=40099"},"modified":"2021-08-12T00:00:00","modified_gmt":"2021-08-11T23:00:00","slug":"scoprire-un-carso-interiore-e-universale","status":"publish","type":"post","link":"https:\/\/imagazine.it\/home_desk\/scoprire-un-carso-interiore-e-universale\/","title":{"rendered":"Scoprire un Carso interiore e universale"},"content":{"rendered":"<p> \tPercepire, raccontare e trasmettere \u201cun Carso interiore e universale\u201d attraverso la ricerca di mondi diversi: \u00e8 questo l\u2019obiettivo della settima edizione della rassegna \u201c<strong>L\u2019Energia dei Luoghi. Festival del Vento e della Pietra<\/strong>\u201d, organizzata dall\u2019Associazione Casa C.A.V.E. \u2013 Contemporary Art Visogliano\/Vi\u017eovlje Europe, <strong>dal 17 agosto al 31 ottobre 2021<\/strong>, con il contributo della Regione Friuli Venezia Giulia, del Comune di Duino Aurisina, della Fondazione Pietro Pittini e de Le Fondazione Casali.<\/p>\n<p> \t\u201cFra allegoria e realt\u00e0 \u2013 ha sottolineato la presidente dell\u2019Associazione <strong>Fabiola Faidiga, <\/strong>presente anche l\u2019assessore al territorio del Comune di Duino Aurisina <strong>Massimo Romita<\/strong> \u2013 proporremo un&#39;indagine nel fantastico, scoprendo possibili riflessi sull&#39;oggi attraverso il coinvolgimento di importanti istituzioni accademiche\u00a0nazionali e internazionali e con la collaborazione di aziende del marmo, agriturismi, fattorie, circoli, associazioni ed esercenti del territorio\u201d.<\/p>\n<p> \tLe mostre d\u2019arte visiva, le residenze e i laboratori transfrontalieri di scultura e fotografia, accompagnati da installazioni di land art, saranno intrecciati con eventi di coinvolgimento: passeggiate e itinerari creativi alla scoperta di nuovi luoghi, conferenze e workshop, proiezioni cinematografiche, performance teatrali e video d&#39;artista, incontri letterari, mirati laboratori per le scuole e un seminario di grande eccellenza.<\/p>\n<p> \t\u201cUna rassegna \u2013 ha aggiunto Faidiga \u2013 che ha come secondo, importante obiettivo quello di lavorare, insieme a istituzioni e associazioni locali, alla creazione dell&#39;Ecomuseo delle Cave e della Pietra di Aurisina, futuro volano per uno sviluppo turistico e culturale del territorio. Un fertile \u201cviavai\u201d, dove il vento\u00a0\u00e8\u00a0anima\u00a0e la\u00a0pietra\u00a0\u00e8\u00a0corpo,\u00a0alla ricerca di quell&#39;equilibrio fra forze creative che possa aprire le porte\u00a0a nuovi universi di pensiero e relazione\u201d.<\/p>\n<p> \tLa settima edizione della rassegna \u201cL\u2019Energia dei Luoghi. Festival del Vento e della Pietra\u201d \u00e8 diretta da <strong>Marina Cobal e Fabiola Faidiga<\/strong>, con la partecipazione progettuale e il coordinamento di <strong>Flavia Fortin, Maddalena Giuffrida, Annalisa Spoljaric<\/strong> e con la curatela di <strong>Maria Campitelli, Eva Comuzzi, Mila Lazic\u0301, Massimo Premuda<\/strong>.<\/p>\n<p> \tFra i diversi eventi in programma:<\/p>\n<p> \t\u00a0<\/p>\n<p> \t&#8211; il <strong>Progetto transfrontaliero di residenze di scultura &#8220;IL FAVOLOSO VIAGGIO NELLA PIETRA DI AURISINA\u201d<\/strong>, ideato da Fabiola Faidiga e Maddalena Giuffrida, a cura della critica d&#39;arte Eva Comuzzi che, attraverso la ricerca artistica contemporanea, ispirandosi al mondo allegorico degli erbari, bestiari e lapidari medievali, accoglier\u00e0 in residenza presso alcune strutture ricettive del territorio (Agriturismi Juna e Radovic) due importanti maestri scultori, Edi Carrer e Alberto Fiorin, e quattro studenti dell&#39;Accademia di Belle Arti di Venezia e della Scuola di Scalpellini \/\u00a0\u0160olski Center Sre\u010dka Kosovela\u00a0di Se\u017eana (Slovenia). Il marmo sar\u00e0 donato dall&#39;azienda Pizzul\u00a0e i laboratori si terranno presso le aziende marmifere Andrea Mervic e Marmi Cortese, che apriranno le porte non solo agli scultori ma anche ad alcune visite guidate curate da Estplore. Seguir\u00e0 Mostra e Tavola Rotonda.<\/p>\n<p> \t\u00a0<\/p>\n<p> \t&#8211; <strong>la Mostra internazionale &#8220;SE DA CONTRARI VENTI \u00c8 COMBATTUTO<\/strong>\u201d, che giunger\u00e0 presso la Casa Rurale di Duino, in collaborazione con il Circolo Velico di Duino, il Museo della Bora e la DoubleRoom Arti Visive di Trieste, a cura di Massimo Premuda, il cui titolo \u00e8 tratto da una terzina della Divina Commedia, ipoteticamente scritta dal sommo poeta nel corso della visita al Castello di Duino: \u00abIo venni in luogo d\u2019ogni luce muto \/ che mugghia come fa mar per tempesta \/ se da contrari venti \u00e8 combattuto\u00bb e vedr\u00e0 in mostra opere di Lojze Spacal, Nika Furlani, Davide Maria Palusa, Sara Paschini, Damir Stojni\u0107 e le sperimentazioni a 360\u00b0 di Fluido.Digital Experience con maschere immersive.<\/p>\n<p> \t\u00a0<\/p>\n<p> \t&#8211; <strong>la Land Art, con le &#8220;MERAVIGLIE NEL PARCO&#8221;<\/strong> che quest&#39;anno, curata da Maria Campielli, porter\u00e0 magnifiche installazioni naturali a forma di animali fantastici presso l&#39;Adventure Park Trieste di Ceroglie, costruite e installate sul posto dagli artisti Cecilia Donaggio Luzzato Fegitz, Pierpaolo Ciana, Rodolfo Liprandi, Paola Pisani.<\/p>\n<p> \t\u00a0<\/p>\n<p> \t&#8211; <strong>La mostra MARE PRIMO dell&#39;artista internazionale MANOLO COCHO<\/strong> che sar\u00e0 inaugurata a Portopiccolo in\u00a0collaborazione con Portopiccolo Art Gallery, a cura di\u00a0Maria Campitelli e in\u00a0collaborazione con il Gruppo78. Le\u00a0grandiose opere dell\u2019artista messicano\u00a0ci portano in un universo dove arte, scienza, mito e filosofia incontrano l\u2019origine della vita e la complessit\u00e0 del caos.<\/p>\n<p> \t\u00a0<\/p>\n<p> \t&#8211; <strong>Il Seminario d&#39;arte e scienza &#8220;A RIVEDER LE STELLE&#8221; a cura di Marina Cobal<\/strong>, dove interverranno scienziati e artisti, per dialogare su quel legame che rappresenta da sempre una spinta importante nel progresso umano.<\/p>\n<p> \t\u00a0<\/p>\n<p> \t&#8211; Le<strong> performance itineranti \u201csul sentiero Rilke\u201d del progetto \u201cTEATRI D&#39;ANIMA E DELLO SPAVENTO | versi itineranti\u201d<\/strong>, all&#39;antica Rocca di Duino, lo scoglio di Dante, sul Sentiero Rilke e presso la grotta le Torri di Slivia, in collaborazione con i Teatri LA CONTRADA, MIELA e L&#39;ARMONIA di Trieste; <strong>le sperimentazioni<\/strong> del violoncellista Riccardo Pes e degli artisti\u00a0Fabio Cipolla, Samin Kamal-Beik e Jol Thomson di UNIVERSO PIETRA presso l&#39;antica Fornace da calce di Giorgia Zandomeni, a cura di\u00a0Eva Comuzzi; i <strong>laboratori creativi<\/strong> a cura di Corrado Premuda e Dunja Jogan; gli <strong>itinerari<\/strong> con Estplore, le guide naturalistiche Alice Sattolo e Claudio Salvalaggio e l&#39;erborista Annalisa Conte ed <strong>altri progetti d&#39;arte contemporanea<\/strong> e relazionale come\u00a0IL GIARDINO DELLE PIETRE SONORE e\u00a0l&#39;incontro con il\u00a0Parco Sculture Braida Copetti a\u00a0Leproso di Premariacco &#8211; UD\u00a0con la visita guidata alle sculture del parco e\u00a0alle \u201cpietre sonore\u201d dello scultore\u00a0Pinuccio Sciola.<\/p>\n<p> \t\u00a0<\/p>\n<p> \t<strong>Il Festival del Vento e della Pietra inizia marted\u00ec 17 agosto, alle 21.15<\/strong>, <strong>in piazza ad Aurisina<\/strong>, con il\u00a0CINE NABRE\u017dINA a cura di Mila Lazi\u0107, in collaborazione con Karsiart Festival, Agriturismo Juna, SKD Igo Gruden, Sokol, Jus Comunella Nabre\u017eina, Associazioni locali per San Rocco.\u00a0Sar\u00e0 proiettato un film di grande intensit\u00e0, un appassionato dramma biografico sulla vita della pi\u00f9 famosa scultrice francese, CAMILLE CLAUDEL &#8211; Regia di Bruno Nuytten, con Isabelle Adjani, Gerard Depardieu.<br \/> \tPrenotazione obbligatoria: booking@karsiart.org +39 366 4218001<\/p>\n<p> \t\u00a0<\/p>\n<p> \tInfo programma in generale:\u00a0<u><a href=\"https:\/\/casacave.eu\/\" target=\"_blank\" rel=\"noopener\"><span style=\"color:#0000ff;\">https:\/\/casacave.eu<\/span><\/a><\/u><\/p>\n","protected":false},"excerpt":{"rendered":"<p>&#8220;L&#8217;Energia dei Luoghi&#8221;<\/p>\n","protected":false},"author":28,"featured_media":40100,"comment_status":"closed","ping_status":"closed","sticky":false,"template":"","format":"standard","meta":{"dwc-title":[],"dwc-content":[],"footnotes":""},"categories":[37],"tags":[],"class_list":["post-40099","post","type-post","status-publish","format-standard","has-post-thumbnail","hentry","category-cultura-e-spettacolo"],"rttpg_featured_image_url":{"full":["https:\/\/imagazine.it\/wp-content\/uploads\/2024\/01\/42384-1.webp",1000,804,false],"landscape":["https:\/\/imagazine.it\/wp-content\/uploads\/2024\/01\/42384-1.webp",1000,804,false],"portraits":["https:\/\/imagazine.it\/wp-content\/uploads\/2024\/01\/42384-1.webp",1000,804,false],"thumbnail":["https:\/\/imagazine.it\/wp-content\/uploads\/2024\/01\/42384-1-150x150.webp",150,150,true],"medium":["https:\/\/imagazine.it\/wp-content\/uploads\/2024\/01\/42384-1-300x241.webp",300,241,true],"large":["https:\/\/imagazine.it\/wp-content\/uploads\/2024\/01\/42384-1.webp",640,515,false],"thumblist":["https:\/\/imagazine.it\/wp-content\/uploads\/2024\/01\/42384-1.webp",300,241,false],"thumbrelated":["https:\/\/imagazine.it\/wp-content\/uploads\/2024\/01\/42384-1.webp",500,402,false],"meccarouselthumb":["https:\/\/imagazine.it\/wp-content\/uploads\/2024\/01\/42384-1.webp",403,324,false],"gridsquare":["https:\/\/imagazine.it\/wp-content\/uploads\/2024\/01\/42384-1.webp",323,260,false],"tileview":["https:\/\/imagazine.it\/wp-content\/uploads\/2024\/01\/42384-1.webp",300,241,false],"1536x1536":["https:\/\/imagazine.it\/wp-content\/uploads\/2024\/01\/42384-1.webp",1000,804,false],"2048x2048":["https:\/\/imagazine.it\/wp-content\/uploads\/2024\/01\/42384-1.webp",1000,804,false],"newsup-slider-full":["https:\/\/imagazine.it\/wp-content\/uploads\/2024\/01\/42384-1-1000x720.webp",1000,720,true],"newsup-featured":["https:\/\/imagazine.it\/wp-content\/uploads\/2024\/01\/42384-1.webp",1000,804,false],"newsup-medium":["https:\/\/imagazine.it\/wp-content\/uploads\/2024\/01\/42384-1-720x380.webp",720,380,true],"tptn_thumbnail":["https:\/\/imagazine.it\/wp-content\/uploads\/2024\/01\/42384-1.webp",250,201,false],"sow-carousel-default":["https:\/\/imagazine.it\/wp-content\/uploads\/2024\/01\/42384-1-272x182.webp",272,182,true]},"rttpg_author":{"display_name":"redazione","author_link":"https:\/\/imagazine.it\/home_desk\/author\/redazione\/"},"rttpg_comment":0,"rttpg_category":"<a href=\"https:\/\/imagazine.it\/home_desk\/category\/cultura-e-spettacolo\/\" rel=\"category tag\">CULTURA&amp;SPETTACOLO<\/a>","rttpg_excerpt":"\"L'Energia dei Luoghi\"","_links":{"self":[{"href":"https:\/\/imagazine.it\/home_desk\/wp-json\/wp\/v2\/posts\/40099","targetHints":{"allow":["GET"]}}],"collection":[{"href":"https:\/\/imagazine.it\/home_desk\/wp-json\/wp\/v2\/posts"}],"about":[{"href":"https:\/\/imagazine.it\/home_desk\/wp-json\/wp\/v2\/types\/post"}],"author":[{"embeddable":true,"href":"https:\/\/imagazine.it\/home_desk\/wp-json\/wp\/v2\/users\/28"}],"replies":[{"embeddable":true,"href":"https:\/\/imagazine.it\/home_desk\/wp-json\/wp\/v2\/comments?post=40099"}],"version-history":[{"count":0,"href":"https:\/\/imagazine.it\/home_desk\/wp-json\/wp\/v2\/posts\/40099\/revisions"}],"wp:featuredmedia":[{"embeddable":true,"href":"https:\/\/imagazine.it\/home_desk\/wp-json\/wp\/v2\/media\/40100"}],"wp:attachment":[{"href":"https:\/\/imagazine.it\/home_desk\/wp-json\/wp\/v2\/media?parent=40099"}],"wp:term":[{"taxonomy":"category","embeddable":true,"href":"https:\/\/imagazine.it\/home_desk\/wp-json\/wp\/v2\/categories?post=40099"},{"taxonomy":"post_tag","embeddable":true,"href":"https:\/\/imagazine.it\/home_desk\/wp-json\/wp\/v2\/tags?post=40099"}],"curies":[{"name":"wp","href":"https:\/\/api.w.org\/{rel}","templated":true}]}}