{"id":40093,"date":"2021-08-12T00:00:00","date_gmt":"2021-08-11T23:00:00","guid":{"rendered":"https:\/\/imagazine.it\/?p=40093"},"modified":"2021-08-12T00:00:00","modified_gmt":"2021-08-11T23:00:00","slug":"autismo-inaugurato-a-trieste-il-nuovo-centro-sociosanitario-integrato","status":"publish","type":"post","link":"https:\/\/imagazine.it\/home_desk\/autismo-inaugurato-a-trieste-il-nuovo-centro-sociosanitario-integrato\/","title":{"rendered":"Autismo, inaugurato a Trieste il nuovo Centro sociosanitario integrato"},"content":{"rendered":"<p> \tInaugurato a <strong>Trieste<\/strong> il nuovo <strong>Centro sociosanitario integrato per la presa in carico delle persone con disturbi dello spettro autistico o altre disabilit\u00e0 intellettive o cognitive<\/strong> dell&#39;Azienda Sanitaria universitaria Giuliano Isontina (Asugi), alla quale hanno partecipato i vertici di Asugi, il vicegovernatore del Friuli Venezia Giulia con delega alla Salute, <strong>Riccardo Riccardi<\/strong>, e l&#39;assessore comunale al Sociale di Trieste, <strong>Carlo Grilli<\/strong>.<\/p>\n<p> \tLa struttura ha sede nel <strong>Palazzo de Ralli<\/strong>, nel comprensorio del <strong>Parco di San Giovanni<\/strong>, che \u00e8 di propriet\u00e0 del Comune di Trieste, il quale lo ha concesso in comodato d&#39;uso gratuito all&#39;Asugi, ed \u00e8 stato ristrutturato grazie a un contributo regionale di <strong>quattro milioni di euro<\/strong>.<\/p>\n<p> \t&#8220;Il nuovo centro per la presa in carico delle persone con disabilit\u00e0 intellettiva e disturbi dello spettro autistico di Trieste fornisce una risposta, finora non strutturata, su specifiche fragilit\u00e0 e lo fa proponendo un modello innovativo ed esemplare di integrazione sociosanitaria. Questa nuova struttura consente, inoltre, di fornire supporto alle persone con disabilit\u00e0 e alle loro famiglie anche oltre il periodo dell&#39;et\u00e0 evolutiva attraverso un approccio multidisciplinare e la stretta collaborazione tra l&#39;Azienda sanitaria universitaria Giuliano Isontina e il Comune di Trieste&#8221;, ha dichiarato Riccardi.<\/p>\n<p> \tRiccardi ha spiegato che &#8220;i mondi della disabilit\u00e0 e dell&#39;autismo hanno complessit\u00e0 rilevanti che sono state acuite dalla crisi pandemica e oggi dobbiamo recuperare quanto \u00e8 stato perso a causa del Covid-19, consentendo alle persone con disabilit\u00e0 di riprendere i percorsi interrotti o rallentati negli scorsi mesi. La struttura inaugurata a Trieste dimostra la correttezza dell&#39;integrazione sociosanitaria come prevista dalla riforma contenuta nella legge 22, che ora dovr\u00e0 trovare piena applicazione&#8221;.<\/p>\n<p> \tIl Centro consentir\u00e0, grazie a professionisti del settore e operatori adeguatamente formati, di garantire nell&#39;area giuliana la presa in carico delle persone con disturbi della sfera autistica in et\u00e0 adulta e, in prospettiva, con altre disabilit\u00e0 di natura cognitiva o intellettiva, nei diversi momenti di diagnosi, trattamento e riabilitazione, a partire dalla continuit\u00e0 della presa in carico gi\u00e0 effettuata dai servizi per l&#39;et\u00e0 evolutiva.<\/p>\n<p> \tLa centralizzazione dell&#39;attivit\u00e0 allarga il bacino di utenza, innalzando il livello di esperienza e competenza dei professionisti e garantendo omogeneit\u00e0 di risposta sul territorio e consentendo di attuare percorsi volti a sostenere il passaggio dall&#39;et\u00e0 evolutiva a quella adulta e quest&#39;ultima a quella anziana, con particolare attenzione ai percorsi scolastici, all&#39;inserimento lavorativo, all&#39;abitare inclusivo, alla vita indipendente e al &#39;Dopo di noi&#39;.<\/p>\n<p> \tIl progetto si rivolge a una sessantina di adulti con disturbo dello spettro autistico, di cui 22 seguiti negli ultimi mesi dai servizi dedicati all&#39;et\u00e0 evolutiva del capoluogo regionale, i quali hanno in carico circa 200 persone con questo genere di disabilit\u00e0, una sessantina delle quali si sta avvicinando all&#39;et\u00e0 della transizione verso i servizi per l&#39;et\u00e0 adulta.<\/p>\n<p> \tA questi si sommeranno i casi di ritardo intellettivo senza disturbi motori o sensoriali, di cui il Centro potr\u00e0 progressivamente occuparsi. Inoltre, Asugi e Comune di Trieste hanno concordato la creazione di un tavolo tecnico per verificare la fattibilit\u00e0 di attivit\u00e0 rivolte a persone affette da malattie dementigene, da svolgere nello stesso immobile.<\/p>\n","protected":false},"excerpt":{"rendered":"<p>Nel comprensorio di San Giovanni<\/p>\n","protected":false},"author":28,"featured_media":40094,"comment_status":"closed","ping_status":"closed","sticky":false,"template":"","format":"standard","meta":{"dwc-title":[],"dwc-content":[],"footnotes":""},"categories":[5],"tags":[],"class_list":["post-40093","post","type-post","status-publish","format-standard","has-post-thumbnail","hentry","category-attualita"],"rttpg_featured_image_url":{"full":["https:\/\/imagazine.it\/wp-content\/uploads\/2024\/01\/42355-1.webp",1000,750,false],"landscape":["https:\/\/imagazine.it\/wp-content\/uploads\/2024\/01\/42355-1.webp",1000,750,false],"portraits":["https:\/\/imagazine.it\/wp-content\/uploads\/2024\/01\/42355-1.webp",1000,750,false],"thumbnail":["https:\/\/imagazine.it\/wp-content\/uploads\/2024\/01\/42355-1-150x150.webp",150,150,true],"medium":["https:\/\/imagazine.it\/wp-content\/uploads\/2024\/01\/42355-1-300x225.webp",300,225,true],"large":["https:\/\/imagazine.it\/wp-content\/uploads\/2024\/01\/42355-1.webp",640,480,false],"thumblist":["https:\/\/imagazine.it\/wp-content\/uploads\/2024\/01\/42355-1.webp",300,225,false],"thumbrelated":["https:\/\/imagazine.it\/wp-content\/uploads\/2024\/01\/42355-1.webp",500,375,false],"meccarouselthumb":["https:\/\/imagazine.it\/wp-content\/uploads\/2024\/01\/42355-1.webp",432,324,false],"gridsquare":["https:\/\/imagazine.it\/wp-content\/uploads\/2024\/01\/42355-1.webp",347,260,false],"tileview":["https:\/\/imagazine.it\/wp-content\/uploads\/2024\/01\/42355-1.webp",300,225,false],"1536x1536":["https:\/\/imagazine.it\/wp-content\/uploads\/2024\/01\/42355-1.webp",1000,750,false],"2048x2048":["https:\/\/imagazine.it\/wp-content\/uploads\/2024\/01\/42355-1.webp",1000,750,false],"newsup-slider-full":["https:\/\/imagazine.it\/wp-content\/uploads\/2024\/01\/42355-1-1000x720.webp",1000,720,true],"newsup-featured":["https:\/\/imagazine.it\/wp-content\/uploads\/2024\/01\/42355-1.webp",1000,750,false],"newsup-medium":["https:\/\/imagazine.it\/wp-content\/uploads\/2024\/01\/42355-1-720x380.webp",720,380,true],"tptn_thumbnail":["https:\/\/imagazine.it\/wp-content\/uploads\/2024\/01\/42355-1.webp",250,188,false],"sow-carousel-default":["https:\/\/imagazine.it\/wp-content\/uploads\/2024\/01\/42355-1-272x182.webp",272,182,true]},"rttpg_author":{"display_name":"redazione","author_link":"https:\/\/imagazine.it\/home_desk\/author\/redazione\/"},"rttpg_comment":0,"rttpg_category":"<a href=\"https:\/\/imagazine.it\/home_desk\/category\/attualita\/\" rel=\"category tag\">ATTUALIT\u00c0<\/a>","rttpg_excerpt":"Nel comprensorio di San Giovanni","_links":{"self":[{"href":"https:\/\/imagazine.it\/home_desk\/wp-json\/wp\/v2\/posts\/40093","targetHints":{"allow":["GET"]}}],"collection":[{"href":"https:\/\/imagazine.it\/home_desk\/wp-json\/wp\/v2\/posts"}],"about":[{"href":"https:\/\/imagazine.it\/home_desk\/wp-json\/wp\/v2\/types\/post"}],"author":[{"embeddable":true,"href":"https:\/\/imagazine.it\/home_desk\/wp-json\/wp\/v2\/users\/28"}],"replies":[{"embeddable":true,"href":"https:\/\/imagazine.it\/home_desk\/wp-json\/wp\/v2\/comments?post=40093"}],"version-history":[{"count":0,"href":"https:\/\/imagazine.it\/home_desk\/wp-json\/wp\/v2\/posts\/40093\/revisions"}],"wp:featuredmedia":[{"embeddable":true,"href":"https:\/\/imagazine.it\/home_desk\/wp-json\/wp\/v2\/media\/40094"}],"wp:attachment":[{"href":"https:\/\/imagazine.it\/home_desk\/wp-json\/wp\/v2\/media?parent=40093"}],"wp:term":[{"taxonomy":"category","embeddable":true,"href":"https:\/\/imagazine.it\/home_desk\/wp-json\/wp\/v2\/categories?post=40093"},{"taxonomy":"post_tag","embeddable":true,"href":"https:\/\/imagazine.it\/home_desk\/wp-json\/wp\/v2\/tags?post=40093"}],"curies":[{"name":"wp","href":"https:\/\/api.w.org\/{rel}","templated":true}]}}