{"id":40069,"date":"2021-08-10T00:00:00","date_gmt":"2021-08-09T23:00:00","guid":{"rendered":"https:\/\/imagazine.it\/?p=40069"},"modified":"2021-08-10T00:00:00","modified_gmt":"2021-08-09T23:00:00","slug":"emergenza-sanitaria-in-montagna-in-fvg-il-kit-di-pronto-intervento","status":"publish","type":"post","link":"https:\/\/imagazine.it\/home_desk\/emergenza-sanitaria-in-montagna-in-fvg-il-kit-di-pronto-intervento\/","title":{"rendered":"Emergenza sanitaria in montagna, in FVG il kit di pronto intervento"},"content":{"rendered":"<p> \tConsegnato oggi alla <strong>malga Cason di Lanza<\/strong> il <strong>primo kit di pronto intervento per l&#39;emergenza sanitaria<\/strong> incluso nel progetto &#8220;Comunit\u00e0 e montagna in sicurezza&#8221;.<\/p>\n<p> \t&#8220;La sicurezza si fa con la comunit\u00e0 e insieme alla comunit\u00e0. Con questo progetto diamo una risposta ai cittadini in termini di appropriatezza dei servizi del sistema sanitario regionale. Diamo cos\u00ec prosecuzione a una serie di iniziative avviate in questa regione e volte a garantire sicurezza attraverso un sistema sanitario capillare che d\u00e0 risposta ai bisogni di salute nel momento in cui questi si manifestano&#8221;, ha dichiarato il vice governatore con delega alla Salute, <strong>Riccardo Riccardi<\/strong>, presente assieme all&#39;assessore regionale alla Montagna, <strong>Stefano Zannier<\/strong>.<\/p>\n<p> \tPromosso dalle Casse di credito cooperativo del Gruppo Cassa centrale banca (presenti i presidenti <strong>Giuseppe Graffi Brunoro<\/strong> per PrimaCassa, <strong>Lino Mian<\/strong> per FriulOvest Banca e <strong>Adriano Kovacic<\/strong> per Zkb), il Progetto &#8220;Comunit\u00e0 e montagna in sicurezza&#8221; si prefigge di distribuire entro l&#39;estate 2021 <strong>diciotto kit per il pronto intervento<\/strong> nel caso di emergenza sanitaria composti da <strong>defibrillatore automatico (Dae), un kit emorragia e una dotazione di adrenalina in fiale<\/strong>.<\/p>\n<p> \tAltri venticinque dispositivi saranno consegnati in futuro con l&#39;obiettivo di rendere capillare la dotazione in alta quota.<\/p>\n<p> \tDestinatari dei kit saranno rifugi, esercizi commerciali, malghe attive, punti di ristoro in quota e sul demanio sciabile i cui gestori o proprietari riceveranno anche l&#39;adeguata attivit\u00e0 formativa di primo soccorso.<\/p>\n<p> \tI kit, non utilizzabili nella stagione invernale, verranno conservati presso il magazzino generale del Corpo nazionale del soccorso alpino e speleologico (Cnsas) a disposizione dello stesso oppure ricollocati nella stagione sciistica sul demanio sciabile.<\/p>\n<p> \tL&#39;occasione \u00e8 coincisa con il passaggio di mano nella gestione della casera Cason di Lanza <strong>dalla famiglia Cossetti Cescutti alla famiglia Marcolini Bombardier<\/strong> che si \u00e8 aggiudicata il bando indetto dal Comune di Arta Terme, proprietario della struttura. La malga rientra infatti tra gli usi civici delle frazioni di Rivalpo e Valle che costituivano comune autonomo fino all&#39;epoca napoleonica, poi confluite nel territorio comunale di <strong>Arta Terme<\/strong>.<\/p>\n<p> \tAi nuovi gestori si \u00e8 rivolto Zannier ringraziandoli &#8220;assieme ai tanti altri gestori dei rifugi che si sono messi a disposizione per essere soggetti attivi in questo progetto che qualifica la montagna del Friuli Venezia Giulia. L&#39;economia montana ha futuro come dimostra questo passaggio di consegne che avviene nel segno della capacit\u00e0 imprenditoriale di innovarsi. Vedere che c&#39;\u00e8 continuit\u00e0 nella gestione di una malga in cui si perpetuano tradizioni antiche coniugandole con ci\u00f2 che \u00e8 nuovo non pu\u00f2 che far piacere all&#39;amministrazione regionale&#8221;.<\/p>\n<p> \tIl progetto ha un valore complessivo superiore ai<strong> 100 mila euro<\/strong> e oltre al Cnsas ha la partecipazione attiva della Federazione medico sportiva italiana (Fmsi) della Sala operativa regionale di emergenza sanitaria (Sores), del Parco Dolomiti friulane, della Scuola medica triveneta, del Cai Fvg, di PromoTurismoFVG e dell&#39;Associazione nazionale di servizi medici di emergenza (Naemt).<\/p>\n","protected":false},"excerpt":{"rendered":"<p>Prima consegna a Cason di Lanza<\/p>\n","protected":false},"author":28,"featured_media":40070,"comment_status":"closed","ping_status":"closed","sticky":false,"template":"","format":"standard","meta":{"dwc-title":[],"dwc-content":[],"footnotes":""},"categories":[5],"tags":[],"class_list":["post-40069","post","type-post","status-publish","format-standard","has-post-thumbnail","hentry","category-attualita"],"rttpg_featured_image_url":{"full":["https:\/\/imagazine.it\/wp-content\/uploads\/2024\/01\/42326-1.webp",1000,669,false],"landscape":["https:\/\/imagazine.it\/wp-content\/uploads\/2024\/01\/42326-1.webp",1000,669,false],"portraits":["https:\/\/imagazine.it\/wp-content\/uploads\/2024\/01\/42326-1.webp",1000,669,false],"thumbnail":["https:\/\/imagazine.it\/wp-content\/uploads\/2024\/01\/42326-1-150x150.webp",150,150,true],"medium":["https:\/\/imagazine.it\/wp-content\/uploads\/2024\/01\/42326-1-300x201.webp",300,201,true],"large":["https:\/\/imagazine.it\/wp-content\/uploads\/2024\/01\/42326-1.webp",640,428,false],"thumblist":["https:\/\/imagazine.it\/wp-content\/uploads\/2024\/01\/42326-1.webp",300,201,false],"thumbrelated":["https:\/\/imagazine.it\/wp-content\/uploads\/2024\/01\/42326-1.webp",500,335,false],"meccarouselthumb":["https:\/\/imagazine.it\/wp-content\/uploads\/2024\/01\/42326-1.webp",474,317,false],"gridsquare":["https:\/\/imagazine.it\/wp-content\/uploads\/2024\/01\/42326-1.webp",389,260,false],"tileview":["https:\/\/imagazine.it\/wp-content\/uploads\/2024\/01\/42326-1.webp",300,201,false],"1536x1536":["https:\/\/imagazine.it\/wp-content\/uploads\/2024\/01\/42326-1.webp",1000,669,false],"2048x2048":["https:\/\/imagazine.it\/wp-content\/uploads\/2024\/01\/42326-1.webp",1000,669,false],"newsup-slider-full":["https:\/\/imagazine.it\/wp-content\/uploads\/2024\/01\/42326-1.webp",1000,669,false],"newsup-featured":["https:\/\/imagazine.it\/wp-content\/uploads\/2024\/01\/42326-1.webp",1000,669,false],"newsup-medium":["https:\/\/imagazine.it\/wp-content\/uploads\/2024\/01\/42326-1-720x380.webp",720,380,true],"tptn_thumbnail":["https:\/\/imagazine.it\/wp-content\/uploads\/2024\/01\/42326-1.webp",250,167,false],"sow-carousel-default":["https:\/\/imagazine.it\/wp-content\/uploads\/2024\/01\/42326-1-272x182.webp",272,182,true]},"rttpg_author":{"display_name":"redazione","author_link":"https:\/\/imagazine.it\/home_desk\/author\/redazione\/"},"rttpg_comment":0,"rttpg_category":"<a href=\"https:\/\/imagazine.it\/home_desk\/category\/attualita\/\" rel=\"category tag\">ATTUALIT\u00c0<\/a>","rttpg_excerpt":"Prima consegna a Cason di Lanza","_links":{"self":[{"href":"https:\/\/imagazine.it\/home_desk\/wp-json\/wp\/v2\/posts\/40069","targetHints":{"allow":["GET"]}}],"collection":[{"href":"https:\/\/imagazine.it\/home_desk\/wp-json\/wp\/v2\/posts"}],"about":[{"href":"https:\/\/imagazine.it\/home_desk\/wp-json\/wp\/v2\/types\/post"}],"author":[{"embeddable":true,"href":"https:\/\/imagazine.it\/home_desk\/wp-json\/wp\/v2\/users\/28"}],"replies":[{"embeddable":true,"href":"https:\/\/imagazine.it\/home_desk\/wp-json\/wp\/v2\/comments?post=40069"}],"version-history":[{"count":0,"href":"https:\/\/imagazine.it\/home_desk\/wp-json\/wp\/v2\/posts\/40069\/revisions"}],"wp:featuredmedia":[{"embeddable":true,"href":"https:\/\/imagazine.it\/home_desk\/wp-json\/wp\/v2\/media\/40070"}],"wp:attachment":[{"href":"https:\/\/imagazine.it\/home_desk\/wp-json\/wp\/v2\/media?parent=40069"}],"wp:term":[{"taxonomy":"category","embeddable":true,"href":"https:\/\/imagazine.it\/home_desk\/wp-json\/wp\/v2\/categories?post=40069"},{"taxonomy":"post_tag","embeddable":true,"href":"https:\/\/imagazine.it\/home_desk\/wp-json\/wp\/v2\/tags?post=40069"}],"curies":[{"name":"wp","href":"https:\/\/api.w.org\/{rel}","templated":true}]}}