{"id":40065,"date":"2021-08-10T00:00:00","date_gmt":"2021-08-09T23:00:00","guid":{"rendered":"https:\/\/imagazine.it\/?p=40065"},"modified":"2021-08-10T00:00:00","modified_gmt":"2021-08-09T23:00:00","slug":"abbazia-di-rosazzo-sara-sistemato-il-muro-di-cinta","status":"publish","type":"post","link":"https:\/\/imagazine.it\/home_desk\/abbazia-di-rosazzo-sara-sistemato-il-muro-di-cinta\/","title":{"rendered":"Abbazia di Rosazzo, sar\u00e0 sistemato il muro di cinta"},"content":{"rendered":"<p> \t&#8220;Questo \u00e8 un intervento in un sito di bellezza e importanza storico-artistica fondamentale del Friuli Venezia Giulia e ha un duplice obiettivo: quello di <strong>recuperare il muro di cinta dell&#39;abbazia di Rosazzo<\/strong>, che sta crollando e necessita di un consolidamento urgente, nonch\u00e9 quello di <strong>mettere in sicurezza la ex provinciale 19<\/strong> da improvvise cadute massi. La mia proposta per rispondere alla richiesta dell&#39;arcivescovo di Udine \u00e8 stata approvata dal Consiglio regionale in sede di Assestamento di bilancio nei giorni scorsi: si tratta di un finanziamento cospicuo, ovvero <strong>900 mila euro<\/strong>, ma l&#39;Aula lo ha ritenuto doveroso sia per la sicurezza stradale sia per preservare la bellezza del patrimonio architettonico&#8221;.<\/p>\n<p> \tLo ha reso noto l&#39;assessore regionale alle Infrastrutture e Territorio, <strong>Graziano Pizzimenti<\/strong>, oggi nel corso del sopralluogo all&#39;abbazia di Rosazzo accompagnato dal direttore della Fondazione omonima, <strong>monsignor Sergio di Giusto<\/strong>, e dal sindaco e dall&#39;assessore del Comune di Manzano <strong>Piero Furlani<\/strong> e <strong>Daniele Macorig<\/strong>.<\/p>\n<p> \tPizzimenti ha visitato tutto il sito dell&#39;abbazia, complesso storico risalente all\u2019XI secolo, gioiello del patrimonio culturale, architettonico e paesaggistico nel cuore dei Colli orientali del Friuli, luogo di spiritualit\u00e0 e cultura, sede di mostre d&#39;arte, concerti, conferenze ed eventi e che \u00e8 stato oggetto anche di recenti restauri negli immobili di propriet\u00e0 dell&#39;Arcidiocesi di Udine.<\/p>\n<p> \tLa rilevanza turistica e culturale del sito \u00e8 stata rimarcata alla Regione dai vertici della Fondazione e dell&#39;Amministrazione comunale di Manzano.<\/p>\n<p> \t&#8220;Questo \u00e8 un sito di bellezza impareggiabile che merita tutti gli investimenti di manutenzione perch\u00e9 di certo sono lungimiranti, visto il valore storico, artistico e paesaggistico&#8221; ha concluso Pizzimenti.<\/p>\n","protected":false},"excerpt":{"rendered":"<p>La conferma dell&#8217;assessore Pizzimenti<\/p>\n","protected":false},"author":28,"featured_media":40066,"comment_status":"closed","ping_status":"closed","sticky":false,"template":"","format":"standard","meta":{"dwc-title":[],"dwc-content":[],"footnotes":""},"categories":[5],"tags":[],"class_list":["post-40065","post","type-post","status-publish","format-standard","has-post-thumbnail","hentry","category-attualita"],"rttpg_featured_image_url":{"full":["https:\/\/imagazine.it\/wp-content\/uploads\/2024\/01\/42320-1.webp",800,657,false],"landscape":["https:\/\/imagazine.it\/wp-content\/uploads\/2024\/01\/42320-1.webp",800,657,false],"portraits":["https:\/\/imagazine.it\/wp-content\/uploads\/2024\/01\/42320-1.webp",800,657,false],"thumbnail":["https:\/\/imagazine.it\/wp-content\/uploads\/2024\/01\/42320-1-150x150.webp",150,150,true],"medium":["https:\/\/imagazine.it\/wp-content\/uploads\/2024\/01\/42320-1-300x246.webp",300,246,true],"large":["https:\/\/imagazine.it\/wp-content\/uploads\/2024\/01\/42320-1.webp",640,526,false],"thumblist":["https:\/\/imagazine.it\/wp-content\/uploads\/2024\/01\/42320-1.webp",300,246,false],"thumbrelated":["https:\/\/imagazine.it\/wp-content\/uploads\/2024\/01\/42320-1.webp",500,411,false],"meccarouselthumb":["https:\/\/imagazine.it\/wp-content\/uploads\/2024\/01\/42320-1.webp",395,324,false],"gridsquare":["https:\/\/imagazine.it\/wp-content\/uploads\/2024\/01\/42320-1.webp",317,260,false],"tileview":["https:\/\/imagazine.it\/wp-content\/uploads\/2024\/01\/42320-1.webp",300,246,false],"1536x1536":["https:\/\/imagazine.it\/wp-content\/uploads\/2024\/01\/42320-1.webp",800,657,false],"2048x2048":["https:\/\/imagazine.it\/wp-content\/uploads\/2024\/01\/42320-1.webp",800,657,false],"newsup-slider-full":["https:\/\/imagazine.it\/wp-content\/uploads\/2024\/01\/42320-1.webp",800,657,false],"newsup-featured":["https:\/\/imagazine.it\/wp-content\/uploads\/2024\/01\/42320-1.webp",800,657,false],"newsup-medium":["https:\/\/imagazine.it\/wp-content\/uploads\/2024\/01\/42320-1-720x380.webp",720,380,true],"tptn_thumbnail":["https:\/\/imagazine.it\/wp-content\/uploads\/2024\/01\/42320-1.webp",250,205,false],"sow-carousel-default":["https:\/\/imagazine.it\/wp-content\/uploads\/2024\/01\/42320-1-272x182.webp",272,182,true]},"rttpg_author":{"display_name":"redazione","author_link":"https:\/\/imagazine.it\/home_desk\/author\/redazione\/"},"rttpg_comment":0,"rttpg_category":"<a href=\"https:\/\/imagazine.it\/home_desk\/category\/attualita\/\" rel=\"category tag\">ATTUALIT\u00c0<\/a>","rttpg_excerpt":"La conferma dell'assessore Pizzimenti","_links":{"self":[{"href":"https:\/\/imagazine.it\/home_desk\/wp-json\/wp\/v2\/posts\/40065","targetHints":{"allow":["GET"]}}],"collection":[{"href":"https:\/\/imagazine.it\/home_desk\/wp-json\/wp\/v2\/posts"}],"about":[{"href":"https:\/\/imagazine.it\/home_desk\/wp-json\/wp\/v2\/types\/post"}],"author":[{"embeddable":true,"href":"https:\/\/imagazine.it\/home_desk\/wp-json\/wp\/v2\/users\/28"}],"replies":[{"embeddable":true,"href":"https:\/\/imagazine.it\/home_desk\/wp-json\/wp\/v2\/comments?post=40065"}],"version-history":[{"count":0,"href":"https:\/\/imagazine.it\/home_desk\/wp-json\/wp\/v2\/posts\/40065\/revisions"}],"wp:featuredmedia":[{"embeddable":true,"href":"https:\/\/imagazine.it\/home_desk\/wp-json\/wp\/v2\/media\/40066"}],"wp:attachment":[{"href":"https:\/\/imagazine.it\/home_desk\/wp-json\/wp\/v2\/media?parent=40065"}],"wp:term":[{"taxonomy":"category","embeddable":true,"href":"https:\/\/imagazine.it\/home_desk\/wp-json\/wp\/v2\/categories?post=40065"},{"taxonomy":"post_tag","embeddable":true,"href":"https:\/\/imagazine.it\/home_desk\/wp-json\/wp\/v2\/tags?post=40065"}],"curies":[{"name":"wp","href":"https:\/\/api.w.org\/{rel}","templated":true}]}}