{"id":40063,"date":"2021-08-10T00:00:00","date_gmt":"2021-08-09T23:00:00","guid":{"rendered":"https:\/\/imagazine.it\/?p=40063"},"modified":"2021-08-10T00:00:00","modified_gmt":"2021-08-09T23:00:00","slug":"pratiche-edilizie-turriaco-punta-sul-digitale","status":"publish","type":"post","link":"https:\/\/imagazine.it\/home_desk\/pratiche-edilizie-turriaco-punta-sul-digitale\/","title":{"rendered":"Pratiche edilizie, Turriaco punta sul digitale"},"content":{"rendered":"<p> \tCirca un anno e mezzo fa era iniziata la rivoluzione informatica che porter\u00e0 alla progressiva digitalizzazione delle pratiche edilizie cartacee nel <strong>comune di Turriaco<\/strong>, che poi verranno gestite attraverso il software Alice, fornito da Insiel (societ\u00e0 pubblica della Regione FVG che si occupa dei servizi informatici).<\/p>\n<p> \tLa prima fase del lavoro, a buon punto, consiste nell\u2019archiviazione digitale di tutte le pratiche edilizie, organizzate per ogni singolo edificio, in modo da poterne cos\u00ec documentare completamente la storia. Archiviazione che sta avvenendo attraverso la scansione e l\u2019indicizzazione di tutti i documenti, collegando a ogni pratica edilizia tutti gli atti a essa afferenti, compresi gli elaborati grafici di progetto. Ora questa fase sta procedendo pi\u00f9 speditamente, grazie all\u2019innesto di due Lavoratori di Pubblica Utilit\u00e0 con disabilit\u00e0 (compatibile con la funzione), che hanno iniziato da met\u00e0 giugno 2021 e proseguiranno per 6 mesi ciascuno a supporto dell\u2019Amministrazione comunale per questa iniziativa.\u00a0<\/p>\n<p> \t\u201cQuando ci siamo resi conto che la digitalizzazione \u00e8 un\u2019impresa molto impegnativa \u2013 \u00a0afferma il sindaco di Turriaco, <strong>Enrico Bullian<\/strong> \u2013 \u00a0abbiamo deciso di trovare il modo di affiancare ulteriore personale alla sola persona che ci fornisce una prestazione di servizio. Abbiamo cos\u00ec ottenuto dalla Regione <strong>un contributo <\/strong><strong>di oltre 31 mila euro<\/strong><strong> per l\u2019assunzione di questi due <\/strong><strong>Lavoratori di Pubblica Utilit\u00e0<\/strong>, al fine di concludere la scansione dei documenti e il caricamento sul software nell\u2019arco dei prossimi mesi. Nel frattempo, in collaborazione con il Servizio mandamentale di informatica (CED) di Monfalcone, abbiamo migliorato le postazioni per scansionare i documenti, con strumentazione pi\u00f9 professionale. Il progetto \u00e8 autorizzato dalla Soprintendenza Archivistica del FVG. A oggi abbiamo superato la met\u00e0 delle pratiche degli edifici da scansionare (ci avviciniamo alle 500 su 850) e abbiamo avviato il caricamento di alcune pratiche su Alice, con l\u2019intento di procedere in parallelo sui due piani. Un ringraziamento va rivolto anche ai nostri due nuovi collaboratori neo-assunti\u201d. \u00a0\u00a0<\/p>\n<p> \t\u201cIl principale beneficio che si vuole ottenere \u2013 prosegue il primo cittadino \u2013 \u00e8 la drastica riduzione del dispendio di tempo per la ricerca delle pratiche. Quando saremo a regime questo rappresenter\u00e0 un vero e proprio nuovo servizio a disposizione dei professionisti (e dei cittadini), che potranno ricevere in minor tempo i documenti gi\u00e0 digitalizzati\u201d.<\/p>\n<p> \tA partire dal 2020, per favorire questo virtuoso processo di digitalizzazione, era gi\u00e0 stata resa obbligatoria la consegna anche in formato digitale di tutta la documentazione collegata a ogni singola procedura edilizia privata, a eccezione di quelle riguardanti immobili a destinazione produttiva, per le quali gi\u00e0 sussisteva l\u2019obbligo di trasmissione on-line attraverso il SUAP (Sportello Unico Attivit\u00e0 Produttive).<\/p>\n","protected":false},"excerpt":{"rendered":"<p>Grazie all&#8217;inserimento di Lavoratori di Pubblica Utilit\u00e0<\/p>\n","protected":false},"author":22,"featured_media":40064,"comment_status":"closed","ping_status":"closed","sticky":false,"template":"","format":"standard","meta":{"dwc-title":[],"dwc-content":[],"footnotes":""},"categories":[5],"tags":[],"class_list":["post-40063","post","type-post","status-publish","format-standard","has-post-thumbnail","hentry","category-attualita"],"rttpg_featured_image_url":{"full":["https:\/\/imagazine.it\/wp-content\/uploads\/2024\/01\/42319-1.webp",1000,668,false],"landscape":["https:\/\/imagazine.it\/wp-content\/uploads\/2024\/01\/42319-1.webp",1000,668,false],"portraits":["https:\/\/imagazine.it\/wp-content\/uploads\/2024\/01\/42319-1.webp",1000,668,false],"thumbnail":["https:\/\/imagazine.it\/wp-content\/uploads\/2024\/01\/42319-1-150x150.webp",150,150,true],"medium":["https:\/\/imagazine.it\/wp-content\/uploads\/2024\/01\/42319-1-300x200.webp",300,200,true],"large":["https:\/\/imagazine.it\/wp-content\/uploads\/2024\/01\/42319-1.webp",640,428,false],"thumblist":["https:\/\/imagazine.it\/wp-content\/uploads\/2024\/01\/42319-1.webp",300,200,false],"thumbrelated":["https:\/\/imagazine.it\/wp-content\/uploads\/2024\/01\/42319-1.webp",500,334,false],"meccarouselthumb":["https:\/\/imagazine.it\/wp-content\/uploads\/2024\/01\/42319-1.webp",474,317,false],"gridsquare":["https:\/\/imagazine.it\/wp-content\/uploads\/2024\/01\/42319-1.webp",389,260,false],"tileview":["https:\/\/imagazine.it\/wp-content\/uploads\/2024\/01\/42319-1.webp",300,200,false],"1536x1536":["https:\/\/imagazine.it\/wp-content\/uploads\/2024\/01\/42319-1.webp",1000,668,false],"2048x2048":["https:\/\/imagazine.it\/wp-content\/uploads\/2024\/01\/42319-1.webp",1000,668,false],"newsup-slider-full":["https:\/\/imagazine.it\/wp-content\/uploads\/2024\/01\/42319-1.webp",1000,668,false],"newsup-featured":["https:\/\/imagazine.it\/wp-content\/uploads\/2024\/01\/42319-1.webp",1000,668,false],"newsup-medium":["https:\/\/imagazine.it\/wp-content\/uploads\/2024\/01\/42319-1-720x380.webp",720,380,true],"tptn_thumbnail":["https:\/\/imagazine.it\/wp-content\/uploads\/2024\/01\/42319-1.webp",250,167,false],"sow-carousel-default":["https:\/\/imagazine.it\/wp-content\/uploads\/2024\/01\/42319-1-272x182.webp",272,182,true]},"rttpg_author":{"display_name":"Livio Nonis","author_link":"https:\/\/imagazine.it\/home_desk\/author\/nonis\/"},"rttpg_comment":0,"rttpg_category":"<a href=\"https:\/\/imagazine.it\/home_desk\/category\/attualita\/\" rel=\"category tag\">ATTUALIT\u00c0<\/a>","rttpg_excerpt":"Grazie all'inserimento di Lavoratori di Pubblica Utilit\u00e0","_links":{"self":[{"href":"https:\/\/imagazine.it\/home_desk\/wp-json\/wp\/v2\/posts\/40063","targetHints":{"allow":["GET"]}}],"collection":[{"href":"https:\/\/imagazine.it\/home_desk\/wp-json\/wp\/v2\/posts"}],"about":[{"href":"https:\/\/imagazine.it\/home_desk\/wp-json\/wp\/v2\/types\/post"}],"author":[{"embeddable":true,"href":"https:\/\/imagazine.it\/home_desk\/wp-json\/wp\/v2\/users\/22"}],"replies":[{"embeddable":true,"href":"https:\/\/imagazine.it\/home_desk\/wp-json\/wp\/v2\/comments?post=40063"}],"version-history":[{"count":0,"href":"https:\/\/imagazine.it\/home_desk\/wp-json\/wp\/v2\/posts\/40063\/revisions"}],"wp:featuredmedia":[{"embeddable":true,"href":"https:\/\/imagazine.it\/home_desk\/wp-json\/wp\/v2\/media\/40064"}],"wp:attachment":[{"href":"https:\/\/imagazine.it\/home_desk\/wp-json\/wp\/v2\/media?parent=40063"}],"wp:term":[{"taxonomy":"category","embeddable":true,"href":"https:\/\/imagazine.it\/home_desk\/wp-json\/wp\/v2\/categories?post=40063"},{"taxonomy":"post_tag","embeddable":true,"href":"https:\/\/imagazine.it\/home_desk\/wp-json\/wp\/v2\/tags?post=40063"}],"curies":[{"name":"wp","href":"https:\/\/api.w.org\/{rel}","templated":true}]}}