{"id":40025,"date":"2021-08-06T00:00:00","date_gmt":"2021-08-05T23:00:00","guid":{"rendered":"https:\/\/imagazine.it\/?p=40025"},"modified":"2021-08-06T00:00:00","modified_gmt":"2021-08-05T23:00:00","slug":"da-ravenna-a-trieste-per-gareggiare-alla-barcolana","status":"publish","type":"post","link":"https:\/\/imagazine.it\/home_desk\/da-ravenna-a-trieste-per-gareggiare-alla-barcolana\/","title":{"rendered":"Da Ravenna a Trieste per gareggiare alla Barcolana"},"content":{"rendered":"<p> \tSar\u00e0 una regata di avvicinamento a <strong>Trieste<\/strong> per partecipare alla pi\u00f9 grande regata del mondo. Una <strong>prova d\u2019altura di 95 miglia<\/strong> nata dalla collaborazione tra il <strong>Circolo Velico Ravennate<\/strong> e la <strong>Societ\u00e0 Velica Barcola e Grignano<\/strong>.<\/p>\n<p> \tAttorno alla <strong>Barcolana<\/strong> stanno crescendo gli eventi che nearricchiscono il contenuto e soprattutto il divertimento per gli armatori.<\/p>\n<p> \tPer avvicinare la flotta del centro Adriatico rendendo pi\u00f9 interessante l\u2019arrivo a Trieste, la Societ\u00e0 Velica Barcola e Grignano e il Circolo Velico Ravennate hanno stretto un accordo per trasformare il trasferimento in una regata. Si partir\u00e0 per la prima edizione <strong>gioved\u00ec 7 ottobre <\/strong>nel tardo pomeriggio, per arrivare a Trieste nella giornata di venerd\u00ec. Potranno partecipare tutte le barche d\u2019altura con lunghezza maggiore di 8,46 m che fanno classifica alla Barcolana, divise nelle stesse classi. Inoltre, verr\u00e0 assegnato un premio al primo arrivato applicando i compensi ORC.<\/p>\n<p> \tLe imbarcazioni provenienti dall\u2019Adriatico meridionale potranno concentrarsi a <strong>Ravenna<\/strong>, uno dei porti pi\u00f9 sicuri e agibili con ogni condizione meteo, a partire dal fine settimana precedente. Le iscrizioni saranno aperte dal 6 settembre, unica condizione di essere iscritti alla Barcolana: per questo gli armatori riceveranno un unico numero di mascone che li accompagner\u00e0 sia in questa prova di avvicinamento sia durante l\u2019evento di Trieste.<\/p>\n<p> \t\u201cUna nuova rotta si aggiunge alle tante presenti quest\u2019anno in Barcolana \u2013 commenta il presidente della SVBG <strong>Mitja Gialuz<\/strong> \u2013 ed \u00e8 una rotta che siamo estremamente felici di attivare. Il concetto di \u201cGo To Barcolana\u201d \u00e8 nato sei anni fa, con l\u2019obiettivo di trasformare i trasferimenti verso la Barcolana in occasioni di navigazione collettiva e regata. La rotta Ravenna-Trieste \u00e8 molto importante per Barcolana, che insieme al Circolo Velico Ravennate render\u00e0 protagonisti gli equipaggi provenienti dell\u2019Adriatico centrale e meridionale: accoglieremo con tutti gli onori e il nostro affetto i partecipanti alla Ravenna-Barcolana, racconteremo le loro storie di mare e li festeggeremo una volta giunti a Trieste, nel pi\u00f9 pieno spirito che contraddistingue Barcolana. Dietro alla regata si legge la volont\u00e0 comune di SVBG e CVR, la voglia di collaborare dal punto di vista sportivo e di creare insieme nuove iniziative che promuovono e valorizzano il nostro sport, unendo le persone attraverso la loro passione\u201d.<\/p>\n<p> \t\u201c\u00c8 un evento che lega citt\u00e0 e circoli con grandi tradizioni veliche sportive \u2013 afferma il vicepresidente del CVR <strong>Matteo Plazzi<\/strong> \u2013 e l\u2019Alto Adriatico ha una fortissima tradizione di regate con bacini di utenza che non sempre si mescolano dando vita a grandi eventi. Crediamo allo sviluppo di un rinnovato movimento di barche d\u2019altura e abbiamo anche un progetto pi\u00f9 ampio per riportare in regata e in alto mare tanti appassionati\u201d.<\/p>\n<p> \t\u201cLa vela d\u2019altura \u2013 spiega il direttore sportivo altomare della SVBG, <strong>Dean Bassi<\/strong> \u2013 sta riscuotendo sempre pi\u00f9 successo in Italia, e questa nuova regata ne \u00e8 la prova: \u00e8 un appuntamento sicuramente divertente e sfidante per gli equipaggi che sceglieranno di risalire l\u2019Adriatico,<br \/> \tun\u2019occasione per mettersi alla prova e vivere insieme la rotta che conduce a Trieste\u201d.<\/p>\n<p> \t\u201cOgni anno \u2013 fa eco <strong>Giovanni Ceccarelli<\/strong>, responsabile altura del CVR \u2013 dai nostri moli partono per la Barcolana una cinquantina di barche d\u2019altura. Vogliamo dare una forma regata a questo trasferimento e dare un riferimento anche agli altri circoli della costa. Inoltre le due citt\u00e0 hanno importanti realt\u00e0 imprenditoriali nel diporto che vanno sostenute\u201d.<\/p>\n<p> \tTutte le informazioni sulla regata saranno disponibili sul sito web della Barcolana e del Circolo Velico Ravennate.<\/p>\n","protected":false},"excerpt":{"rendered":"<p>Collaborazione tra il Circolo Velico Ravennate e SVBG<\/p>\n","protected":false},"author":28,"featured_media":40026,"comment_status":"closed","ping_status":"closed","sticky":false,"template":"","format":"standard","meta":{"dwc-title":[],"dwc-content":[],"footnotes":""},"categories":[38],"tags":[],"class_list":["post-40025","post","type-post","status-publish","format-standard","has-post-thumbnail","hentry","category-sport"],"rttpg_featured_image_url":{"full":["https:\/\/imagazine.it\/wp-content\/uploads\/2024\/01\/42208-1.webp",1000,561,false],"landscape":["https:\/\/imagazine.it\/wp-content\/uploads\/2024\/01\/42208-1.webp",1000,561,false],"portraits":["https:\/\/imagazine.it\/wp-content\/uploads\/2024\/01\/42208-1.webp",1000,561,false],"thumbnail":["https:\/\/imagazine.it\/wp-content\/uploads\/2024\/01\/42208-1-150x150.webp",150,150,true],"medium":["https:\/\/imagazine.it\/wp-content\/uploads\/2024\/01\/42208-1-300x168.webp",300,168,true],"large":["https:\/\/imagazine.it\/wp-content\/uploads\/2024\/01\/42208-1.webp",640,359,false],"thumblist":["https:\/\/imagazine.it\/wp-content\/uploads\/2024\/01\/42208-1.webp",300,168,false],"thumbrelated":["https:\/\/imagazine.it\/wp-content\/uploads\/2024\/01\/42208-1.webp",500,281,false],"meccarouselthumb":["https:\/\/imagazine.it\/wp-content\/uploads\/2024\/01\/42208-1.webp",474,266,false],"gridsquare":["https:\/\/imagazine.it\/wp-content\/uploads\/2024\/01\/42208-1.webp",391,219,false],"tileview":["https:\/\/imagazine.it\/wp-content\/uploads\/2024\/01\/42208-1.webp",300,168,false],"1536x1536":["https:\/\/imagazine.it\/wp-content\/uploads\/2024\/01\/42208-1.webp",1000,561,false],"2048x2048":["https:\/\/imagazine.it\/wp-content\/uploads\/2024\/01\/42208-1.webp",1000,561,false],"newsup-slider-full":["https:\/\/imagazine.it\/wp-content\/uploads\/2024\/01\/42208-1.webp",1000,561,false],"newsup-featured":["https:\/\/imagazine.it\/wp-content\/uploads\/2024\/01\/42208-1.webp",1000,561,false],"newsup-medium":["https:\/\/imagazine.it\/wp-content\/uploads\/2024\/01\/42208-1-720x380.webp",720,380,true],"tptn_thumbnail":["https:\/\/imagazine.it\/wp-content\/uploads\/2024\/01\/42208-1.webp",250,140,false],"sow-carousel-default":["https:\/\/imagazine.it\/wp-content\/uploads\/2024\/01\/42208-1-272x182.webp",272,182,true]},"rttpg_author":{"display_name":"redazione","author_link":"https:\/\/imagazine.it\/home_desk\/author\/redazione\/"},"rttpg_comment":0,"rttpg_category":"<a href=\"https:\/\/imagazine.it\/home_desk\/category\/sport\/\" rel=\"category tag\">SPORT<\/a>","rttpg_excerpt":"Collaborazione tra il Circolo Velico Ravennate e SVBG","_links":{"self":[{"href":"https:\/\/imagazine.it\/home_desk\/wp-json\/wp\/v2\/posts\/40025","targetHints":{"allow":["GET"]}}],"collection":[{"href":"https:\/\/imagazine.it\/home_desk\/wp-json\/wp\/v2\/posts"}],"about":[{"href":"https:\/\/imagazine.it\/home_desk\/wp-json\/wp\/v2\/types\/post"}],"author":[{"embeddable":true,"href":"https:\/\/imagazine.it\/home_desk\/wp-json\/wp\/v2\/users\/28"}],"replies":[{"embeddable":true,"href":"https:\/\/imagazine.it\/home_desk\/wp-json\/wp\/v2\/comments?post=40025"}],"version-history":[{"count":0,"href":"https:\/\/imagazine.it\/home_desk\/wp-json\/wp\/v2\/posts\/40025\/revisions"}],"wp:featuredmedia":[{"embeddable":true,"href":"https:\/\/imagazine.it\/home_desk\/wp-json\/wp\/v2\/media\/40026"}],"wp:attachment":[{"href":"https:\/\/imagazine.it\/home_desk\/wp-json\/wp\/v2\/media?parent=40025"}],"wp:term":[{"taxonomy":"category","embeddable":true,"href":"https:\/\/imagazine.it\/home_desk\/wp-json\/wp\/v2\/categories?post=40025"},{"taxonomy":"post_tag","embeddable":true,"href":"https:\/\/imagazine.it\/home_desk\/wp-json\/wp\/v2\/tags?post=40025"}],"curies":[{"name":"wp","href":"https:\/\/api.w.org\/{rel}","templated":true}]}}