{"id":40007,"date":"2021-08-04T00:00:00","date_gmt":"2021-08-03T23:00:00","guid":{"rendered":"https:\/\/imagazine.it\/?p=40007"},"modified":"2021-08-04T00:00:00","modified_gmt":"2021-08-03T23:00:00","slug":"resia-arriva-la-rete-elettrica-a-sella-carnizza","status":"publish","type":"post","link":"https:\/\/imagazine.it\/home_desk\/resia-arriva-la-rete-elettrica-a-sella-carnizza\/","title":{"rendered":"Resia, arriva la rete elettrica a Sella Carnizza"},"content":{"rendered":"<p> \tL\u2019energia elettrica \u00e8 arrivata anche negli antichi <strong>Stavoli Gnivizza<\/strong>, in localit\u00e0 <strong>Sella Carnizza di Resia<\/strong>.<\/p>\n<p> \tLa localit\u00e0, frequentata soprattutto dagli abitanti della frazione di Gnivizza che conducevano qui il bestiame in alpeggio, \u00e8 diventata una meta turistica grazie al contesto montano di particolare pregio e bellezza. E da oggi sar\u00e0 anche una destinazione \u201ca misura d\u2019ambiente\u201d perch\u00e9 potranno essere finalmente accantonati i generatori che fino a oggi assicuravano l\u2019energia elettrica ai privati.<\/p>\n<p> \tL\u2019elettrificazione della zona ha richiesto interventi complessi sia per la tipologia di territorio sia per la distanza rispetto alla rete elettrica pi\u00f9 vicina. E-Distribuzione, la Societ\u00e0 del Gruppo Enel che gestisce la rete elettrica di media e bassa tensione, ha dunque realizzato\u00a0<strong>un impianto in media tensione (20.000 volt) completamente interrato lungo quasi 8 km<\/strong>: un<strong>\u00a0primo tratto di circa 4 chilometri \u00e8 stato posato lungo la strada comunale<\/strong>, successivamente riasfaltata per tutta la sua estensione, mentre il tratto successivo segue la strada che conduce fino agli Stavoli Gnivizza, anch\u2019 essa interamente riasfaltata.<\/p>\n<p> \tQui \u00e8 stata\u00a0<strong>costruita una cabina di trasformazione<\/strong>, rivestita in pietra in linea con le tipiche baite della zona, gli stavoli, che consente l\u2019alimentazione finale di tutte le forniture elettriche.<\/p>\n<p> \tL\u2019impianto \u00e8 in grado di assicurare, in caso di disservizio, una\u00a0<strong>alimentazione alternativa anche a Resia e a Uccea<\/strong>, migliorando ulteriormente il livello di qualit\u00e0 del servizio nella zona, e potr\u00e0 inoltre essere utilizzato per fornire energia elettrica agli impianti di telefonia che potranno essere installati per la copertura della zona.<\/p>\n<p> \t<em>\u201cIl raggiungimento di questo importante traguardo<\/em> &#8211; sottolinea<strong> \u00a0Stefano Tosato<\/strong>, referente Progettazione Lavori di\u00a0E-Distribuzione\u00a0per il Friuli Venezia Giulia &#8211;\u00a0<em>\u00e8 stato reso possibile dalla\u00a0sinergia con il Comune di Resia e con il Parco Naturale \u00a0delle Prealpi Giulie\u00a0che hanno assicurato una costante collaborazione, fondamentale nella progettazione e nella realizzazione di un intervento che ha adottato soluzioni tecniche particolari e specifiche per assicurare il minimo impatto rispetto in un\u2019area di particolare pregio<\/em>&#8220;.<\/p>\n<p> \t<em>\u201cOggi &#8211;<\/em> afferma<strong> Anna Micelli<\/strong>, sindaco di Resia &#8211;<em> \u00e8 una giornata importante per tutta la comunit\u00e0 resiana: \u00e8 arrivata energia elettrica a Sella Carnizza, a 1000 m di altitudine con un villaggio di stavoli cos\u00ec caro ai nostri residenti e non solo. \u00c8 un posto speciale che oggi pu\u00f2 beneficiare di questo intervento grazie ad E-distribuzione<\/em>\u201d.<\/p>\n<p> \t<em>\u201cL\u2019importanza per un Parco di avere un collegamento elettrico oltre all\u2019importanza per una comunit\u00e0 di avere un servizio essenziale &#8211;<\/em> puntualizza<strong> Annalisa Di Lenardo<\/strong>, presidente del Parco Naturale delle Prealpi Giulie<em> &#8211; ha una notevole valenza dal punto di vista ambientale, per avere un\u2019energia pi\u00f9 pulita ed evitare inquinamento per l\u2019ambiente. Oltre a\u00a0tutto ci\u00f2 \u00e8 fondamentale anche per lo sviluppo turistico della zona. Abbiamo infatti molti progetti con il parco confinante della Slovenia. Il fatto di avere elettricit\u00e0 a Sella Carnizza ci d\u00e0 una possibilit\u00e0 in pi\u00f9 anche per il transito del turismo con bici, le quali necessitano di ricarica trattandosi di una salita importante e quindi vi \u00e8 la necessit\u00e0 di un punto di ricarica delle batterie<\/em>\u201d.<\/p>\n","protected":false},"excerpt":{"rendered":"<p>Intervento di E-Distribuzione<\/p>\n","protected":false},"author":28,"featured_media":40008,"comment_status":"closed","ping_status":"closed","sticky":false,"template":"","format":"standard","meta":{"dwc-title":[],"dwc-content":[],"footnotes":""},"categories":[5],"tags":[],"class_list":["post-40007","post","type-post","status-publish","format-standard","has-post-thumbnail","hentry","category-attualita"],"rttpg_featured_image_url":{"full":["https:\/\/imagazine.it\/wp-content\/uploads\/2024\/01\/42169-1.webp",1000,486,false],"landscape":["https:\/\/imagazine.it\/wp-content\/uploads\/2024\/01\/42169-1.webp",1000,486,false],"portraits":["https:\/\/imagazine.it\/wp-content\/uploads\/2024\/01\/42169-1.webp",1000,486,false],"thumbnail":["https:\/\/imagazine.it\/wp-content\/uploads\/2024\/01\/42169-1-150x150.webp",150,150,true],"medium":["https:\/\/imagazine.it\/wp-content\/uploads\/2024\/01\/42169-1-300x146.webp",300,146,true],"large":["https:\/\/imagazine.it\/wp-content\/uploads\/2024\/01\/42169-1.webp",640,311,false],"thumblist":["https:\/\/imagazine.it\/wp-content\/uploads\/2024\/01\/42169-1.webp",300,146,false],"thumbrelated":["https:\/\/imagazine.it\/wp-content\/uploads\/2024\/01\/42169-1.webp",500,243,false],"meccarouselthumb":["https:\/\/imagazine.it\/wp-content\/uploads\/2024\/01\/42169-1.webp",474,230,false],"gridsquare":["https:\/\/imagazine.it\/wp-content\/uploads\/2024\/01\/42169-1.webp",391,190,false],"tileview":["https:\/\/imagazine.it\/wp-content\/uploads\/2024\/01\/42169-1.webp",300,146,false],"1536x1536":["https:\/\/imagazine.it\/wp-content\/uploads\/2024\/01\/42169-1.webp",1000,486,false],"2048x2048":["https:\/\/imagazine.it\/wp-content\/uploads\/2024\/01\/42169-1.webp",1000,486,false],"newsup-slider-full":["https:\/\/imagazine.it\/wp-content\/uploads\/2024\/01\/42169-1.webp",1000,486,false],"newsup-featured":["https:\/\/imagazine.it\/wp-content\/uploads\/2024\/01\/42169-1.webp",1000,486,false],"newsup-medium":["https:\/\/imagazine.it\/wp-content\/uploads\/2024\/01\/42169-1-720x380.webp",720,380,true],"tptn_thumbnail":["https:\/\/imagazine.it\/wp-content\/uploads\/2024\/01\/42169-1.webp",250,122,false],"sow-carousel-default":["https:\/\/imagazine.it\/wp-content\/uploads\/2024\/01\/42169-1-272x182.webp",272,182,true]},"rttpg_author":{"display_name":"redazione","author_link":"https:\/\/imagazine.it\/home_desk\/author\/redazione\/"},"rttpg_comment":0,"rttpg_category":"<a href=\"https:\/\/imagazine.it\/home_desk\/category\/attualita\/\" rel=\"category tag\">ATTUALIT\u00c0<\/a>","rttpg_excerpt":"Intervento di E-Distribuzione","_links":{"self":[{"href":"https:\/\/imagazine.it\/home_desk\/wp-json\/wp\/v2\/posts\/40007","targetHints":{"allow":["GET"]}}],"collection":[{"href":"https:\/\/imagazine.it\/home_desk\/wp-json\/wp\/v2\/posts"}],"about":[{"href":"https:\/\/imagazine.it\/home_desk\/wp-json\/wp\/v2\/types\/post"}],"author":[{"embeddable":true,"href":"https:\/\/imagazine.it\/home_desk\/wp-json\/wp\/v2\/users\/28"}],"replies":[{"embeddable":true,"href":"https:\/\/imagazine.it\/home_desk\/wp-json\/wp\/v2\/comments?post=40007"}],"version-history":[{"count":0,"href":"https:\/\/imagazine.it\/home_desk\/wp-json\/wp\/v2\/posts\/40007\/revisions"}],"wp:featuredmedia":[{"embeddable":true,"href":"https:\/\/imagazine.it\/home_desk\/wp-json\/wp\/v2\/media\/40008"}],"wp:attachment":[{"href":"https:\/\/imagazine.it\/home_desk\/wp-json\/wp\/v2\/media?parent=40007"}],"wp:term":[{"taxonomy":"category","embeddable":true,"href":"https:\/\/imagazine.it\/home_desk\/wp-json\/wp\/v2\/categories?post=40007"},{"taxonomy":"post_tag","embeddable":true,"href":"https:\/\/imagazine.it\/home_desk\/wp-json\/wp\/v2\/tags?post=40007"}],"curies":[{"name":"wp","href":"https:\/\/api.w.org\/{rel}","templated":true}]}}