{"id":39971,"date":"2021-08-02T00:00:00","date_gmt":"2021-08-01T23:00:00","guid":{"rendered":"https:\/\/imagazine.it\/?p=39971"},"modified":"2021-08-02T00:00:00","modified_gmt":"2021-08-01T23:00:00","slug":"a-pordenonelegge-lesordio-teatrale-di-massimo-recalcati","status":"publish","type":"post","link":"https:\/\/imagazine.it\/home_desk\/a-pordenonelegge-lesordio-teatrale-di-massimo-recalcati\/","title":{"rendered":"A Pordenonelegge l&#8217;esordio teatrale di Massimo Recalcati"},"content":{"rendered":"<p> \tNel settembre 2020 era stato protagonista dell\u2019inaugurazione della 21^ edizione di <strong><em>pordenonelegge<\/em><\/strong>, quella del primo anno pandemico.<\/p>\n<p> \tLo psicanalista<strong> Massimo Recalcati<\/strong>, proprio nel lungo e cupo periodo del primo lockdown ha trovato l\u2019ispirazione e le motivazioni per un progetto di scrittura teatrale a lungo rimandato. \u00abSin da ragazzo, da quando avevo vent\u2019anni &#8211; spiega Recalcati &#8211; volevo scrivere di teatro. Ero un vero appassionato, mangiavo pane e teatro. Poi, come spesso accade nella vita, ci sono stati incontri che hanno deviato questa mia vocazione. Ma negli ultimi anni ho cominciato a depositare qualche appunto, con l\u2019idea di tornare al teatro. E durante il primo lockdown ho cominciato a radunare questi appunti e a scrivere un testo; ho fatto quello che, in piccolo, fa No\u00e8 nella Bibbia all\u2019indomani del diluvio. Mentre scrivevo questo testo attorno c\u2019era la morte. Suoni di campane, di autoambulanze, una Milano deserta, i nostri vecchi che morivano&#8230;\u00bb.<\/p>\n<p> \tA <em>pordenonelegge<\/em>, Festa del Libro con gli Autori in programma dal 15 al 19 settembre, Recalcati torna dunque un anno dopo, nella consueta veste di saggista, con il libro \u201c<em>Il grido di Giobbe<\/em>\u201d (Einaudi) che presenter\u00e0 gioved\u00ec 16 settembre alle 18. Ma questa volta al festival far\u00e0 tappa anche come autore del<strong> suo primo testo teatrale<\/strong>, grazie alla programmazione del Teatro Verdi Pordenone che porta in scena \u201c<em>Amen<\/em>\u201d, una produzione del <strong>Teatro Franco Parenti<\/strong> per la regia di<strong> Valter Malosti. L\u2019appuntamento \u00e8 sempre per gioved\u00ec 16 settembre, alle 20.30 al Teatro<\/strong>, dove l\u2019evento scenico, nell\u2019ambito di \u201cParole in scena\u201d a pordenonelegge, inaugurer\u00e0 anche il percorso \u201cTra letteratura e teatro\u201d del nuovo cartellone del Verdi, firmato dalla direttrice artistica <strong>Natalia Di Iorio<\/strong>.<\/p>\n<p> \tIl debutto ufficiale dello spettacolo \u00e8 previsto per il 2022 a Milano, nel frattempo<strong> a pordenonelegge sar\u00e0 Massimo Recalcati a raccontarne pubblicamente la genesi, in una serata scandita <\/strong>da una <strong>selezione di letture<\/strong> per la voce dell\u2019attrice <strong>Federica Fracassi<\/strong>.\u00a0<\/p>\n<p> \t<strong><em>\u201cAmen\u201d<\/em><\/strong>, a partire dall\u2019esperienza di una Milano deserta durante la pandemia, ruota intorno all\u2019<strong>ineluttabilit\u00e0 della fine per l\u2019essere umano <\/strong>e alla <strong>necessit\u00e0 di affermare la vita<\/strong>, in un quadro narrativo che fa suo il contrasto tra un \u201cmondo\u201d esteriore sospeso e un tempo interiore che continua a scorrere. <strong>Massimo Recalcati, presente in scena come voce narrante<\/strong>, si interroga mentre al centro della scena c\u2019\u00e8 l\u2019essere umano, neonato e poi uomo, e i suoni diventano protagonisti assoluti dello spettacolo, che assume i contorni di un\u2019installazione sonora.<\/p>\n<p> \t\u00ab<em>Amen<\/em> \u2013 commenta Recalcati \u2013 vuol dire \u201ccos\u00ec sia\u201d, \u201cche sia cos\u00ec\u201d, che la vita sia viva, <strong>che la morte non sia l\u2019ultima parola sulla vita<\/strong>. Al centro di questo testo c\u2019\u00e8 il rapporto tra la vita e la morte, e ci sono delle domande. Domande su cosa ci sar\u00e0 dopo la vita, se ci sar\u00e0 \u201cun dopo\u201d, e come saremo noi dopo la vita, cio\u00e8 il problema della resurrezione della vita dopo la morte. Certamente c\u2019\u00e8 il tema di come la vita pu\u00f2 resistere alla tentazione della morte, di come noi possiamo continuare a essere vivi pur essendo destinati alla morte e pur avendo attorno a noi la morte\u00bb.<\/p>\n<p> \tUn filo rosso legato anche a una personale esperienza vissuta da Massimo Recalcati nel momento della sua nascita: \u00abDa piccolo i medici non mi davano chance di sopravvivenza. Il medico, cos\u00ec mi raccont\u00f2 mia madre, chiam\u00f2 il prete a sostituire la scienza. Sono stato un bambino che, nel tempo del battesimo, riceve l\u2019estrema unzione. Battesimo \u2013 estrema unzione \u00e8 il ritmo della nostra esistenza, apertura e chiusura. Di questo parla<em> Amen<\/em>\u00bb.<\/p>\n","protected":false},"excerpt":{"rendered":"<p>Al Verdi la presentazione di &#8220;Amen&#8221;<\/p>\n","protected":false},"author":28,"featured_media":39972,"comment_status":"closed","ping_status":"closed","sticky":false,"template":"","format":"standard","meta":{"dwc-title":[],"dwc-content":[],"footnotes":""},"categories":[37],"tags":[],"class_list":["post-39971","post","type-post","status-publish","format-standard","has-post-thumbnail","hentry","category-cultura-e-spettacolo"],"rttpg_featured_image_url":{"full":["https:\/\/imagazine.it\/wp-content\/uploads\/2024\/01\/42051-1.webp",1000,667,false],"landscape":["https:\/\/imagazine.it\/wp-content\/uploads\/2024\/01\/42051-1.webp",1000,667,false],"portraits":["https:\/\/imagazine.it\/wp-content\/uploads\/2024\/01\/42051-1.webp",1000,667,false],"thumbnail":["https:\/\/imagazine.it\/wp-content\/uploads\/2024\/01\/42051-1-150x150.webp",150,150,true],"medium":["https:\/\/imagazine.it\/wp-content\/uploads\/2024\/01\/42051-1-300x200.webp",300,200,true],"large":["https:\/\/imagazine.it\/wp-content\/uploads\/2024\/01\/42051-1.webp",640,427,false],"thumblist":["https:\/\/imagazine.it\/wp-content\/uploads\/2024\/01\/42051-1.webp",300,200,false],"thumbrelated":["https:\/\/imagazine.it\/wp-content\/uploads\/2024\/01\/42051-1.webp",500,334,false],"meccarouselthumb":["https:\/\/imagazine.it\/wp-content\/uploads\/2024\/01\/42051-1.webp",474,316,false],"gridsquare":["https:\/\/imagazine.it\/wp-content\/uploads\/2024\/01\/42051-1.webp",391,260,false],"tileview":["https:\/\/imagazine.it\/wp-content\/uploads\/2024\/01\/42051-1.webp",300,200,false],"1536x1536":["https:\/\/imagazine.it\/wp-content\/uploads\/2024\/01\/42051-1.webp",1000,667,false],"2048x2048":["https:\/\/imagazine.it\/wp-content\/uploads\/2024\/01\/42051-1.webp",1000,667,false],"newsup-slider-full":["https:\/\/imagazine.it\/wp-content\/uploads\/2024\/01\/42051-1.webp",1000,667,false],"newsup-featured":["https:\/\/imagazine.it\/wp-content\/uploads\/2024\/01\/42051-1.webp",1000,667,false],"newsup-medium":["https:\/\/imagazine.it\/wp-content\/uploads\/2024\/01\/42051-1-720x380.webp",720,380,true],"tptn_thumbnail":["https:\/\/imagazine.it\/wp-content\/uploads\/2024\/01\/42051-1.webp",250,167,false],"sow-carousel-default":["https:\/\/imagazine.it\/wp-content\/uploads\/2024\/01\/42051-1-272x182.webp",272,182,true]},"rttpg_author":{"display_name":"redazione","author_link":"https:\/\/imagazine.it\/home_desk\/author\/redazione\/"},"rttpg_comment":0,"rttpg_category":"<a href=\"https:\/\/imagazine.it\/home_desk\/category\/cultura-e-spettacolo\/\" rel=\"category tag\">CULTURA&amp;SPETTACOLO<\/a>","rttpg_excerpt":"Al Verdi la presentazione di \"Amen\"","_links":{"self":[{"href":"https:\/\/imagazine.it\/home_desk\/wp-json\/wp\/v2\/posts\/39971","targetHints":{"allow":["GET"]}}],"collection":[{"href":"https:\/\/imagazine.it\/home_desk\/wp-json\/wp\/v2\/posts"}],"about":[{"href":"https:\/\/imagazine.it\/home_desk\/wp-json\/wp\/v2\/types\/post"}],"author":[{"embeddable":true,"href":"https:\/\/imagazine.it\/home_desk\/wp-json\/wp\/v2\/users\/28"}],"replies":[{"embeddable":true,"href":"https:\/\/imagazine.it\/home_desk\/wp-json\/wp\/v2\/comments?post=39971"}],"version-history":[{"count":0,"href":"https:\/\/imagazine.it\/home_desk\/wp-json\/wp\/v2\/posts\/39971\/revisions"}],"wp:featuredmedia":[{"embeddable":true,"href":"https:\/\/imagazine.it\/home_desk\/wp-json\/wp\/v2\/media\/39972"}],"wp:attachment":[{"href":"https:\/\/imagazine.it\/home_desk\/wp-json\/wp\/v2\/media?parent=39971"}],"wp:term":[{"taxonomy":"category","embeddable":true,"href":"https:\/\/imagazine.it\/home_desk\/wp-json\/wp\/v2\/categories?post=39971"},{"taxonomy":"post_tag","embeddable":true,"href":"https:\/\/imagazine.it\/home_desk\/wp-json\/wp\/v2\/tags?post=39971"}],"curies":[{"name":"wp","href":"https:\/\/api.w.org\/{rel}","templated":true}]}}