{"id":39961,"date":"2021-07-30T00:00:00","date_gmt":"2021-07-29T23:00:00","guid":{"rendered":"https:\/\/imagazine.it\/?p=39961"},"modified":"2021-07-30T00:00:00","modified_gmt":"2021-07-29T23:00:00","slug":"trieste-restyling-per-il-tribunale","status":"publish","type":"post","link":"https:\/\/imagazine.it\/home_desk\/trieste-restyling-per-il-tribunale\/","title":{"rendered":"Trieste, restyling per il Tribunale"},"content":{"rendered":"<p> \tDue interventi di miglioramento e adattamento dei locali del Tribunale di Trieste sono stati ultimati nel recente periodo.<\/p>\n<p> \tSi tratta dei lavori di condizionamento e di restauro delle storiche sedute di pregio presenti nell\u2019aula della<strong> Corte di Assise di Trieste,<\/strong> possibili grazie al generoso intervento della <strong>Fondazione CRTrieste,<\/strong> e la realizzazione della nuova Aula d\u2019ascolto dei soggetti \u201cfragili\u201d, il cui allestimento gode di un sostegno da parte del <strong>Soroptimist Trieste<\/strong>.<\/p>\n<p> \tEntrambi gli interventi sono funzionali a garantire un migliore svolgimento delle attivit\u00e0 del Tribunale stesso, nel primo caso consentendo un arredo pi\u00f9 adeguato all\u2019Aula di Corte d\u2019Assise d\u2019Appello che ospita anche momenti di formazione interna e attivit\u00e0 esterne, e nel secondo caso permettendo una ancora maggiore tutela per l\u2019ascolto dei soggetti pi\u00f9 deboli.<\/p>\n<p> \tAll\u2019appuntamento sono intervenuti <strong>Piervalerio Reinotti<\/strong>, presidente Tribunale di Trieste, <strong>Tiziana Benussi<\/strong>, presidente della Fondazione CRTrieste, e <strong>Alessandra Malacrea<\/strong><em>, <\/em>presidente di Soroptimist Trieste.<\/p>\n<p> \tNel dettaglio, il contributo della <strong>Fondazione CRTrieste <\/strong>ha permesso di intervenire in maniera professionale sulle <strong>238 <\/strong><strong>sedute dell&#39;aula della Corte di Assise di Trieste<\/strong> (sita presso il Palazzo di Giustizia in Foro Ulpiano) che solitamente viene utilizzata sia per i processi della Corte e del Tribunale sia per attivit\u00e0 di formazione della magistratura, dell&#39;avvocatura e del personale. Oltre a questo, l\u2019Aula viene utilizzata per attivit\u00e0 divulgative rivolte alla scuola e alla comunit\u00e0 e, per le sue caratteristiche architettoniche, \u00e8 stata anche utilizzata come <em>set<\/em> per importanti serie televisive. Le sedute vantavano una preziosa fattura: vennero infatti realizzate nel 1954 dallo storico mobilificio \u201cDal Vera\u201d di Conegliano Veneto, azienda apprezzata per il livello di eccellenza produttiva e per aver completato con successo la trasformazione da piccola realt\u00e0 artigiana a industria del design.<\/p>\n<p> \tLe sedie, che si distinguono prevalentemente per l\u2019altezza e la presenza o meno di braccioli, sono caratterizzate da un telaio affusolato in legno massello, tipo thonet. Alcune presentano sia le sedute che gli schienali rivestiti in pelle, altre le sole sedute in pelle. Ai componenti della Corte d\u2019Assise sono riservate sedute dalla struttura pi\u00f9 imponente, pi\u00f9 alte e ampie, che possono essere definite quindi poltrone. Il trascorrere del tempo e il loro utilizzo hanno lasciato il segno, rendendo quantomai urgente il recupero di una mobilia \u201cunica\u201d.<\/p>\n<p> \tLa Fondazione CRTrieste, accogliendo la richiesta del Tribunale, si \u00e8 fatta carico direttamente dell&#39;intervento di restauro, occupandosi sia del profilo economico che esecutivo dell\u2019intervento, seguendo ogni fase dei lavori, compreso il prelievo dei mobili, il loro recupero e la ricollocazione. L\u2019azienda scelta per il recupero \u00e8 la Nova Tappezzeria Triestina che ha proceduto al rifacimento delle sedute con imbottitura, alla collocazione di nuovi sedili e al rivestimento degli schienali.<\/p>\n<p> \tLa nuova Aula d\u2019ascolto dei soggetti \u201cfragili\u201d nasce invece per dare una ancora maggiore e migliore accoglienza ai soggetti pi\u00f9 deboli, ovvero coloro che si trovano coinvolti in questioni legali ma che per diversi motivi (anagrafici, fisici o mentali) hanno particolare necessit\u00e0 di <em>privacy<\/em>. In quest\u2019ottica il Tribunale ha selezionato una sala utilizzata in precedenza per le mediazioni e, anche grazie a un contributo del <strong>Soroptimist Trieste<\/strong> per l\u2019acquisto di alcuni arredi, ne ha variato la destinazione d\u2019uso.<\/p>\n","protected":false},"excerpt":{"rendered":"<p>Grazie a Fondazione CRTrieste e Soroptimist<\/p>\n","protected":false},"author":28,"featured_media":39962,"comment_status":"closed","ping_status":"closed","sticky":false,"template":"","format":"standard","meta":{"dwc-title":[],"dwc-content":[],"footnotes":""},"categories":[5],"tags":[],"class_list":["post-39961","post","type-post","status-publish","format-standard","has-post-thumbnail","hentry","category-attualita"],"rttpg_featured_image_url":{"full":["https:\/\/imagazine.it\/wp-content\/uploads\/2024\/01\/42011-1.webp",1000,668,false],"landscape":["https:\/\/imagazine.it\/wp-content\/uploads\/2024\/01\/42011-1.webp",1000,668,false],"portraits":["https:\/\/imagazine.it\/wp-content\/uploads\/2024\/01\/42011-1.webp",1000,668,false],"thumbnail":["https:\/\/imagazine.it\/wp-content\/uploads\/2024\/01\/42011-1-150x150.webp",150,150,true],"medium":["https:\/\/imagazine.it\/wp-content\/uploads\/2024\/01\/42011-1-300x200.webp",300,200,true],"large":["https:\/\/imagazine.it\/wp-content\/uploads\/2024\/01\/42011-1.webp",640,428,false],"thumblist":["https:\/\/imagazine.it\/wp-content\/uploads\/2024\/01\/42011-1.webp",300,200,false],"thumbrelated":["https:\/\/imagazine.it\/wp-content\/uploads\/2024\/01\/42011-1.webp",500,334,false],"meccarouselthumb":["https:\/\/imagazine.it\/wp-content\/uploads\/2024\/01\/42011-1.webp",474,317,false],"gridsquare":["https:\/\/imagazine.it\/wp-content\/uploads\/2024\/01\/42011-1.webp",389,260,false],"tileview":["https:\/\/imagazine.it\/wp-content\/uploads\/2024\/01\/42011-1.webp",300,200,false],"1536x1536":["https:\/\/imagazine.it\/wp-content\/uploads\/2024\/01\/42011-1.webp",1000,668,false],"2048x2048":["https:\/\/imagazine.it\/wp-content\/uploads\/2024\/01\/42011-1.webp",1000,668,false],"newsup-slider-full":["https:\/\/imagazine.it\/wp-content\/uploads\/2024\/01\/42011-1.webp",1000,668,false],"newsup-featured":["https:\/\/imagazine.it\/wp-content\/uploads\/2024\/01\/42011-1.webp",1000,668,false],"newsup-medium":["https:\/\/imagazine.it\/wp-content\/uploads\/2024\/01\/42011-1-720x380.webp",720,380,true],"tptn_thumbnail":["https:\/\/imagazine.it\/wp-content\/uploads\/2024\/01\/42011-1.webp",250,167,false],"sow-carousel-default":["https:\/\/imagazine.it\/wp-content\/uploads\/2024\/01\/42011-1-272x182.webp",272,182,true]},"rttpg_author":{"display_name":"redazione","author_link":"https:\/\/imagazine.it\/home_desk\/author\/redazione\/"},"rttpg_comment":0,"rttpg_category":"<a href=\"https:\/\/imagazine.it\/home_desk\/category\/attualita\/\" rel=\"category tag\">ATTUALIT\u00c0<\/a>","rttpg_excerpt":"Grazie a Fondazione CRTrieste e Soroptimist","_links":{"self":[{"href":"https:\/\/imagazine.it\/home_desk\/wp-json\/wp\/v2\/posts\/39961","targetHints":{"allow":["GET"]}}],"collection":[{"href":"https:\/\/imagazine.it\/home_desk\/wp-json\/wp\/v2\/posts"}],"about":[{"href":"https:\/\/imagazine.it\/home_desk\/wp-json\/wp\/v2\/types\/post"}],"author":[{"embeddable":true,"href":"https:\/\/imagazine.it\/home_desk\/wp-json\/wp\/v2\/users\/28"}],"replies":[{"embeddable":true,"href":"https:\/\/imagazine.it\/home_desk\/wp-json\/wp\/v2\/comments?post=39961"}],"version-history":[{"count":0,"href":"https:\/\/imagazine.it\/home_desk\/wp-json\/wp\/v2\/posts\/39961\/revisions"}],"wp:featuredmedia":[{"embeddable":true,"href":"https:\/\/imagazine.it\/home_desk\/wp-json\/wp\/v2\/media\/39962"}],"wp:attachment":[{"href":"https:\/\/imagazine.it\/home_desk\/wp-json\/wp\/v2\/media?parent=39961"}],"wp:term":[{"taxonomy":"category","embeddable":true,"href":"https:\/\/imagazine.it\/home_desk\/wp-json\/wp\/v2\/categories?post=39961"},{"taxonomy":"post_tag","embeddable":true,"href":"https:\/\/imagazine.it\/home_desk\/wp-json\/wp\/v2\/tags?post=39961"}],"curies":[{"name":"wp","href":"https:\/\/api.w.org\/{rel}","templated":true}]}}