{"id":39957,"date":"2021-07-30T00:00:00","date_gmt":"2021-07-29T23:00:00","guid":{"rendered":"https:\/\/imagazine.it\/?p=39957"},"modified":"2021-07-30T00:00:00","modified_gmt":"2021-07-29T23:00:00","slug":"grado-apre-il-centro-antiviolenza","status":"publish","type":"post","link":"https:\/\/imagazine.it\/home_desk\/grado-apre-il-centro-antiviolenza\/","title":{"rendered":"Grado, apre il Centro Antiviolenza"},"content":{"rendered":"<p> \tApre a Grado il <strong>Centro Antiviolenza (CAV)<\/strong>.<\/p>\n<p> \t<strong>Situato nel Distretto Sanitario<\/strong>, con ingresso da via Fiume, il CAV sar\u00e0 aperto dal luned\u00ec al gioved\u00ec dalle ore 10 alle 12 e il venerd\u00ec dalle ore 16 alle 18 <strong>e inaugurer\u00e0 il 3 agosto<\/strong> con un evento in programma <strong>alle ore 18.30<\/strong> <strong>al Velarium della spiaggia Git\u00a0<\/strong>in cui verr\u00e0 presentato il servizio e in cui ci sar\u00e0 spazio anche per musica e letture.<\/p>\n<p> \tLe letture saranno proposte dalla maestra <strong>Luisa Venier<\/strong> e tratte dall&#39;opera della scrittrice Isabelle Allende. Il <strong>coro Multifariam di Ruda<\/strong> allieter\u00e0 con le sue performance e la <strong>sassofonista Rossana Michelini<\/strong> interverr\u00e0 con alcuni brani.<\/p>\n<p> \tIl CAV rappresenta per <strong>l&#39;Associazione S.O.S. ROSA ODV<\/strong> e per il <strong>Comune di Grado<\/strong> un ulteriore impegno verso le <strong>donne vittime di violenza<\/strong> e maltrattamenti: un luogo in cui trovare ascolto e accoglienza.<\/p>\n<p> \t&#8220;<em>Ho fortemente voluto questo centro antiviolenza sul nostro territorio. Aver bisogno di un centro antiviolenza, se da una parte \u00e8 drammatico perch\u00e9 rivela la necessit\u00e0 di dare aiuto e ascolto alle donne, dall&#39;altra \u00e8 incoraggiante, perch\u00e9 segno di una nuova sensibilit\u00e0 e di nuove forme di protezione che si stanno sviluppando verso la troppo comune violenza. Qui le donne potranno non solo trovare riparo e accoglienza, ma chiunque voglia capire come affrontare le violenze, gli insulti, la mancanza di protezione o aiutare persone che ha vicino e non sa come fare, pu\u00f2 accedervi per ascolto e informazioni.\u00a0La collocazione nel distretto sanitario garantisce la necessaria privacy e l&#39;anonimato.\u00a0Non dimentichiamo che il fenomeno della violenza esiste da sempre ma per fortuna oggi se ne parla di pi\u00f9. E se tacerlo ci rende complici, parlarne aiuta a combatterlo e a capire insieme come affrontarlo<\/em>&#8220;, afferma l&#39;assessore alle Pari Opportunit\u00e0 e Famiglia del Comune di Grado, <strong>Federica Lauto<\/strong>.<\/p>\n","protected":false},"excerpt":{"rendered":"<p>Inaugurazione il 3 agosto<\/p>\n","protected":false},"author":28,"featured_media":39958,"comment_status":"closed","ping_status":"closed","sticky":false,"template":"","format":"standard","meta":{"dwc-title":[],"dwc-content":[],"footnotes":""},"categories":[5],"tags":[],"class_list":["post-39957","post","type-post","status-publish","format-standard","has-post-thumbnail","hentry","category-attualita"],"rttpg_featured_image_url":{"full":["https:\/\/imagazine.it\/wp-content\/uploads\/2024\/01\/42006-1.webp",1000,666,false],"landscape":["https:\/\/imagazine.it\/wp-content\/uploads\/2024\/01\/42006-1.webp",1000,666,false],"portraits":["https:\/\/imagazine.it\/wp-content\/uploads\/2024\/01\/42006-1.webp",1000,666,false],"thumbnail":["https:\/\/imagazine.it\/wp-content\/uploads\/2024\/01\/42006-1-150x150.webp",150,150,true],"medium":["https:\/\/imagazine.it\/wp-content\/uploads\/2024\/01\/42006-1-300x200.webp",300,200,true],"large":["https:\/\/imagazine.it\/wp-content\/uploads\/2024\/01\/42006-1.webp",640,426,false],"thumblist":["https:\/\/imagazine.it\/wp-content\/uploads\/2024\/01\/42006-1.webp",300,200,false],"thumbrelated":["https:\/\/imagazine.it\/wp-content\/uploads\/2024\/01\/42006-1.webp",500,333,false],"meccarouselthumb":["https:\/\/imagazine.it\/wp-content\/uploads\/2024\/01\/42006-1.webp",474,316,false],"gridsquare":["https:\/\/imagazine.it\/wp-content\/uploads\/2024\/01\/42006-1.webp",391,260,false],"tileview":["https:\/\/imagazine.it\/wp-content\/uploads\/2024\/01\/42006-1.webp",300,200,false],"1536x1536":["https:\/\/imagazine.it\/wp-content\/uploads\/2024\/01\/42006-1.webp",1000,666,false],"2048x2048":["https:\/\/imagazine.it\/wp-content\/uploads\/2024\/01\/42006-1.webp",1000,666,false],"newsup-slider-full":["https:\/\/imagazine.it\/wp-content\/uploads\/2024\/01\/42006-1.webp",1000,666,false],"newsup-featured":["https:\/\/imagazine.it\/wp-content\/uploads\/2024\/01\/42006-1.webp",1000,666,false],"newsup-medium":["https:\/\/imagazine.it\/wp-content\/uploads\/2024\/01\/42006-1-720x380.webp",720,380,true],"tptn_thumbnail":["https:\/\/imagazine.it\/wp-content\/uploads\/2024\/01\/42006-1.webp",250,167,false],"sow-carousel-default":["https:\/\/imagazine.it\/wp-content\/uploads\/2024\/01\/42006-1-272x182.webp",272,182,true]},"rttpg_author":{"display_name":"redazione","author_link":"https:\/\/imagazine.it\/home_desk\/author\/redazione\/"},"rttpg_comment":0,"rttpg_category":"<a href=\"https:\/\/imagazine.it\/home_desk\/category\/attualita\/\" rel=\"category tag\">ATTUALIT\u00c0<\/a>","rttpg_excerpt":"Inaugurazione il 3 agosto","_links":{"self":[{"href":"https:\/\/imagazine.it\/home_desk\/wp-json\/wp\/v2\/posts\/39957","targetHints":{"allow":["GET"]}}],"collection":[{"href":"https:\/\/imagazine.it\/home_desk\/wp-json\/wp\/v2\/posts"}],"about":[{"href":"https:\/\/imagazine.it\/home_desk\/wp-json\/wp\/v2\/types\/post"}],"author":[{"embeddable":true,"href":"https:\/\/imagazine.it\/home_desk\/wp-json\/wp\/v2\/users\/28"}],"replies":[{"embeddable":true,"href":"https:\/\/imagazine.it\/home_desk\/wp-json\/wp\/v2\/comments?post=39957"}],"version-history":[{"count":0,"href":"https:\/\/imagazine.it\/home_desk\/wp-json\/wp\/v2\/posts\/39957\/revisions"}],"wp:featuredmedia":[{"embeddable":true,"href":"https:\/\/imagazine.it\/home_desk\/wp-json\/wp\/v2\/media\/39958"}],"wp:attachment":[{"href":"https:\/\/imagazine.it\/home_desk\/wp-json\/wp\/v2\/media?parent=39957"}],"wp:term":[{"taxonomy":"category","embeddable":true,"href":"https:\/\/imagazine.it\/home_desk\/wp-json\/wp\/v2\/categories?post=39957"},{"taxonomy":"post_tag","embeddable":true,"href":"https:\/\/imagazine.it\/home_desk\/wp-json\/wp\/v2\/tags?post=39957"}],"curies":[{"name":"wp","href":"https:\/\/api.w.org\/{rel}","templated":true}]}}