{"id":39955,"date":"2021-07-30T00:00:00","date_gmt":"2021-07-29T23:00:00","guid":{"rendered":"https:\/\/imagazine.it\/?p=39955"},"modified":"2021-07-30T00:00:00","modified_gmt":"2021-07-29T23:00:00","slug":"monfalcone-torna-il-fuori-tutto-delle-attivita-commerciali","status":"publish","type":"post","link":"https:\/\/imagazine.it\/home_desk\/monfalcone-torna-il-fuori-tutto-delle-attivita-commerciali\/","title":{"rendered":"Monfalcone, torna il &#8220;fuori tutto&#8221; delle attivit\u00e0 commerciali"},"content":{"rendered":"<p> \tLo <strong>Sbaracco Monfalcone<\/strong> ritorna <strong>sabato 28 agosto<\/strong>, dalle 9 alle 23, affiancato dallo <strong>Sbaracco Junior <\/strong>e dallo <strong>Sbaracco Vintage<\/strong>: un \u201cfuori-tutto\u201d delle attivit\u00e0 commerciali, promosso dal Comune di Monfalcone e organizzato dal Centro Commerciale Naturale Vivacentro, in collaborazione con Ascom Monfalcone, e con il supporto di Confartigianato e CNA, con il sostegno della Cassa Rurale FVG, filiale di Turriaco.<\/p>\n<p> \tGiunto alla sua quinta edizione, lo Sbaracco \u202a\u00e8 un format rodato che da diversi anni viene proposto con successo in diverse parti d&#39;Italia. La manifestazione a Monfalcone \u00e8 cresciuta nel tempo, coinvolgendo sempre pi\u00f9 realt\u00e0 del centro e non, con visitatori provenienti da tutta la regione.<br \/> \tIn questa edizione, le attivit\u00e0 coinvolte saranno una novantina, dai singoli negozi e punti vendita <em>in generis<\/em> ai pubblici esercizi, che riempiranno le strade e le piazze con la loro merce super scontata per un evento arricchito anche quest\u2019anno da iniziative collaterali, organizzate durante tutta la giornata: musica, \u202aintrattenimento, esposizioni d&#39;auto e moto d&#39;epoca e la parte gastronomica offerta dai pubblici esercizi del centro. \u00a0\u202a<br \/> \tSi uniranno iniziative extra gi\u00e0 collaudate come lo Sbaracco Junior e lo Sbaracco Vintage, che coinvolgeranno bambini e amatori nella vendita di giocattoli e oggetti usati.<\/p>\n<p> \tPresente anche il mercatino dell&#39;antiquariato, appuntamento fisso a Monfalcone il secondo e quarto sabato del mese.<\/p>\n<p> \tIl Comune stesso organizzer\u00e0 per la serata, in Piazzetta Unit\u00e0 d&#39;Italia, l&#39;evento a cura della Scuola CAM Arte Musica &#8220;<strong>Rock Revolution &#8211; Night Live Talk Show<\/strong>&#8220;. Il tutto nel rispetto delle normative sanitarie.<br \/> \tPrevisti parcheggi segnalati a disposizione all&#39;esterno dell&#39;area che sar\u00e0 chiusa al traffico gi\u00e0 di prima mattina.<\/p>\n<p> \t\u201cUn\u2019occasione importante per il nostro comparto commerciale \u2013 ha sottolineato l\u2019assessore al Rilancio del Commercio, <strong>Luca Fasan<\/strong>, durante la conferenza stampa di presentazione, alla quale erano presenti <strong>Damiano Iurlaro<\/strong>, presidente Vivacentro, insieme a <strong>Massimiliano Manente<\/strong> del direttivo Vivacentro e responsabile Sbaracco Junior, <strong>Roberto Antonelli<\/strong>, presidente Ascom Monfalcone con il direttore <strong>Stefano Zotti<\/strong>, <strong>Ariano Medeot<\/strong>, presidente Confartigianato, <strong>Roberto Tonca<\/strong>, vicepresidente della Cassa Rurale FVG insieme a <strong>Marco Cerni<\/strong>, direttore della Filiale di Turriaco della Cassa Rurale FVG \u2013 che consente di ritrovare il piacere di fare shopping in citt\u00e0 stando all\u2019aperto e di sostenere i commercianti locali che per un\u2019intera giornata escono dai loro negozi e accolgono cittadini e turisti negli stand ricchi di merce a\u00a0 prezzi ultraribassati. Il Comune di Monfalcone \u2013 ha detto Fasan \u2013 ancora una volta \u00e8 vicino ai tanti commercianti che aderiscono all\u2019iniziativa, unitamente ai nostri giovanissimi aspiranti venditori e ai cittadini, che rispettivamente partecipano a Sbaracco Junior e Vintage, mettendo a disposizione l\u2019area del centro citt\u00e0 con le principali strade e le nostre belle piazze\u201d.<\/p>\n<p> \t<strong>Sbaracco Junior <\/strong><br \/> \tUn momento di libero scambio, acquisto e vendita di fumetti, libri, giocattoli e altri oggetti vecchi normalmente in uso ai ragazzi, gestito esclusivamente da loro. Non \u00e8 un\u2019iniziativa avente scopo di lucro, ma piuttosto un punto di incontro e di gioco con fini non solo aggregativi ma di promozione per i pi\u00f9 giovani che possono cos\u00ec ritrovarsi nel mondo e nella mentalit\u00e0 del commercio e del libero scambio.<\/p>\n<p> \t<strong>Sbaracco Vintage <\/strong><br \/> \tUna mostra-mercato-scambio di oggetti usati di propriet\u00e0 del cittadino-espositore che vuole essere un concreto messaggio per la salvaguardia dell\u2019ambiente con lo scopo di prolungare il ciclo di vita dei prodotti e non vuole essere una concorrenza alle attivit\u00e0 che curano in modo organizzato la vendita dell\u2019usato.<\/p>\n<p> \t<strong>Per partecipare<\/strong><br \/> \tLe adesioni per partecipare sono in corso e aperte a tutte le attivit\u00e0 commerciali del Monfalconese, del centro e non.<br \/> \tPer quanto riguarda invece Sbaracco Junior e Sbaracco Vintage la raccolta delle iscrizioni partir\u00e0 ufficialmente luned\u00ec 1 agosto.<\/p>\n<p> \t<strong>In caso di maltempo Sbaracco si svolger\u00e0 sabato 4 settembre. <\/strong><\/p>\n","protected":false},"excerpt":{"rendered":"<p>Sabato 28 agosto<\/p>\n","protected":false},"author":28,"featured_media":39956,"comment_status":"closed","ping_status":"closed","sticky":false,"template":"","format":"standard","meta":{"dwc-title":[],"dwc-content":[],"footnotes":""},"categories":[5],"tags":[],"class_list":["post-39955","post","type-post","status-publish","format-standard","has-post-thumbnail","hentry","category-attualita"],"rttpg_featured_image_url":{"full":["https:\/\/imagazine.it\/wp-content\/uploads\/2024\/01\/42005-1.webp",1000,749,false],"landscape":["https:\/\/imagazine.it\/wp-content\/uploads\/2024\/01\/42005-1.webp",1000,749,false],"portraits":["https:\/\/imagazine.it\/wp-content\/uploads\/2024\/01\/42005-1.webp",1000,749,false],"thumbnail":["https:\/\/imagazine.it\/wp-content\/uploads\/2024\/01\/42005-1-150x150.webp",150,150,true],"medium":["https:\/\/imagazine.it\/wp-content\/uploads\/2024\/01\/42005-1-300x225.webp",300,225,true],"large":["https:\/\/imagazine.it\/wp-content\/uploads\/2024\/01\/42005-1.webp",640,479,false],"thumblist":["https:\/\/imagazine.it\/wp-content\/uploads\/2024\/01\/42005-1.webp",300,225,false],"thumbrelated":["https:\/\/imagazine.it\/wp-content\/uploads\/2024\/01\/42005-1.webp",500,375,false],"meccarouselthumb":["https:\/\/imagazine.it\/wp-content\/uploads\/2024\/01\/42005-1.webp",433,324,false],"gridsquare":["https:\/\/imagazine.it\/wp-content\/uploads\/2024\/01\/42005-1.webp",347,260,false],"tileview":["https:\/\/imagazine.it\/wp-content\/uploads\/2024\/01\/42005-1.webp",300,225,false],"1536x1536":["https:\/\/imagazine.it\/wp-content\/uploads\/2024\/01\/42005-1.webp",1000,749,false],"2048x2048":["https:\/\/imagazine.it\/wp-content\/uploads\/2024\/01\/42005-1.webp",1000,749,false],"newsup-slider-full":["https:\/\/imagazine.it\/wp-content\/uploads\/2024\/01\/42005-1-1000x720.webp",1000,720,true],"newsup-featured":["https:\/\/imagazine.it\/wp-content\/uploads\/2024\/01\/42005-1.webp",1000,749,false],"newsup-medium":["https:\/\/imagazine.it\/wp-content\/uploads\/2024\/01\/42005-1-720x380.webp",720,380,true],"tptn_thumbnail":["https:\/\/imagazine.it\/wp-content\/uploads\/2024\/01\/42005-1.webp",250,187,false],"sow-carousel-default":["https:\/\/imagazine.it\/wp-content\/uploads\/2024\/01\/42005-1-272x182.webp",272,182,true]},"rttpg_author":{"display_name":"redazione","author_link":"https:\/\/imagazine.it\/home_desk\/author\/redazione\/"},"rttpg_comment":0,"rttpg_category":"<a href=\"https:\/\/imagazine.it\/home_desk\/category\/attualita\/\" rel=\"category tag\">ATTUALIT\u00c0<\/a>","rttpg_excerpt":"Sabato 28 agosto","_links":{"self":[{"href":"https:\/\/imagazine.it\/home_desk\/wp-json\/wp\/v2\/posts\/39955","targetHints":{"allow":["GET"]}}],"collection":[{"href":"https:\/\/imagazine.it\/home_desk\/wp-json\/wp\/v2\/posts"}],"about":[{"href":"https:\/\/imagazine.it\/home_desk\/wp-json\/wp\/v2\/types\/post"}],"author":[{"embeddable":true,"href":"https:\/\/imagazine.it\/home_desk\/wp-json\/wp\/v2\/users\/28"}],"replies":[{"embeddable":true,"href":"https:\/\/imagazine.it\/home_desk\/wp-json\/wp\/v2\/comments?post=39955"}],"version-history":[{"count":0,"href":"https:\/\/imagazine.it\/home_desk\/wp-json\/wp\/v2\/posts\/39955\/revisions"}],"wp:featuredmedia":[{"embeddable":true,"href":"https:\/\/imagazine.it\/home_desk\/wp-json\/wp\/v2\/media\/39956"}],"wp:attachment":[{"href":"https:\/\/imagazine.it\/home_desk\/wp-json\/wp\/v2\/media?parent=39955"}],"wp:term":[{"taxonomy":"category","embeddable":true,"href":"https:\/\/imagazine.it\/home_desk\/wp-json\/wp\/v2\/categories?post=39955"},{"taxonomy":"post_tag","embeddable":true,"href":"https:\/\/imagazine.it\/home_desk\/wp-json\/wp\/v2\/tags?post=39955"}],"curies":[{"name":"wp","href":"https:\/\/api.w.org\/{rel}","templated":true}]}}