{"id":39941,"date":"2021-07-29T00:00:00","date_gmt":"2021-07-28T23:00:00","guid":{"rendered":"https:\/\/imagazine.it\/?p=39941"},"modified":"2021-07-29T00:00:00","modified_gmt":"2021-07-28T23:00:00","slug":"si-terra-a-trieste-il-barcolana-sea-summit","status":"publish","type":"post","link":"https:\/\/imagazine.it\/home_desk\/si-terra-a-trieste-il-barcolana-sea-summit\/","title":{"rendered":"Si terr\u00e0 a Trieste il Barcolana Sea Summit"},"content":{"rendered":"<p> \tLo stato di salute del Mediterraneo, il ruolo della <em>science diplomacy<\/em> nel sostenere politiche innovative e integrate di tutela del mare, l\u2019economia circolare nella nautica, il futuro delle Citt\u00e0-Porto nella prospettiva della transizione ecologica grazie all\u2019impulso economico del <em>recovery plan<\/em>, il ruolo chiave di Trieste nelle relazioni internazionali con la Mitteleuropa e con i Paesi dell\u2019InCE anche sul fronte ambientale: sono questi i temi di <strong>Barcolana Sea Summit<\/strong>, la prima edizione dell\u2019evento di divulgazione scientifica e approfondimento politico, economico e sociale dedicato alla sostenibilit\u00e0 dei sistemi acquatici, organizzato nell\u2019ambito della regata pi\u00f9 grande del mondo <strong>dal 6 al 9 ottobre 2021 a Trieste<\/strong>.<\/p>\n<p> \tLe linee guida della manifestazione sono state presentate questo pomeriggio nella sede dell\u2019Autorit\u00e0 di Sistema Portuale del Mare Adriatico Orientale dai rappresentanti delle Istituzioni che supportano l\u2019evento, al termine dei lavori preparatori dei mesi scorsi.<\/p>\n<p> \tL\u2019evento, infatti, \u00e8 il risultato di una forte partnership tra gli enti pubblici che hanno un ruolo fondamentale nella tutela del mare e dello sviluppo della citt\u00e0. Barcolana ha ottenuto la collaborazione e il supporto di Autorit\u00e0 Portuale del Mare Adriatico Orientale, Guardia Costiera, Universit\u00e0 di Trieste, Istituto Nazionale di Oceanografia e di Geofisica Sperimentale, Iniziativa Centro Europea, Regione FVG, Camera di commercio Venezia Giulia e Comune di Trieste.<\/p>\n<p> \tUlteriori attori si aggiungeranno nelle prossime settimane, unendosi ai partner del settore privato e alle associazioni ambientaliste o fondazioni che parteciperanno all\u2019evento.<\/p>\n<p> \t\u201cIl Barcolana Sea Summit &#8211; ha spiegato il presidente della Societ\u00e0 Velica di Barcola e Grignano, <strong>Mitja Gialuz<\/strong> &#8211; \u00e8 una delle nuove rotte di Barcolana. Vogliamo raccontare il Mediterraneo dando voce a chi lo studia, lo protegge, ci lavora, vi investe. Per farlo, abbiamo ottenuto il supporto delle istituzioni del territorio, del Comando Generale della Guardia Costiera, dell\u2019Iniziativa Centro Europea, dei Ministeri della Transizione Ecologica, della Mobilit\u00e0 sostenibile e della Pesca ed agricoltura, nonch\u00e9 il patrocinio del Parlamento Europeo: insieme vogliamo evidenziare quanto Trieste abbia oggi un ruolo strategico sul mare, come lo sviluppo in chiave green del porto possa portare vantaggio all\u2019intero sistema, quanto la salvaguardia del Mediterraneo abbia bisogno di un approccio integrato tra tutti i Paesi costieri e di quelli non costieri che sono responsabili dei fiumi che sfociano nei mari chiusi. Un lavoro di squadra che vogliamo rappresentare nel suo insieme, ponendo in rilievo l\u2019impegno di tutti e la necessit\u00e0 di uno sviluppo sostenibile, basato anche sull\u2019uguaglianza di genere, un tema che percorrer\u00e0 tutto il Barcolana Sea Summit, con la valorizzazione del ruolo delle donne di mare nel mondo scientifico, istituzionale e imprenditoriale\u201d.<\/p>\n<p> \tL\u2019evento si svolger\u00e0 al <strong>nuovo centro congressi di Trieste<\/strong> situato nel <strong>Porto Vecchio<\/strong>.<\/p>\n<p> \tBarcolana ha scelto questo spazio con l\u2019obiettivo di creare valore aggiunto per la citt\u00e0, promuovendo presso i partecipanti e il pubblico internazionale il TCC &#8211; Trieste Convention Center e i vantaggi di questa infrastruttura.<\/p>\n","protected":false},"excerpt":{"rendered":"<p>Dal 6 al 9 ottobre<\/p>\n","protected":false},"author":28,"featured_media":39942,"comment_status":"closed","ping_status":"closed","sticky":false,"template":"","format":"standard","meta":{"dwc-title":[],"dwc-content":[],"footnotes":""},"categories":[38],"tags":[],"class_list":["post-39941","post","type-post","status-publish","format-standard","has-post-thumbnail","hentry","category-sport"],"rttpg_featured_image_url":{"full":["https:\/\/imagazine.it\/wp-content\/uploads\/2024\/01\/41981-1.webp",1200,753,false],"landscape":["https:\/\/imagazine.it\/wp-content\/uploads\/2024\/01\/41981-1.webp",1200,753,false],"portraits":["https:\/\/imagazine.it\/wp-content\/uploads\/2024\/01\/41981-1.webp",1200,753,false],"thumbnail":["https:\/\/imagazine.it\/wp-content\/uploads\/2024\/01\/41981-1-150x150.webp",150,150,true],"medium":["https:\/\/imagazine.it\/wp-content\/uploads\/2024\/01\/41981-1-300x188.webp",300,188,true],"large":["https:\/\/imagazine.it\/wp-content\/uploads\/2024\/01\/41981-1-1024x643.webp",640,402,true],"thumblist":["https:\/\/imagazine.it\/wp-content\/uploads\/2024\/01\/41981-1.webp",300,188,false],"thumbrelated":["https:\/\/imagazine.it\/wp-content\/uploads\/2024\/01\/41981-1.webp",500,314,false],"meccarouselthumb":["https:\/\/imagazine.it\/wp-content\/uploads\/2024\/01\/41981-1.webp",474,297,false],"gridsquare":["https:\/\/imagazine.it\/wp-content\/uploads\/2024\/01\/41981-1.webp",391,245,false],"tileview":["https:\/\/imagazine.it\/wp-content\/uploads\/2024\/01\/41981-1.webp",300,188,false],"1536x1536":["https:\/\/imagazine.it\/wp-content\/uploads\/2024\/01\/41981-1.webp",1200,753,false],"2048x2048":["https:\/\/imagazine.it\/wp-content\/uploads\/2024\/01\/41981-1.webp",1200,753,false],"newsup-slider-full":["https:\/\/imagazine.it\/wp-content\/uploads\/2024\/01\/41981-1-1200x720.webp",1200,720,true],"newsup-featured":["https:\/\/imagazine.it\/wp-content\/uploads\/2024\/01\/41981-1-1024x643.webp",1024,643,true],"newsup-medium":["https:\/\/imagazine.it\/wp-content\/uploads\/2024\/01\/41981-1-720x380.webp",720,380,true],"tptn_thumbnail":["https:\/\/imagazine.it\/wp-content\/uploads\/2024\/01\/41981-1.webp",250,157,false],"sow-carousel-default":["https:\/\/imagazine.it\/wp-content\/uploads\/2024\/01\/41981-1-272x182.webp",272,182,true]},"rttpg_author":{"display_name":"redazione","author_link":"https:\/\/imagazine.it\/home_desk\/author\/redazione\/"},"rttpg_comment":0,"rttpg_category":"<a href=\"https:\/\/imagazine.it\/home_desk\/category\/sport\/\" rel=\"category tag\">SPORT<\/a>","rttpg_excerpt":"Dal 6 al 9 ottobre","_links":{"self":[{"href":"https:\/\/imagazine.it\/home_desk\/wp-json\/wp\/v2\/posts\/39941","targetHints":{"allow":["GET"]}}],"collection":[{"href":"https:\/\/imagazine.it\/home_desk\/wp-json\/wp\/v2\/posts"}],"about":[{"href":"https:\/\/imagazine.it\/home_desk\/wp-json\/wp\/v2\/types\/post"}],"author":[{"embeddable":true,"href":"https:\/\/imagazine.it\/home_desk\/wp-json\/wp\/v2\/users\/28"}],"replies":[{"embeddable":true,"href":"https:\/\/imagazine.it\/home_desk\/wp-json\/wp\/v2\/comments?post=39941"}],"version-history":[{"count":0,"href":"https:\/\/imagazine.it\/home_desk\/wp-json\/wp\/v2\/posts\/39941\/revisions"}],"wp:featuredmedia":[{"embeddable":true,"href":"https:\/\/imagazine.it\/home_desk\/wp-json\/wp\/v2\/media\/39942"}],"wp:attachment":[{"href":"https:\/\/imagazine.it\/home_desk\/wp-json\/wp\/v2\/media?parent=39941"}],"wp:term":[{"taxonomy":"category","embeddable":true,"href":"https:\/\/imagazine.it\/home_desk\/wp-json\/wp\/v2\/categories?post=39941"},{"taxonomy":"post_tag","embeddable":true,"href":"https:\/\/imagazine.it\/home_desk\/wp-json\/wp\/v2\/tags?post=39941"}],"curies":[{"name":"wp","href":"https:\/\/api.w.org\/{rel}","templated":true}]}}