{"id":39930,"date":"2021-07-29T00:00:00","date_gmt":"2021-07-28T23:00:00","guid":{"rendered":"https:\/\/imagazine.it\/?p=39930"},"modified":"2021-07-29T00:00:00","modified_gmt":"2021-07-28T23:00:00","slug":"in-bus-da-tolmino-a-cividale-inaugurata-la-nuova-tratta","status":"publish","type":"post","link":"https:\/\/imagazine.it\/home_desk\/in-bus-da-tolmino-a-cividale-inaugurata-la-nuova-tratta\/","title":{"rendered":"In bus da Tolmino a Cividale: inaugurata la nuova tratta"},"content":{"rendered":"<p> \tGrazie al progetto <em>Crossmoby<\/em> finanziato dal programma Interreg V-A Italia e Slovenia, \u00e8 stata inaugurata la <strong>nuova tratta di autobus che collega Tolmino con Cividale del Friuli<\/strong>.<\/p>\n<p> \tLa linea, ormai attiva per tutta l\u2019estate, attraversa la citt\u00e0 di <strong>Caporetto<\/strong> e il comune di <strong>San Pietro al Natisone<\/strong>. L\u2019autobus svolge un servizio quotidiano con partenza da Cividale alle 5.55, 8.10, 12.45 e 19.15 e da Tolmino alle 05.00, 07.10, 11.50 e 18.20. Per maggiori informazioni: <u><a href=\"http:\/\/www.dolina-soce.si\/\" target=\"_blank\" rel=\"noopener\"><span style=\"color:#0000ff;\">www.dolina-soce.si<\/span><\/a><\/u> e <u><a href=\"http:\/\/www.soca-valley.com\/\" target=\"_blank\" rel=\"noopener\"><span style=\"color:#0000ff;\">www.soca-valley.com<\/span><\/a><\/u>.<\/p>\n<p> \tL&#39;inaugurazione della tratta si \u00e8 svolta marted\u00ec scorso presso il centro intermodale di Cividale dove la sindaca<strong> Daniela Bernardi<\/strong> ha accolto gli omologhi di Tolmino <strong>Uro\u0161 Bre\u017ean<\/strong>, di Plezzo <strong>Valter Mleku\u017e <\/strong>e di Caporetto <strong>Marko Matajurc<\/strong> coi loro collaboratori. Dopo la tappa cividalese, la delegazione ha proseguito per <strong>San Pietro al Natisone<\/strong>.<\/p>\n<p> \t\u201cL&#39;incontro coi colleghi sindaci sloveni \u00e8 stato utile per confermare la volont\u00e0 dei nostri comuni, sloveni e italiani, di collaborare per la promozione turistica di questi splendidi territori\u201d, ha dichiarato la sindaca Bernardi che, nell&#39;occasione, ha presentato alla delegazione dei sindaci sloveni anche il progetto &#8220;<em>Cividale e le antiche testimonianze della lingua slovena &#8211; Jezikovni spomeniki sloven\u0161\u010dine v \u010cedadu<\/em>&#8220;, realizzato dallo Sportello lingua slovena del Comune di Cividale.<\/p>\n","protected":false},"excerpt":{"rendered":"<p>Con transito per Caporetto e San Pietro al Natisone<\/p>\n","protected":false},"author":28,"featured_media":39931,"comment_status":"closed","ping_status":"closed","sticky":false,"template":"","format":"standard","meta":{"dwc-title":[],"dwc-content":[],"footnotes":""},"categories":[5],"tags":[],"class_list":["post-39930","post","type-post","status-publish","format-standard","has-post-thumbnail","hentry","category-attualita"],"rttpg_featured_image_url":{"full":["https:\/\/imagazine.it\/wp-content\/uploads\/2024\/01\/41963-1.webp",1600,1200,false],"landscape":["https:\/\/imagazine.it\/wp-content\/uploads\/2024\/01\/41963-1.webp",1600,1200,false],"portraits":["https:\/\/imagazine.it\/wp-content\/uploads\/2024\/01\/41963-1.webp",1600,1200,false],"thumbnail":["https:\/\/imagazine.it\/wp-content\/uploads\/2024\/01\/41963-1-150x150.webp",150,150,true],"medium":["https:\/\/imagazine.it\/wp-content\/uploads\/2024\/01\/41963-1-300x225.webp",300,225,true],"large":["https:\/\/imagazine.it\/wp-content\/uploads\/2024\/01\/41963-1-1024x768.webp",640,480,true],"thumblist":["https:\/\/imagazine.it\/wp-content\/uploads\/2024\/01\/41963-1.webp",300,225,false],"thumbrelated":["https:\/\/imagazine.it\/wp-content\/uploads\/2024\/01\/41963-1.webp",500,375,false],"meccarouselthumb":["https:\/\/imagazine.it\/wp-content\/uploads\/2024\/01\/41963-1.webp",432,324,false],"gridsquare":["https:\/\/imagazine.it\/wp-content\/uploads\/2024\/01\/41963-1.webp",347,260,false],"tileview":["https:\/\/imagazine.it\/wp-content\/uploads\/2024\/01\/41963-1.webp",300,225,false],"1536x1536":["https:\/\/imagazine.it\/wp-content\/uploads\/2024\/01\/41963-1-1536x1152.webp",1536,1152,true],"2048x2048":["https:\/\/imagazine.it\/wp-content\/uploads\/2024\/01\/41963-1.webp",1600,1200,false],"newsup-slider-full":["https:\/\/imagazine.it\/wp-content\/uploads\/2024\/01\/41963-1-1280x720.webp",1280,720,true],"newsup-featured":["https:\/\/imagazine.it\/wp-content\/uploads\/2024\/01\/41963-1-1024x768.webp",1024,768,true],"newsup-medium":["https:\/\/imagazine.it\/wp-content\/uploads\/2024\/01\/41963-1-720x380.webp",720,380,true],"tptn_thumbnail":["https:\/\/imagazine.it\/wp-content\/uploads\/2024\/01\/41963-1.webp",250,188,false],"sow-carousel-default":["https:\/\/imagazine.it\/wp-content\/uploads\/2024\/01\/41963-1-272x182.webp",272,182,true]},"rttpg_author":{"display_name":"redazione","author_link":"https:\/\/imagazine.it\/home_desk\/author\/redazione\/"},"rttpg_comment":0,"rttpg_category":"<a href=\"https:\/\/imagazine.it\/home_desk\/category\/attualita\/\" rel=\"category tag\">ATTUALIT\u00c0<\/a>","rttpg_excerpt":"Con transito per Caporetto e San Pietro al Natisone","_links":{"self":[{"href":"https:\/\/imagazine.it\/home_desk\/wp-json\/wp\/v2\/posts\/39930","targetHints":{"allow":["GET"]}}],"collection":[{"href":"https:\/\/imagazine.it\/home_desk\/wp-json\/wp\/v2\/posts"}],"about":[{"href":"https:\/\/imagazine.it\/home_desk\/wp-json\/wp\/v2\/types\/post"}],"author":[{"embeddable":true,"href":"https:\/\/imagazine.it\/home_desk\/wp-json\/wp\/v2\/users\/28"}],"replies":[{"embeddable":true,"href":"https:\/\/imagazine.it\/home_desk\/wp-json\/wp\/v2\/comments?post=39930"}],"version-history":[{"count":0,"href":"https:\/\/imagazine.it\/home_desk\/wp-json\/wp\/v2\/posts\/39930\/revisions"}],"wp:featuredmedia":[{"embeddable":true,"href":"https:\/\/imagazine.it\/home_desk\/wp-json\/wp\/v2\/media\/39931"}],"wp:attachment":[{"href":"https:\/\/imagazine.it\/home_desk\/wp-json\/wp\/v2\/media?parent=39930"}],"wp:term":[{"taxonomy":"category","embeddable":true,"href":"https:\/\/imagazine.it\/home_desk\/wp-json\/wp\/v2\/categories?post=39930"},{"taxonomy":"post_tag","embeddable":true,"href":"https:\/\/imagazine.it\/home_desk\/wp-json\/wp\/v2\/tags?post=39930"}],"curies":[{"name":"wp","href":"https:\/\/api.w.org\/{rel}","templated":true}]}}