{"id":39926,"date":"2021-07-28T00:00:00","date_gmt":"2021-07-27T23:00:00","guid":{"rendered":"https:\/\/imagazine.it\/?p=39926"},"modified":"2021-07-28T00:00:00","modified_gmt":"2021-07-27T23:00:00","slug":"baseball-la-regione-premia-staranzano","status":"publish","type":"post","link":"https:\/\/imagazine.it\/home_desk\/baseball-la-regione-premia-staranzano\/","title":{"rendered":"Baseball, la Regione premia Staranzano"},"content":{"rendered":"<p> \tUna giornata ricca di soddisfazione per i dirigenti, gli allenatori e specialmente per gli atleti della <strong>Under 12 <\/strong>di baseball degli <strong>Staranzano Ducks<\/strong>.<\/p>\n<p> \tSono stati infatti ricevuti a <strong>Trieste<\/strong> dal presidente del consiglio regionale <strong>Piero Mauro Zanin<\/strong>, il quale si \u00e8 vivamente complimentato per i risultati sportivi raggiunti. La squadra bisiaca nel 2020 ha vinto il <strong>titolo di campione italiano<\/strong> <strong>under 12<\/strong>, risultato ottenuto dalla societ\u00f2 per il terzo anno consecutivo, con un roster diverso in ogni annata.<\/p>\n<p> \tDue anni fa anche la squadra Under 15 si era aggiudicata il titolo italiano.<\/p>\n<p> \tRisultati non arrivati per caso ma per grazie al lavoro costante dei tecnici che preparano i ragazzi gi\u00e0 dal minibaseball, con i bambini che iniziano a giocare a sei-sette anni.<\/p>\n<p> \tLa Regione, con questo invito, ha voluto riconoscere la professionalit\u00e0 e l&#39;impegno della dirigenza che in seno a questa societ\u00e0 d\u00e0 preparazione, formazione e crea comunit\u00e0.<\/p>\n<p> \tAd accogliere i ragazzi, oltre al presidente Zanin, c&#39;erano anche i consiglieri regionali <strong>Diego Moretti<\/strong>, <strong>Antonio Calligaris<\/strong>, <strong>Diego Bernardis<\/strong>, <strong>Giuseppe Nicoli<\/strong> e il vicesindaco di Staranzano <strong>Flavio Pizzolato<\/strong>. Per i Ducks erano presenti il presidente <strong>Francesco Giuseppe Rizzo<\/strong>, gli allenatori <strong>Claudio Bison<\/strong>, <strong>Gianfranco Zambon<\/strong>, <strong>Dennis Malus\u00e0<\/strong>, <strong>Paolo Santin<\/strong>, <strong>Valeria Sangalli<\/strong> e naturalmente tutti i ragazzi vestiti con la divisa e lo scudetto tricolore, simbolo del risultato ottenuto, cucito sul petto.<\/p>\n<p> \tIl presidente Zanin ha donato al presidente una targa e una medaglia a ricordo della giornata, mentre ai ragazzi sono stati offerti dei gadget.<\/p>\n","protected":false},"excerpt":{"rendered":"<p>Cerimonia a Trieste<\/p>\n","protected":false},"author":22,"featured_media":39927,"comment_status":"closed","ping_status":"closed","sticky":false,"template":"","format":"standard","meta":{"dwc-title":[],"dwc-content":[],"footnotes":""},"categories":[38],"tags":[],"class_list":["post-39926","post","type-post","status-publish","format-standard","has-post-thumbnail","hentry","category-sport"],"rttpg_featured_image_url":{"full":["https:\/\/imagazine.it\/wp-content\/uploads\/2024\/01\/41955-1.webp",1000,750,false],"landscape":["https:\/\/imagazine.it\/wp-content\/uploads\/2024\/01\/41955-1.webp",1000,750,false],"portraits":["https:\/\/imagazine.it\/wp-content\/uploads\/2024\/01\/41955-1.webp",1000,750,false],"thumbnail":["https:\/\/imagazine.it\/wp-content\/uploads\/2024\/01\/41955-1-150x150.webp",150,150,true],"medium":["https:\/\/imagazine.it\/wp-content\/uploads\/2024\/01\/41955-1-300x225.webp",300,225,true],"large":["https:\/\/imagazine.it\/wp-content\/uploads\/2024\/01\/41955-1.webp",640,480,false],"thumblist":["https:\/\/imagazine.it\/wp-content\/uploads\/2024\/01\/41955-1.webp",300,225,false],"thumbrelated":["https:\/\/imagazine.it\/wp-content\/uploads\/2024\/01\/41955-1.webp",500,375,false],"meccarouselthumb":["https:\/\/imagazine.it\/wp-content\/uploads\/2024\/01\/41955-1.webp",432,324,false],"gridsquare":["https:\/\/imagazine.it\/wp-content\/uploads\/2024\/01\/41955-1.webp",347,260,false],"tileview":["https:\/\/imagazine.it\/wp-content\/uploads\/2024\/01\/41955-1.webp",300,225,false],"1536x1536":["https:\/\/imagazine.it\/wp-content\/uploads\/2024\/01\/41955-1.webp",1000,750,false],"2048x2048":["https:\/\/imagazine.it\/wp-content\/uploads\/2024\/01\/41955-1.webp",1000,750,false],"newsup-slider-full":["https:\/\/imagazine.it\/wp-content\/uploads\/2024\/01\/41955-1-1000x720.webp",1000,720,true],"newsup-featured":["https:\/\/imagazine.it\/wp-content\/uploads\/2024\/01\/41955-1.webp",1000,750,false],"newsup-medium":["https:\/\/imagazine.it\/wp-content\/uploads\/2024\/01\/41955-1-720x380.webp",720,380,true],"tptn_thumbnail":["https:\/\/imagazine.it\/wp-content\/uploads\/2024\/01\/41955-1.webp",250,188,false],"sow-carousel-default":["https:\/\/imagazine.it\/wp-content\/uploads\/2024\/01\/41955-1-272x182.webp",272,182,true]},"rttpg_author":{"display_name":"Livio Nonis","author_link":"https:\/\/imagazine.it\/home_desk\/author\/nonis\/"},"rttpg_comment":0,"rttpg_category":"<a href=\"https:\/\/imagazine.it\/home_desk\/category\/sport\/\" rel=\"category tag\">SPORT<\/a>","rttpg_excerpt":"Cerimonia a Trieste","_links":{"self":[{"href":"https:\/\/imagazine.it\/home_desk\/wp-json\/wp\/v2\/posts\/39926","targetHints":{"allow":["GET"]}}],"collection":[{"href":"https:\/\/imagazine.it\/home_desk\/wp-json\/wp\/v2\/posts"}],"about":[{"href":"https:\/\/imagazine.it\/home_desk\/wp-json\/wp\/v2\/types\/post"}],"author":[{"embeddable":true,"href":"https:\/\/imagazine.it\/home_desk\/wp-json\/wp\/v2\/users\/22"}],"replies":[{"embeddable":true,"href":"https:\/\/imagazine.it\/home_desk\/wp-json\/wp\/v2\/comments?post=39926"}],"version-history":[{"count":0,"href":"https:\/\/imagazine.it\/home_desk\/wp-json\/wp\/v2\/posts\/39926\/revisions"}],"wp:featuredmedia":[{"embeddable":true,"href":"https:\/\/imagazine.it\/home_desk\/wp-json\/wp\/v2\/media\/39927"}],"wp:attachment":[{"href":"https:\/\/imagazine.it\/home_desk\/wp-json\/wp\/v2\/media?parent=39926"}],"wp:term":[{"taxonomy":"category","embeddable":true,"href":"https:\/\/imagazine.it\/home_desk\/wp-json\/wp\/v2\/categories?post=39926"},{"taxonomy":"post_tag","embeddable":true,"href":"https:\/\/imagazine.it\/home_desk\/wp-json\/wp\/v2\/tags?post=39926"}],"curies":[{"name":"wp","href":"https:\/\/api.w.org\/{rel}","templated":true}]}}