{"id":39922,"date":"2021-07-28T00:00:00","date_gmt":"2021-07-27T23:00:00","guid":{"rendered":"https:\/\/imagazine.it\/?p=39922"},"modified":"2021-07-28T00:00:00","modified_gmt":"2021-07-27T23:00:00","slug":"pubblici-esercizi-e-cultura-di-genere-gorizia-capofila-in-italia","status":"publish","type":"post","link":"https:\/\/imagazine.it\/home_desk\/pubblici-esercizi-e-cultura-di-genere-gorizia-capofila-in-italia\/","title":{"rendered":"Pubblici esercizi e cultura di genere, Gorizia capofila in Italia"},"content":{"rendered":"<p> \tHa fatto tappa a <strong>Gorizia<\/strong> il quinto appuntamento di #Sicurezzavera, progetto promosso dalla Fipe, Gruppo Donne Imprenditrici FIPE &#8211; Federazione Italiana Pubblici Esercizi e Polizia di Stato, che mette i pubblici esercizi al centro di una rete capillare a presidio di legalit\u00e0 e sicurezza, per incrementare i livelli di sicurezza delle donne.<\/p>\n<p> \tLa road map ha gi\u00e0 toccato nei giorni precedenti Pisa, Matera, Latina, Rimini.<\/p>\n<p> \tAll\u2019incontro odierno sono intervenuti <strong>Gianluca Madriz<\/strong>, presidente Confcommercio Gorizia, <strong>Roberto Calugi<\/strong>, direttore generale FIPE Confcommercio Federazione Italiana Pubblici Esercizi, <strong>Antonino Gulletta<\/strong>, vice prefetto vicario di Gorizia, <strong>Rodolfo Ziberna<\/strong>, sindaco di Gorizia, <strong>Anna Limpido<\/strong>, consigliera di parit\u00e0 Regione FVG, <strong>Valentina Picca Bianchi<\/strong>, presidente del Gruppo Donne Imprenditrici di Fipe-Confcommercio, <strong>Claudio Culot<\/strong>, vice questore Polizia di Stato &#8211; Dirigente Squadra Mobile Questura Gorizia, <strong>Laura Francescutto<\/strong>, Rete Nazionale Istituti Alberghieri RE.NA.I.A, <strong>Francesca Vuaran<\/strong>, presidente SOS Rosa, <strong>Antonella Muto<\/strong>, imprenditrice e responsabile per il progetto di FIPE-Confcommercio Gorizia.<\/p>\n<p> \tL\u2019obiettivo del progetto \u00e8 quello di incrementare i livelli di sicurezza delle persone e degli stessi esercizi, nel quadro di aggiornate strategie di prevenzione di eventi illegali o pericolosi, connessi a forme di violenza di genere.<\/p>\n<p> \t\u201cTroppo spesso &#8211; ha sottolineato <strong>Valentina Picca Bianchi &#8211; <\/strong>i pubblici esercizi vengono dipinti come luoghi pericolosi, nel quale si pensa sia lecito fare avances spinte alle ragazze che servono ai tavoli, o nei quali un sorriso in pi\u00f9 fatto da una donna che lavora dietro a un bancone viene subito male interpretato. Luoghi in cui si lavora fino a notte fonda e, spesso le donne, titolari o dipendenti che siano, chiudono le saracinesche rimanendo sole nelle citt\u00e0 ormai quasi deserte. Noi vogliamo ribaltare questo stereotipo e rafforzare i nostri locali in presidi di sicurezza e legalit\u00e0, nonch\u00e9 creare una rete per promuovere e diffondere la cultura di genere. E il primo passo per prevenire la violenza \u00e8 riconoscere i segnali di pericolo. Grazie al supporto della Polizia di Stato insegneremo sia alle donne sia agli uomini a riconoscere questi segnali e insegneremo loro come reagire\u201d.<\/p>\n<p> \tLa fase sperimentale, nel suo complesso, arriver\u00e0 a interessare 20 citt\u00e0 entro il 2021, dopodich\u00e9 il modello verr\u00e0 esteso a tutti gli esercizi pubblici.<\/p>\n<p> \t\u201cQuesto protocollo &#8211; ha dichiarato <strong>Anna Limpido<\/strong> &#8211; affronta il tema della sicurezza delle lavoratrici dei pubblici esercizi scoperchiando il problema della fatica che le donne ancora fanno nell\u2019autodeterminarsi e nell\u2019essere rispettate per questo.<\/p>\n<p> \tConservare il diritto al proprio lavoro non pu\u00f2 e non deve passare dalla violazione dei diritti di una lavoratrice e, in primis, del suo diritto di autodeterminarsi. Io purtroppo, nella mia veste di Consigliera Regionale di Parit\u00e0, sono custode di testimonianze di donne licenziate perch\u00e9 ingrassate, perch\u00e9 meno gradevoli o perch\u00e9 non disponibili come da loro ci si attendeva. Donne che nel denunciare l\u2019accaduto spesso accusano il sistema di omert\u00e0 e complicit\u00e0, e qui l\u2019aggravante, nutrito dalle altre donne che anzich\u00e9 unirsi e fare squadra, per paura o per opportunit\u00e0, tradiscono quel forte desiderio di emancipazione che \u00e8 fortunatamente dilagante. Questo protocollo si prefigge di \u201cribaltare gli stereotipi\u201d che accompagnano le donne che lavorano nei locali affinch\u00e9 questi posti, frequentati da tutti noi, possano essere per noi e per chi ci lavora dei presidi di sicurezza e legalit\u00e0\u201d.<\/p>\n","protected":false},"excerpt":{"rendered":"<p>La campagna #sicurezzaVera entra nel vivo<\/p>\n","protected":false},"author":28,"featured_media":39923,"comment_status":"closed","ping_status":"closed","sticky":false,"template":"","format":"standard","meta":{"dwc-title":[],"dwc-content":[],"footnotes":""},"categories":[5],"tags":[],"class_list":["post-39922","post","type-post","status-publish","format-standard","has-post-thumbnail","hentry","category-attualita"],"rttpg_featured_image_url":{"full":["https:\/\/imagazine.it\/wp-content\/uploads\/2024\/01\/41949-1.webp",1600,702,false],"landscape":["https:\/\/imagazine.it\/wp-content\/uploads\/2024\/01\/41949-1.webp",1600,702,false],"portraits":["https:\/\/imagazine.it\/wp-content\/uploads\/2024\/01\/41949-1.webp",1600,702,false],"thumbnail":["https:\/\/imagazine.it\/wp-content\/uploads\/2024\/01\/41949-1-150x150.webp",150,150,true],"medium":["https:\/\/imagazine.it\/wp-content\/uploads\/2024\/01\/41949-1-300x132.webp",300,132,true],"large":["https:\/\/imagazine.it\/wp-content\/uploads\/2024\/01\/41949-1-1024x449.webp",640,281,true],"thumblist":["https:\/\/imagazine.it\/wp-content\/uploads\/2024\/01\/41949-1.webp",300,132,false],"thumbrelated":["https:\/\/imagazine.it\/wp-content\/uploads\/2024\/01\/41949-1.webp",500,219,false],"meccarouselthumb":["https:\/\/imagazine.it\/wp-content\/uploads\/2024\/01\/41949-1.webp",474,208,false],"gridsquare":["https:\/\/imagazine.it\/wp-content\/uploads\/2024\/01\/41949-1.webp",391,172,false],"tileview":["https:\/\/imagazine.it\/wp-content\/uploads\/2024\/01\/41949-1.webp",300,132,false],"1536x1536":["https:\/\/imagazine.it\/wp-content\/uploads\/2024\/01\/41949-1-1536x674.webp",1536,674,true],"2048x2048":["https:\/\/imagazine.it\/wp-content\/uploads\/2024\/01\/41949-1.webp",1600,702,false],"newsup-slider-full":["https:\/\/imagazine.it\/wp-content\/uploads\/2024\/01\/41949-1-1280x702.webp",1280,702,true],"newsup-featured":["https:\/\/imagazine.it\/wp-content\/uploads\/2024\/01\/41949-1-1024x449.webp",1024,449,true],"newsup-medium":["https:\/\/imagazine.it\/wp-content\/uploads\/2024\/01\/41949-1-720x380.webp",720,380,true],"tptn_thumbnail":["https:\/\/imagazine.it\/wp-content\/uploads\/2024\/01\/41949-1.webp",250,110,false],"sow-carousel-default":["https:\/\/imagazine.it\/wp-content\/uploads\/2024\/01\/41949-1-272x182.webp",272,182,true]},"rttpg_author":{"display_name":"redazione","author_link":"https:\/\/imagazine.it\/home_desk\/author\/redazione\/"},"rttpg_comment":0,"rttpg_category":"<a href=\"https:\/\/imagazine.it\/home_desk\/category\/attualita\/\" rel=\"category tag\">ATTUALIT\u00c0<\/a>","rttpg_excerpt":"La campagna #sicurezzaVera entra nel vivo","_links":{"self":[{"href":"https:\/\/imagazine.it\/home_desk\/wp-json\/wp\/v2\/posts\/39922","targetHints":{"allow":["GET"]}}],"collection":[{"href":"https:\/\/imagazine.it\/home_desk\/wp-json\/wp\/v2\/posts"}],"about":[{"href":"https:\/\/imagazine.it\/home_desk\/wp-json\/wp\/v2\/types\/post"}],"author":[{"embeddable":true,"href":"https:\/\/imagazine.it\/home_desk\/wp-json\/wp\/v2\/users\/28"}],"replies":[{"embeddable":true,"href":"https:\/\/imagazine.it\/home_desk\/wp-json\/wp\/v2\/comments?post=39922"}],"version-history":[{"count":0,"href":"https:\/\/imagazine.it\/home_desk\/wp-json\/wp\/v2\/posts\/39922\/revisions"}],"wp:featuredmedia":[{"embeddable":true,"href":"https:\/\/imagazine.it\/home_desk\/wp-json\/wp\/v2\/media\/39923"}],"wp:attachment":[{"href":"https:\/\/imagazine.it\/home_desk\/wp-json\/wp\/v2\/media?parent=39922"}],"wp:term":[{"taxonomy":"category","embeddable":true,"href":"https:\/\/imagazine.it\/home_desk\/wp-json\/wp\/v2\/categories?post=39922"},{"taxonomy":"post_tag","embeddable":true,"href":"https:\/\/imagazine.it\/home_desk\/wp-json\/wp\/v2\/tags?post=39922"}],"curies":[{"name":"wp","href":"https:\/\/api.w.org\/{rel}","templated":true}]}}