{"id":39918,"date":"2021-07-28T00:00:00","date_gmt":"2021-07-27T23:00:00","guid":{"rendered":"https:\/\/imagazine.it\/?p=39918"},"modified":"2021-07-28T00:00:00","modified_gmt":"2021-07-27T23:00:00","slug":"cultura-e-attualita-pulsano-nella-montagna-friulana","status":"publish","type":"post","link":"https:\/\/imagazine.it\/home_desk\/cultura-e-attualita-pulsano-nella-montagna-friulana\/","title":{"rendered":"Cultura e attualit\u00e0 pulsano nella montagna friulana"},"content":{"rendered":"<p> \tPrende il via <strong>sabato 31 luglio a Tolmezzo<\/strong> \u201c<strong>vicino\/lontano mont<\/strong>\u201d, il nuovo spazio di riflessione che l\u2019associazione culturale vicino\/lontano propone \u2013 tra fine luglio e fine settembre, spostandosi tra i paesi della Carnia e del Canal del Ferro \u2013 per concentrarsi sui temi della montagna oltre che su quelli del mondo. Lo segnala il nome della rassegna che, giocando sul doppio significato del termine friulano \u201c<em>mont<\/em>\u201d, evoca contemporaneamente il concetto di locale e di globale.<\/p>\n<p> \tIl progetto, a cura di <strong>Claudio Pellizzari<\/strong>, \u00e8 costruito in collaborazione e con il coinvolgimento concreto dei tanti attori che nella montagna friulana, o partendo da essa, si occupano da molti anni di sviluppo locale e valorizzazione del territorio, anche attraverso la cultura.<\/p>\n<p> \tOltre 30 gli appuntamenti in programma \u2013 tra incontri, dialoghi, proiezioni, giornate in malga e in rifugio, workshop, laboratori, presentazioni e convegni \u2013, tutti realizzati in accordo e con l\u2019attiva disponibilit\u00e0 delle istituzioni pubbliche locali e con la collaborazione di associazioni ed enti privati. Tra i partner della rassegna: l\u2019Officina Montagna del Cantiere Friuli dell\u2019Universit\u00e0 di Udine, l\u2019ASCA \u2013 Associazione Sezioni CAI di Carnia, Canal del Ferro, Val Canale (con i progetti Leggimontagna e Cortomontagna), il Carnia Industrial Park, la Cooperativa Cramars e Innovalp.tv, l\u2019Ordine degli Architetti della Provincia di Udine con l\u2019Atelier Mobile di Torino, la Condotta Slow Food di Carnia e Tarvisiano \u201cGianni Cosetti\u201d, Harvest-Festival del Raccolto di Dordolla, l\u2019ANPI Val But \u201cAulo Magrini\u201d, Euritmica\/MusiCarnia, Arci Cocula, Legacoop FVG, la Comunit\u00e0 di Montagna della Carnia, la Comunit\u00e0 di Montagna del Canal del Ferro e Valcanale e il Consorzio BIM Tagliamento.<\/p>\n<p> \tL&#39;iniziativa coinvolge i territori dei Comuni di <strong>Ampezzo, Comeglians, Forni Avoltri, Moggio Udinese, Ovaro, Paluzza, Pontebba, Prato Carnico, Ravascletto, Rigolato, Sappada, Socchieve, Tolmezzo e Treppo Ligosullo<\/strong>.<\/p>\n<p> \tTra i protagonisti della prima edizione di vicino\/lontano mont: il giornalista <strong>Fabrizio Gatti<\/strong>, che presenter\u00e0 il suo ultimo libro in tema di pandemia (Rigolato, venerd\u00ec 13 agosto, alle 18), la sociologa ed etnografa <strong>Marianella Sclavi<\/strong>, che terr\u00e0 la lectio magistralis \u201cL\u2019arte di ascoltare\u201d (Ovaro, sabato 21 agosto, dalle 10.30), lo scrittore e giornalista <strong>Paolo Rumiz<\/strong>, che sar\u00e0 impegnato in una conversazione sulle \u201c\u00c2gas di mont\u201d con la fotografa <strong>Ulderica da Pozzo <\/strong>e <strong>Franceschino Barazzutti<\/strong>, fondatore del Comitato per la tutela delle acque del bacino montano del Tagliamento (Ampezzo, mercoled\u00ec 18 agosto, alle 18), il poeta paesologo <strong>Franco Arminio<\/strong>, introdotto da <strong>Moreno Miorelli<\/strong>, ideatore di Stazione Topol\u00f2 (Dordolla, venerd\u00ec 24 settembre, alle 18) e il filosofo <strong>Umberto Galimberti<\/strong>, che chiuder\u00e0 la rassegna (Tolmezzo, sabato 25 settembre, ore 20.30), dando \u201cla parola ai giovani\u201d, titolo del suo ultimo saggio, cui dar\u00e0 seguito e concretezza dialogando con una giovane carnica, con la moderazione di <strong>Omar Monestier<\/strong>.<\/p>\n<p> \tQuesta nuova iniziativa estiva, che nasce dal festival vicino\/lontano e dal Premio Terzani, non poteva non accogliere il tema dei diritti, e ha voluto riservare uno spazio in anteprima alla vicenda di un giovane ricercatore friulano al quale il futuro \u00e8 stato barbaramente negato.<\/p>\n<p> \tIn collaborazione con Euritmica\/MusiCarnia e il Comune di Tolmezzo, alle 17.30 di sabato 31 luglio, a <strong>Tolmezzo Pra\u2019 Castello<\/strong>, sullo stesso palco dove poco dopo si esibir\u00e0 <strong>Daniele Silvestri<\/strong> nel \u201cTourbinario 2021\u201d (biglietti: euritmica.it), <strong>i genitori di Giulio Regeni, Paola Deffendi e Claudio Regeni<\/strong>, insieme alla loro legale <strong>Alessandra Ballerini<\/strong>, presenteranno \u201cGiulio fa cose\u201d, libro edito da Feltrinelli in cui ripercorrono il rapimento, l\u2019uccisione di Giulio e quanto \u00e8 accaduto dopo aver visto sul suo volto \u201ctutto il male del mondo\u201d. Moderer\u00e0 l\u2019incontro <strong>Paola Colombo<\/strong>, presidente d vicino\/lontano. Interverranno anche <strong>Pierluigi Di Piazza<\/strong>, fondatore e direttore del Centro Balducci di Zugliano, e Daniele Silvestri. Il cantautore romano, Targa Tenco 2019 nella categoria &#8220;canzone singola&#8221; con il brano <em>Argentovivo<\/em>, \u00e8 noto per il suo impegno politico-sociale e ha sempre appoggiato la richiesta di verit\u00e0 e giustizia per Giulio Regeni.<\/p>\n<p> \tVicino\/lontano mont verr\u00e0 inaugurato ufficialmente mercoled\u00ec 4 agosto, alle 17, al Museo Gortani di Tolmezzo, nel segno della solidariet\u00e0. Al saluto delle autorit\u00e0 seguir\u00e0 infatti la presentazione del CD \u201cSun\u00f4rs da cin\u00eese\u201d (Battiti dalla cenere), che raccoglie i brani di numerosi musicisti legati alla Carnia, un progetto ideato per sostenere la Carnica Arte Tessile di Villa Santina, distrutta da un incendio nel luglio dello scorso anno. Lo illustreranno <strong>Guglielmo Favi, Maurizio Ionico, Claudio Pellizzari e Bepi Tonon<\/strong>. In chiusura \u00e8 previsto un omaggio musicale di <strong>Lino Straulino<\/strong> con i Fale Curte e di <strong>Nevio Zaninotto<\/strong> con la Societ\u00e0 Musicisti Entusiati a <strong>Gianni Cattaino<\/strong>, medico tolmezzino, musicista ed esperto alpinista, che ha perso la vita a inizio luglio in un incidente di montagna.<\/p>\n<p> \tL\u2019appuntamento si realizza in collaborazione con Arci Cucula\/Amariana, la Fondazione Museo Carnico, la Comunit\u00e0 di Montagna della Carnia e il Comune di Tolmezzo.<\/p>\n<p> \tChiuder\u00e0 il programma della prima settimana di vicino\/lontano mont \u2013 sabato 7 agosto, alle 17.30, nella Pinacoteca De Cillia di Treppo Ligosullo \u2013 la presentazione di \u201cZoncolan e altre storie. I poli sciistici del FVG\u201d, volume di <strong>Diego Carpenedo<\/strong> appena pubblicato per i tipi de La Nuova Base. L\u2019autore, noto per la sua attivit\u00e0 politica \u2013 \u00e8 stato senatore della Repubblica nella XI e XII legislatura \u2013 \u00e8 un ingegnere libero professionista, oltre che un apprezzato saggista e romanziere. Il libro, dedicato al futuro della montagna friulana, ripercorre le tappe che hanno portato allo sviluppo del comprensorio sciistico e turistico. Carpenedo ne discuter\u00e0 con <strong>Magda Uliana<\/strong>, direttrice centrale Attivit\u00e0 produttive e Turismo della Regione Autonoma Friuli Venezia Giulia, <strong>Giovanni Da Pozzo<\/strong>, presidente della Camera di Commercio di Pordenone-Udine e di Confcommercio FVG, e con <strong>Antonio Zambon<\/strong>, gi\u00e0 presidente del CAI FVG, tra i fondatori della rete \u201cAlleanza nelle Alpi\u201d e ora componente del direttivo del Club Arc Alpin con delega all\u2019ambiente. L\u2019incontro si realizza in collaborazione con ASCA-Leggimontagna-Cortomontagna, l\u2019associazione culturale Elio cav. Cortolezzis e il Comune di Treppo Ligosullo.<\/p>\n<div>\n<p> \t\tTutti gli appuntamenti di vicino\/lontano mont sono gratuiti, con prenotazione online a partire dal 28 luglio sul sito vicinolontano.it, salvo dove diversamente indicato in programma. Sar\u00e0 sempre possibile registrarsi sul posto. Come richiesto dalla nuova normativa, dal prossimo 6 agosto l\u2019accesso agli eventi sar\u00e0 riservato a chi \u00e8 in possesso del green pass.<\/p>\n<\/p><\/div>\n<p> \t\u00a0<\/p>\n","protected":false},"excerpt":{"rendered":"<p>Al via il festival &#8220;vicino\/lontano mont&#8221;<\/p>\n","protected":false},"author":28,"featured_media":39919,"comment_status":"closed","ping_status":"closed","sticky":false,"template":"","format":"standard","meta":{"dwc-title":[],"dwc-content":[],"footnotes":""},"categories":[37],"tags":[],"class_list":["post-39918","post","type-post","status-publish","format-standard","has-post-thumbnail","hentry","category-cultura-e-spettacolo"],"rttpg_featured_image_url":{"full":["https:\/\/imagazine.it\/wp-content\/uploads\/2024\/01\/41941-1.webp",1000,717,false],"landscape":["https:\/\/imagazine.it\/wp-content\/uploads\/2024\/01\/41941-1.webp",1000,717,false],"portraits":["https:\/\/imagazine.it\/wp-content\/uploads\/2024\/01\/41941-1.webp",1000,717,false],"thumbnail":["https:\/\/imagazine.it\/wp-content\/uploads\/2024\/01\/41941-1-150x150.webp",150,150,true],"medium":["https:\/\/imagazine.it\/wp-content\/uploads\/2024\/01\/41941-1-300x215.webp",300,215,true],"large":["https:\/\/imagazine.it\/wp-content\/uploads\/2024\/01\/41941-1.webp",640,459,false],"thumblist":["https:\/\/imagazine.it\/wp-content\/uploads\/2024\/01\/41941-1.webp",300,215,false],"thumbrelated":["https:\/\/imagazine.it\/wp-content\/uploads\/2024\/01\/41941-1.webp",500,359,false],"meccarouselthumb":["https:\/\/imagazine.it\/wp-content\/uploads\/2024\/01\/41941-1.webp",452,324,false],"gridsquare":["https:\/\/imagazine.it\/wp-content\/uploads\/2024\/01\/41941-1.webp",363,260,false],"tileview":["https:\/\/imagazine.it\/wp-content\/uploads\/2024\/01\/41941-1.webp",300,215,false],"1536x1536":["https:\/\/imagazine.it\/wp-content\/uploads\/2024\/01\/41941-1.webp",1000,717,false],"2048x2048":["https:\/\/imagazine.it\/wp-content\/uploads\/2024\/01\/41941-1.webp",1000,717,false],"newsup-slider-full":["https:\/\/imagazine.it\/wp-content\/uploads\/2024\/01\/41941-1.webp",1000,717,false],"newsup-featured":["https:\/\/imagazine.it\/wp-content\/uploads\/2024\/01\/41941-1.webp",1000,717,false],"newsup-medium":["https:\/\/imagazine.it\/wp-content\/uploads\/2024\/01\/41941-1-720x380.webp",720,380,true],"tptn_thumbnail":["https:\/\/imagazine.it\/wp-content\/uploads\/2024\/01\/41941-1.webp",250,179,false],"sow-carousel-default":["https:\/\/imagazine.it\/wp-content\/uploads\/2024\/01\/41941-1-272x182.webp",272,182,true]},"rttpg_author":{"display_name":"redazione","author_link":"https:\/\/imagazine.it\/home_desk\/author\/redazione\/"},"rttpg_comment":0,"rttpg_category":"<a href=\"https:\/\/imagazine.it\/home_desk\/category\/cultura-e-spettacolo\/\" rel=\"category tag\">CULTURA&amp;SPETTACOLO<\/a>","rttpg_excerpt":"Al via il festival \"vicino\/lontano mont\"","_links":{"self":[{"href":"https:\/\/imagazine.it\/home_desk\/wp-json\/wp\/v2\/posts\/39918","targetHints":{"allow":["GET"]}}],"collection":[{"href":"https:\/\/imagazine.it\/home_desk\/wp-json\/wp\/v2\/posts"}],"about":[{"href":"https:\/\/imagazine.it\/home_desk\/wp-json\/wp\/v2\/types\/post"}],"author":[{"embeddable":true,"href":"https:\/\/imagazine.it\/home_desk\/wp-json\/wp\/v2\/users\/28"}],"replies":[{"embeddable":true,"href":"https:\/\/imagazine.it\/home_desk\/wp-json\/wp\/v2\/comments?post=39918"}],"version-history":[{"count":0,"href":"https:\/\/imagazine.it\/home_desk\/wp-json\/wp\/v2\/posts\/39918\/revisions"}],"wp:featuredmedia":[{"embeddable":true,"href":"https:\/\/imagazine.it\/home_desk\/wp-json\/wp\/v2\/media\/39919"}],"wp:attachment":[{"href":"https:\/\/imagazine.it\/home_desk\/wp-json\/wp\/v2\/media?parent=39918"}],"wp:term":[{"taxonomy":"category","embeddable":true,"href":"https:\/\/imagazine.it\/home_desk\/wp-json\/wp\/v2\/categories?post=39918"},{"taxonomy":"post_tag","embeddable":true,"href":"https:\/\/imagazine.it\/home_desk\/wp-json\/wp\/v2\/tags?post=39918"}],"curies":[{"name":"wp","href":"https:\/\/api.w.org\/{rel}","templated":true}]}}