{"id":39906,"date":"2021-07-27T00:00:00","date_gmt":"2021-07-26T23:00:00","guid":{"rendered":"https:\/\/imagazine.it\/?p=39906"},"modified":"2021-07-27T00:00:00","modified_gmt":"2021-07-26T23:00:00","slug":"34-anni-di-trattamento-emodialitico-ecco-perche-festeggiare","status":"publish","type":"post","link":"https:\/\/imagazine.it\/home_desk\/34-anni-di-trattamento-emodialitico-ecco-perche-festeggiare\/","title":{"rendered":"34 anni di trattamento emodialitico: ecco perch\u00e9 festeggiare"},"content":{"rendered":"<p> \t<strong>Paolo Sartori<\/strong>, classe 1959, festeggia oggi un compleanno particolare ma che ci tiene a ricordare: 34 anni dall\u2019inizio del trattamento emodialico.<\/p>\n<p> \tA causa di una malattia congenita che l\u2019ha portato a sviluppare una insufficienza renale grave, ha iniziato la dialisi nel 1987 prima presso il centro a <strong>Gorizia<\/strong> poi nel centro ad assistenza limitata che allora era sito a <strong>Corm\u00f2ns<\/strong> e da qualche anno presso il centro di <strong>Monfalcone<\/strong>.<\/p>\n<p> \tDa oltre 30 anni Paolo, tre volte alla settimana, giunge in Ospedale col sorriso e porta speranza e fiducia a quanti si trovano a dover iniziare una terapia che come per lui non sempre pu\u00f2 essere propedeutica al trapianto.<\/p>\n<p> \tPaolo all\u2019inizio di quest\u2019anno ha anche sconfitto il Covid, contratto in forma severa, con febbre alta e intensi dolori muscolari che per settimane lo hanno tormentato.<\/p>\n<p> \t<em>\u201cSono sempre stato curato dai miei medici, dalle mie infermiere, infermieri e OSS con competenza e passione e con quello che ho percepito essere per loro pi\u00f9 che un dovere. Spesso mi sono trovato in un ambiente quasi familiare e ho stretto rapporti di amicizia che andavano oltre al semplice rapporto sanitario\/paziente. Anche la mia famiglia \u00e8 stata fondamentale per me e soprattutto il sostegno della mamma che non mi \u00e8 mai mancato\u201d<\/em>, confida.<\/p>\n<p> \tArrivare a questi risultati, quasi un record e non solo per il Friuli Venezia Giulia, \u00e8 frutto di sinergia, collaborazione e fiducia tra personale medico e infermieristico e paziente. \u00c8 stato fondamentale per Paolo, come lo \u00e8 per ogni paziente, seguire le indicazioni dei medici e degli infermieri sull\u2019importanza del mantenimento del peso, del seguire una dieta adeguata e del fare i controlli consigliati. Tutto ci\u00f2 ha impedito l\u2019insorgere delle complicanze legate alla insufficienza renale cronica e al deficit depurativo.<\/p>\n<p> \tLa <strong>Struttura Complessa di Nefrologia e Dialisi di Gorizia Monfalcone<\/strong> e la <strong>SC di Nefrologia e Dialisi di Trieste<\/strong>, entrambe di ASUGI (Azienda Sanitaria Universitaria Giuliano Isontina), offrono il trattamento sostitutivo della funzione renale a quasi 500 pazienti della provincia di Trieste e Gorizia. I nefrologi di ASUGI sono particolarmente attivi nel promuovere e sostenere l\u2019immissione in lista trapianto, nell\u2019incentivare la dialisi peritoneale, sicuramente trattamenti che favoriscono la domiciliarit\u00e0 e sono meno impattanti dal punto di vista della dipendenza dall\u2019Ospedale.<\/p>\n<p> \tPurtroppo, per motivi legati allo stato di salute, non sempre e non tutti i pazienti nefropatici possono avere accesso al trapianto o alla dialisi peritoneale, ma, come per Paolo, questo non deve rappresentare un ostacolo a vivere una vita piena di affetto e di soddisfazione.<\/p>\n<p> \tTutto il personale della SC di Nefrologia e Dialisi di Monfalcone e Gorizia e ASUGI augurano ancora molti sereni \u201ccompleanni\u201d a Paolo.<\/p>\n","protected":false},"excerpt":{"rendered":"<p>La storia di Paolo Sartori<\/p>\n","protected":false},"author":28,"featured_media":39907,"comment_status":"closed","ping_status":"closed","sticky":false,"template":"","format":"standard","meta":{"dwc-title":[],"dwc-content":[],"footnotes":""},"categories":[5],"tags":[],"class_list":["post-39906","post","type-post","status-publish","format-standard","has-post-thumbnail","hentry","category-attualita"],"rttpg_featured_image_url":{"full":["https:\/\/imagazine.it\/wp-content\/uploads\/2024\/01\/41923-1.webp",1000,750,false],"landscape":["https:\/\/imagazine.it\/wp-content\/uploads\/2024\/01\/41923-1.webp",1000,750,false],"portraits":["https:\/\/imagazine.it\/wp-content\/uploads\/2024\/01\/41923-1.webp",1000,750,false],"thumbnail":["https:\/\/imagazine.it\/wp-content\/uploads\/2024\/01\/41923-1-150x150.webp",150,150,true],"medium":["https:\/\/imagazine.it\/wp-content\/uploads\/2024\/01\/41923-1-300x225.webp",300,225,true],"large":["https:\/\/imagazine.it\/wp-content\/uploads\/2024\/01\/41923-1.webp",640,480,false],"thumblist":["https:\/\/imagazine.it\/wp-content\/uploads\/2024\/01\/41923-1.webp",300,225,false],"thumbrelated":["https:\/\/imagazine.it\/wp-content\/uploads\/2024\/01\/41923-1.webp",500,375,false],"meccarouselthumb":["https:\/\/imagazine.it\/wp-content\/uploads\/2024\/01\/41923-1.webp",432,324,false],"gridsquare":["https:\/\/imagazine.it\/wp-content\/uploads\/2024\/01\/41923-1.webp",347,260,false],"tileview":["https:\/\/imagazine.it\/wp-content\/uploads\/2024\/01\/41923-1.webp",300,225,false],"1536x1536":["https:\/\/imagazine.it\/wp-content\/uploads\/2024\/01\/41923-1.webp",1000,750,false],"2048x2048":["https:\/\/imagazine.it\/wp-content\/uploads\/2024\/01\/41923-1.webp",1000,750,false],"newsup-slider-full":["https:\/\/imagazine.it\/wp-content\/uploads\/2024\/01\/41923-1-1000x720.webp",1000,720,true],"newsup-featured":["https:\/\/imagazine.it\/wp-content\/uploads\/2024\/01\/41923-1.webp",1000,750,false],"newsup-medium":["https:\/\/imagazine.it\/wp-content\/uploads\/2024\/01\/41923-1-720x380.webp",720,380,true],"tptn_thumbnail":["https:\/\/imagazine.it\/wp-content\/uploads\/2024\/01\/41923-1.webp",250,188,false],"sow-carousel-default":["https:\/\/imagazine.it\/wp-content\/uploads\/2024\/01\/41923-1-272x182.webp",272,182,true]},"rttpg_author":{"display_name":"redazione","author_link":"https:\/\/imagazine.it\/home_desk\/author\/redazione\/"},"rttpg_comment":0,"rttpg_category":"<a href=\"https:\/\/imagazine.it\/home_desk\/category\/attualita\/\" rel=\"category tag\">ATTUALIT\u00c0<\/a>","rttpg_excerpt":"La storia di Paolo Sartori","_links":{"self":[{"href":"https:\/\/imagazine.it\/home_desk\/wp-json\/wp\/v2\/posts\/39906","targetHints":{"allow":["GET"]}}],"collection":[{"href":"https:\/\/imagazine.it\/home_desk\/wp-json\/wp\/v2\/posts"}],"about":[{"href":"https:\/\/imagazine.it\/home_desk\/wp-json\/wp\/v2\/types\/post"}],"author":[{"embeddable":true,"href":"https:\/\/imagazine.it\/home_desk\/wp-json\/wp\/v2\/users\/28"}],"replies":[{"embeddable":true,"href":"https:\/\/imagazine.it\/home_desk\/wp-json\/wp\/v2\/comments?post=39906"}],"version-history":[{"count":0,"href":"https:\/\/imagazine.it\/home_desk\/wp-json\/wp\/v2\/posts\/39906\/revisions"}],"wp:featuredmedia":[{"embeddable":true,"href":"https:\/\/imagazine.it\/home_desk\/wp-json\/wp\/v2\/media\/39907"}],"wp:attachment":[{"href":"https:\/\/imagazine.it\/home_desk\/wp-json\/wp\/v2\/media?parent=39906"}],"wp:term":[{"taxonomy":"category","embeddable":true,"href":"https:\/\/imagazine.it\/home_desk\/wp-json\/wp\/v2\/categories?post=39906"},{"taxonomy":"post_tag","embeddable":true,"href":"https:\/\/imagazine.it\/home_desk\/wp-json\/wp\/v2\/tags?post=39906"}],"curies":[{"name":"wp","href":"https:\/\/api.w.org\/{rel}","templated":true}]}}