{"id":39896,"date":"2021-07-27T00:00:00","date_gmt":"2021-07-26T23:00:00","guid":{"rendered":"https:\/\/imagazine.it\/?p=39896"},"modified":"2021-07-27T00:00:00","modified_gmt":"2021-07-26T23:00:00","slug":"trieste-premio-unicef-i-nostri-angeli-a-marco-tarquinio","status":"publish","type":"post","link":"https:\/\/imagazine.it\/home_desk\/trieste-premio-unicef-i-nostri-angeli-a-marco-tarquinio\/","title":{"rendered":"Trieste, Premio Unicef \u201cI Nostri Angeli\u201d a Marco Tarquinio"},"content":{"rendered":"<p> \tVa <strong>al direttore di <em>Avvenire<\/em> Marco Tarquinio <\/strong>la 5^ edizione del<strong> Premio UNICEF \u201cI Nostri Angeli\u201d<\/strong>, promosso da UNICEF Italia in collaborazione con il Festival Link.<\/p>\n<p> \tIl riconoscimento giornalistico, riservato <strong>a chi si \u00e8 distinto per la grande attenzione rivolta alle grandi questioni internazionali e umanitarie che vedono protagoniste le nuove generazioni<\/strong>, \u00e8 stato assegnato nelle scorse edizioni a <strong>Enrico Mentana<\/strong>, <strong>Agenzia ANSA<\/strong>, a <strong>Rai Radio1<\/strong> e al periodico <strong>Famiglia Cristiana<\/strong>.<\/p>\n<p> \tSar\u00e0 la presidente<strong> UNICEF Italia, Carmela Pace<\/strong>, a consegnare il premio in occasione di Link Festival, in programma a <strong>Trieste<\/strong> nel primo weekend di settembre.\u00a0<\/p>\n<p> \tAlla guida di <em>Avvenire<\/em><strong> Marco Tarquinio<\/strong>, spiegano le motivazioni del premio, \u00ab<strong>ha saputo dar voce alle storie e alle condizioni delle bambine e dei bambini italiani e del mondo<\/strong> con grande sensibilit\u00e0, attenzione e professionalit\u00e0, senza mai tirarsi indietro di fronte alla complessit\u00e0 dell\u2019epoca che stiamo vivendo. Cos\u00ec <strong>facendo ha contribuito in modo determinante, nel nostro Paese, all\u2019affermarsi di una cultura \u201cdell\u2019altro\u201d<\/strong> che, attraverso la conoscenza di fatti che accadono vicino e lontano, si pone quotidianamente lo scopo di <strong>infrangere quel muro di indifferenza<\/strong> che troppo spesso allontana i cittadini dalle storie di tanti, troppi bambini invisibili del pianeta, per <strong>divenire ogni giorno di pi\u00f9 un alleato insostituibile nella difesa dei loro diritti intangibili<\/strong>\u00bb.<\/p>\n<p> \tL\u2019annuncio dell\u2019assegnazione del Premio UNICEF \u201cI nostri Angeli\u201d 2021 arriva dal Portavoce UNICEF Italia <strong>Andrea Iacomini<\/strong>. La cerimonia di premiazione \u00e8 in programma <strong>nell\u2019ambito di Link Festival del Giornalismo e dei nuovi media<\/strong>, in programma dal 2 al 5 settembre a Trieste.<\/p>\n<p> \t\u00ab<em>Avvenire<\/em> \u00e8 un alleato insostituibile nella difesa dei diritti intangibili dell\u2019infanzia. Di questo vogliamo ringraziare il direttore<strong> Marco Tarquinio,<\/strong> che in questi anni, incessantemente, ha dato voce e dignit\u00e0 a tanti bambini e bambine vulnerabili, che vivono nel nostro paese come in tante periferie del mondo, raccontando le loro storie, le loro testimonianze, rendendoli cos\u00ec meno \u2018invisibili\u2019. Siamo inoltre particolarmente felici di assegnare il <em>Premio UNICEF I nostri angeli<\/em> al Direttore Tarquinio in un anno davvero importante per noi, in cui <strong>celebriamo il 75\u00b0 anniversario della nascita dell\u2019UNICEF<\/strong>\u00bb, ha dichiarato<strong> Carmela Pace<\/strong>, presidente dell\u2019UNICEF\u00a0Italia.<\/p>\n<p> \t\u00a0<\/p>\n<p> \t<strong>Marco Tarquinio<\/strong>, classe 1958, umbro di Assisi, \u00e8 il direttore responsabile di Avvenire dal 2009. Esperto di politica interna e internazionale, inizia la carriera nella sua regione nel 1981, lavorando al settimanale \u201cLa Voce\u201d e al \u201cCorriere dell\u2019Umbria\u201d. \u00c8 stato notista e capo del servizio politico del \u201cTempo\u201d e, prima ancora, della catena di quotidiani locali \u201cLa Gazzetta\u201d. Per quindici anni editorialista politico di \u201cAvvenire\u201d, ha guidato, da caporedattore, sia la Redazione centrale di Milano sia la Redazione romana del quotidiano nazionale d\u2019ispirazione cattolica di cui nel 2007 era diventato vicedirettore.<\/p>\n","protected":false},"excerpt":{"rendered":"<p>Svelato il vincitore della quinta edizione<\/p>\n","protected":false},"author":28,"featured_media":39897,"comment_status":"closed","ping_status":"closed","sticky":false,"template":"","format":"standard","meta":{"dwc-title":[],"dwc-content":[],"footnotes":""},"categories":[37],"tags":[],"class_list":["post-39896","post","type-post","status-publish","format-standard","has-post-thumbnail","hentry","category-cultura-e-spettacolo"],"rttpg_featured_image_url":{"full":["https:\/\/imagazine.it\/wp-content\/uploads\/2024\/01\/41914-1.webp",1000,683,false],"landscape":["https:\/\/imagazine.it\/wp-content\/uploads\/2024\/01\/41914-1.webp",1000,683,false],"portraits":["https:\/\/imagazine.it\/wp-content\/uploads\/2024\/01\/41914-1.webp",1000,683,false],"thumbnail":["https:\/\/imagazine.it\/wp-content\/uploads\/2024\/01\/41914-1-150x150.webp",150,150,true],"medium":["https:\/\/imagazine.it\/wp-content\/uploads\/2024\/01\/41914-1-300x205.webp",300,205,true],"large":["https:\/\/imagazine.it\/wp-content\/uploads\/2024\/01\/41914-1.webp",640,437,false],"thumblist":["https:\/\/imagazine.it\/wp-content\/uploads\/2024\/01\/41914-1.webp",300,205,false],"thumbrelated":["https:\/\/imagazine.it\/wp-content\/uploads\/2024\/01\/41914-1.webp",500,342,false],"meccarouselthumb":["https:\/\/imagazine.it\/wp-content\/uploads\/2024\/01\/41914-1.webp",474,324,false],"gridsquare":["https:\/\/imagazine.it\/wp-content\/uploads\/2024\/01\/41914-1.webp",381,260,false],"tileview":["https:\/\/imagazine.it\/wp-content\/uploads\/2024\/01\/41914-1.webp",300,205,false],"1536x1536":["https:\/\/imagazine.it\/wp-content\/uploads\/2024\/01\/41914-1.webp",1000,683,false],"2048x2048":["https:\/\/imagazine.it\/wp-content\/uploads\/2024\/01\/41914-1.webp",1000,683,false],"newsup-slider-full":["https:\/\/imagazine.it\/wp-content\/uploads\/2024\/01\/41914-1.webp",1000,683,false],"newsup-featured":["https:\/\/imagazine.it\/wp-content\/uploads\/2024\/01\/41914-1.webp",1000,683,false],"newsup-medium":["https:\/\/imagazine.it\/wp-content\/uploads\/2024\/01\/41914-1-720x380.webp",720,380,true],"tptn_thumbnail":["https:\/\/imagazine.it\/wp-content\/uploads\/2024\/01\/41914-1.webp",250,171,false],"sow-carousel-default":["https:\/\/imagazine.it\/wp-content\/uploads\/2024\/01\/41914-1-272x182.webp",272,182,true]},"rttpg_author":{"display_name":"redazione","author_link":"https:\/\/imagazine.it\/home_desk\/author\/redazione\/"},"rttpg_comment":0,"rttpg_category":"<a href=\"https:\/\/imagazine.it\/home_desk\/category\/cultura-e-spettacolo\/\" rel=\"category tag\">CULTURA&amp;SPETTACOLO<\/a>","rttpg_excerpt":"Svelato il vincitore della quinta edizione","_links":{"self":[{"href":"https:\/\/imagazine.it\/home_desk\/wp-json\/wp\/v2\/posts\/39896","targetHints":{"allow":["GET"]}}],"collection":[{"href":"https:\/\/imagazine.it\/home_desk\/wp-json\/wp\/v2\/posts"}],"about":[{"href":"https:\/\/imagazine.it\/home_desk\/wp-json\/wp\/v2\/types\/post"}],"author":[{"embeddable":true,"href":"https:\/\/imagazine.it\/home_desk\/wp-json\/wp\/v2\/users\/28"}],"replies":[{"embeddable":true,"href":"https:\/\/imagazine.it\/home_desk\/wp-json\/wp\/v2\/comments?post=39896"}],"version-history":[{"count":0,"href":"https:\/\/imagazine.it\/home_desk\/wp-json\/wp\/v2\/posts\/39896\/revisions"}],"wp:featuredmedia":[{"embeddable":true,"href":"https:\/\/imagazine.it\/home_desk\/wp-json\/wp\/v2\/media\/39897"}],"wp:attachment":[{"href":"https:\/\/imagazine.it\/home_desk\/wp-json\/wp\/v2\/media?parent=39896"}],"wp:term":[{"taxonomy":"category","embeddable":true,"href":"https:\/\/imagazine.it\/home_desk\/wp-json\/wp\/v2\/categories?post=39896"},{"taxonomy":"post_tag","embeddable":true,"href":"https:\/\/imagazine.it\/home_desk\/wp-json\/wp\/v2\/tags?post=39896"}],"curies":[{"name":"wp","href":"https:\/\/api.w.org\/{rel}","templated":true}]}}