{"id":39882,"date":"2021-07-25T00:00:00","date_gmt":"2021-07-24T23:00:00","guid":{"rendered":"https:\/\/imagazine.it\/?p=39882"},"modified":"2021-07-25T00:00:00","modified_gmt":"2021-07-24T23:00:00","slug":"joannis-riparte-lattivita-del-cil","status":"publish","type":"post","link":"https:\/\/imagazine.it\/home_desk\/joannis-riparte-lattivita-del-cil\/","title":{"rendered":"Joannis, riparte l&#8217;attivit\u00e0 del CIL"},"content":{"rendered":"<p> \tPer ricominciare \u201c<em>Un pranzo in compagnia<\/em>\u201d, una speranza che cerca di superare l&#39;attuale incertezza, quella delle molteplici varianti che imperversano in questo periodo.<\/p>\n<p> \tRispettando scrupolosamente le normative che vengono imposte (distanza, mascherine se si \u00e8 al chiuso, divieto di assembramento) gli aderenti al C.I.L. (Comitato Iniziative Locali) di <strong>Joannis<\/strong> hanno voluto organizzare un pranzo all&#39;aperto, presso la canonica, per ritornare a vedersi, per stare in compagnia, per riconciare a vivere normalmente e programmare le attivit\u00e0 che per quasi due anni sono state ferme al palo.<\/p>\n<p> \tPer citarne qualcuna: la sagra di sant&#39;Agnese, con le molteplici iniziative che si svolgevano nell\u2019ambito di questa manifestazione; la gara del salame che premiava il miglior salame di Joannis e d&#39;intorni; la cena multietnica; le feste nella casa di riposo \u201cCasa Mafalda\u201d ad Aiello.<\/p>\n<p> \tL&#39;associazione, composta da una quindicina di persone, sta cominciando a programmare il futuro: questo primo convivio \u00e8 stato voluto proprio per uscire di casa e per ritornare a guardarsi negli occhi. Covid permettendo, prima della fine dell&#39;anno qualcosa si far\u00e0.<\/p>\n<p> \tIn questa soleggiata domenica, intanto, i partecipanti al pranzo (una quarantina) sono stati molto soddisfatti delle pietanze consumate e dell&#39;atmosfera di convivialit\u00e0 che si \u00e8 respirata dopo pi\u00f9 di un anno.<\/p>\n<p> \tIl Comitato Iniziative Locali, meglio conosciuto come CIL, \u00e8 nato nel 1974 come organizzatore della <em>Sagra dei Gambarei<\/em>, e da allora si \u00e8 preoccupato di promuovere festeggiamenti, gite, spettacoli, mostre e quant&#39; altro possa giovare allo sviluppo e alla valorizzazione del paese di Joannis salvaguardandone l&#39;arte e le tradizioni locali. Il CIL si riunisce periodicamente per promuovere diverse iniziative, ma si occupa principalmente dell&#39;organizzazione della <strong>festa di Sant&#39;Agnese<\/strong> che si tiene nella prima domenica di gennaio successiva alla festivit\u00e0 della patrona, il giorno 21. Durante l&#39;anno il CIL svolge un\u2019importante azione di sostegno per le diverse iniziative promosse dalle altre associazioni operanti nel territorio di Joannis, mettendo a disposizione oltre alle attrezzature e agli spazi propri, anche tutta l&#39;esperienza maturata in tanti anni di attivit\u00e0.<\/p>\n<p> \tL\u2019associazione sta spingendo in una direzione precisa: ricercare la collaborazione di tutto il paese per il bene dell&#39;intera comunit\u00e0.<\/p>\n","protected":false},"excerpt":{"rendered":"<p>Un pranzo per rivedere i volontari<\/p>\n","protected":false},"author":22,"featured_media":39883,"comment_status":"closed","ping_status":"closed","sticky":false,"template":"","format":"standard","meta":{"dwc-title":[],"dwc-content":[],"footnotes":""},"categories":[5],"tags":[],"class_list":["post-39882","post","type-post","status-publish","format-standard","has-post-thumbnail","hentry","category-attualita"],"rttpg_featured_image_url":{"full":["https:\/\/imagazine.it\/wp-content\/uploads\/2024\/01\/41868-1.webp",1000,750,false],"landscape":["https:\/\/imagazine.it\/wp-content\/uploads\/2024\/01\/41868-1.webp",1000,750,false],"portraits":["https:\/\/imagazine.it\/wp-content\/uploads\/2024\/01\/41868-1.webp",1000,750,false],"thumbnail":["https:\/\/imagazine.it\/wp-content\/uploads\/2024\/01\/41868-1-150x150.webp",150,150,true],"medium":["https:\/\/imagazine.it\/wp-content\/uploads\/2024\/01\/41868-1-300x225.webp",300,225,true],"large":["https:\/\/imagazine.it\/wp-content\/uploads\/2024\/01\/41868-1.webp",640,480,false],"thumblist":["https:\/\/imagazine.it\/wp-content\/uploads\/2024\/01\/41868-1.webp",300,225,false],"thumbrelated":["https:\/\/imagazine.it\/wp-content\/uploads\/2024\/01\/41868-1.webp",500,375,false],"meccarouselthumb":["https:\/\/imagazine.it\/wp-content\/uploads\/2024\/01\/41868-1.webp",432,324,false],"gridsquare":["https:\/\/imagazine.it\/wp-content\/uploads\/2024\/01\/41868-1.webp",347,260,false],"tileview":["https:\/\/imagazine.it\/wp-content\/uploads\/2024\/01\/41868-1.webp",300,225,false],"1536x1536":["https:\/\/imagazine.it\/wp-content\/uploads\/2024\/01\/41868-1.webp",1000,750,false],"2048x2048":["https:\/\/imagazine.it\/wp-content\/uploads\/2024\/01\/41868-1.webp",1000,750,false],"newsup-slider-full":["https:\/\/imagazine.it\/wp-content\/uploads\/2024\/01\/41868-1-1000x720.webp",1000,720,true],"newsup-featured":["https:\/\/imagazine.it\/wp-content\/uploads\/2024\/01\/41868-1.webp",1000,750,false],"newsup-medium":["https:\/\/imagazine.it\/wp-content\/uploads\/2024\/01\/41868-1-720x380.webp",720,380,true],"tptn_thumbnail":["https:\/\/imagazine.it\/wp-content\/uploads\/2024\/01\/41868-1.webp",250,188,false],"sow-carousel-default":["https:\/\/imagazine.it\/wp-content\/uploads\/2024\/01\/41868-1-272x182.webp",272,182,true]},"rttpg_author":{"display_name":"Livio Nonis","author_link":"https:\/\/imagazine.it\/home_desk\/author\/nonis\/"},"rttpg_comment":0,"rttpg_category":"<a href=\"https:\/\/imagazine.it\/home_desk\/category\/attualita\/\" rel=\"category tag\">ATTUALIT\u00c0<\/a>","rttpg_excerpt":"Un pranzo per rivedere i volontari","_links":{"self":[{"href":"https:\/\/imagazine.it\/home_desk\/wp-json\/wp\/v2\/posts\/39882","targetHints":{"allow":["GET"]}}],"collection":[{"href":"https:\/\/imagazine.it\/home_desk\/wp-json\/wp\/v2\/posts"}],"about":[{"href":"https:\/\/imagazine.it\/home_desk\/wp-json\/wp\/v2\/types\/post"}],"author":[{"embeddable":true,"href":"https:\/\/imagazine.it\/home_desk\/wp-json\/wp\/v2\/users\/22"}],"replies":[{"embeddable":true,"href":"https:\/\/imagazine.it\/home_desk\/wp-json\/wp\/v2\/comments?post=39882"}],"version-history":[{"count":0,"href":"https:\/\/imagazine.it\/home_desk\/wp-json\/wp\/v2\/posts\/39882\/revisions"}],"wp:featuredmedia":[{"embeddable":true,"href":"https:\/\/imagazine.it\/home_desk\/wp-json\/wp\/v2\/media\/39883"}],"wp:attachment":[{"href":"https:\/\/imagazine.it\/home_desk\/wp-json\/wp\/v2\/media?parent=39882"}],"wp:term":[{"taxonomy":"category","embeddable":true,"href":"https:\/\/imagazine.it\/home_desk\/wp-json\/wp\/v2\/categories?post=39882"},{"taxonomy":"post_tag","embeddable":true,"href":"https:\/\/imagazine.it\/home_desk\/wp-json\/wp\/v2\/tags?post=39882"}],"curies":[{"name":"wp","href":"https:\/\/api.w.org\/{rel}","templated":true}]}}