{"id":39876,"date":"2021-07-26T00:00:00","date_gmt":"2021-07-25T23:00:00","guid":{"rendered":"https:\/\/imagazine.it\/?p=39876"},"modified":"2021-07-26T00:00:00","modified_gmt":"2021-07-25T23:00:00","slug":"una-birra-friulana-per-conquistare-la-california","status":"publish","type":"post","link":"https:\/\/imagazine.it\/home_desk\/una-birra-friulana-per-conquistare-la-california\/","title":{"rendered":"Una birra friulana per conquistare la California"},"content":{"rendered":"<p> \tNell\u2019affollato mondo della produzione e commercializzazione della birra artigianale, un nuovo prodotto made in <strong>Friuli Venezia Giulia<\/strong> si presenta in tutta la sua concretezza e ambizione.<\/p>\n<p> \tDall\u2019idea di <strong>Alex Corazza<\/strong>, <strong>Patrick Fantini Corazza<\/strong>, imprenditori friulani, e <strong>Emily Rose Corazza<\/strong>, imprenditrice californiana, nasce <strong>Birra Friuli<\/strong>, la birra artigianale che mira a unire in un sorso i pregi del Friuli Venezia Giulia con l\u2019innovazione del mercato americano.<\/p>\n<p> \t<strong>Birra Friuli<\/strong> \u00e8 una Lager a bassa fermentazione.<\/p>\n<p> \tL\u2019obiettivo di questa nuova iniziativa imprenditoriale \u00e8 portare il <strong>sapore<\/strong> e i <strong>valori<\/strong> legati a questa terra in tutto il mondo. Il territorio \u00e8 infatti un aspetto centrale del progetto: la produzione avviene a <strong>Cividale del Friuli<\/strong>, mentre l\u2019acqua di Alpi e Dolomiti dona alla birra una mineralit\u00e0 unica al mondo.<\/p>\n<p> \tI fondatori di Birra Friuli hanno gi\u00e0 maturato esperienza nel settore del commercio e nella distribuzione internazionale di vino con la societ\u00e0 <u><a href=\"http:\/\/www.friulitalianwines.com\" target=\"_blank\" rel=\"noopener\"><span style=\"color:#0000ff;\"><strong>Friuli Italian Wines<\/strong><\/span><\/a><\/u>, realt\u00e0 nata sei anni fa, che importa e distribuisce su tutta la costa Ovest degli Stati Uniti vini esclusivamente friulani.<\/p>\n<p> \tIl <u><a href=\"https:\/\/vimeo.com\/556364296\/31a4c2320a\" target=\"_blank\" rel=\"noopener\"><span style=\"color:#0000ff;\">video di lancio del nuovo prodotto<\/span><\/a><\/u>, realizzato dal regista <strong>Gianpaolo Scognamiglio<\/strong>, con la direzione fotografica di <strong>Fabrice Gallina<\/strong>, unisce idealmente il Friuli Venezia Giulia e la California, terra \u00a0che \u00e8 stata di grandi opportunit\u00e0 per i tre giovani imprenditori. Protagoniste nel video sono per\u00f2 le bellezze della nostra regione, dalle montagne al mare, dalle colline alle pianure, dalle citt\u00e0 d\u2019arte ai nostri patrimoni naturalistici. Un progetto e un prodotto che partono dal locale, ma guardando al mondo intero.<\/p>\n<p> \t\u201c<em>Sin dagli inizi della nostra esperienza <\/em>\u2013 affermano <strong>Alex<\/strong>, <strong>Emily<\/strong> e <strong>Patrick <\/strong>\u2013 <em>oltre oceano abbiamo cercato di portare il nome del Friuli all&#39;estero, prima con la distribuzione del nostro vino, e ora con la nuova avventura della birra.<\/em> <em>L\u2019idea di creare un prodotto e legarlo al territorio che amiamo \u00e8 diventata la nostra nuova sfida imprenditoriale, che per noi rappresenta anche la realizzazione di un sogno.<\/em> <em>Riteniamo importante la scelta del luogo da dove partire con la produzione, Cividale del Friuli, territorio conosciuto di pi\u00f9 per i suoi vini, ma che \u00e8 anche molto altro, con risorse infinite e tante storie da raccontare a tutto il mondo<\/em>.\u201d<\/p>\n<p> \tBirra Friuli verr\u00e0 presentata ufficialmente <strong>mercoled\u00ec 28 luglio<\/strong> alle <strong>19<\/strong> alla <strong>Casa della Contadinanza<\/strong> in <strong>Castello a Udine<\/strong>.<\/p>\n","protected":false},"excerpt":{"rendered":"<p>Guarda il video di presentazione<\/p>\n","protected":false},"author":28,"featured_media":39877,"comment_status":"closed","ping_status":"closed","sticky":false,"template":"","format":"standard","meta":{"dwc-title":[],"dwc-content":[],"footnotes":""},"categories":[6],"tags":[],"class_list":["post-39876","post","type-post","status-publish","format-standard","has-post-thumbnail","hentry","category-societa"],"rttpg_featured_image_url":{"full":["https:\/\/imagazine.it\/wp-content\/uploads\/2024\/01\/41858-1.webp",1000,531,false],"landscape":["https:\/\/imagazine.it\/wp-content\/uploads\/2024\/01\/41858-1.webp",1000,531,false],"portraits":["https:\/\/imagazine.it\/wp-content\/uploads\/2024\/01\/41858-1.webp",1000,531,false],"thumbnail":["https:\/\/imagazine.it\/wp-content\/uploads\/2024\/01\/41858-1-150x150.webp",150,150,true],"medium":["https:\/\/imagazine.it\/wp-content\/uploads\/2024\/01\/41858-1-300x159.webp",300,159,true],"large":["https:\/\/imagazine.it\/wp-content\/uploads\/2024\/01\/41858-1.webp",640,340,false],"thumblist":["https:\/\/imagazine.it\/wp-content\/uploads\/2024\/01\/41858-1.webp",300,159,false],"thumbrelated":["https:\/\/imagazine.it\/wp-content\/uploads\/2024\/01\/41858-1.webp",500,266,false],"meccarouselthumb":["https:\/\/imagazine.it\/wp-content\/uploads\/2024\/01\/41858-1.webp",474,252,false],"gridsquare":["https:\/\/imagazine.it\/wp-content\/uploads\/2024\/01\/41858-1.webp",391,208,false],"tileview":["https:\/\/imagazine.it\/wp-content\/uploads\/2024\/01\/41858-1.webp",300,159,false],"1536x1536":["https:\/\/imagazine.it\/wp-content\/uploads\/2024\/01\/41858-1.webp",1000,531,false],"2048x2048":["https:\/\/imagazine.it\/wp-content\/uploads\/2024\/01\/41858-1.webp",1000,531,false],"newsup-slider-full":["https:\/\/imagazine.it\/wp-content\/uploads\/2024\/01\/41858-1.webp",1000,531,false],"newsup-featured":["https:\/\/imagazine.it\/wp-content\/uploads\/2024\/01\/41858-1.webp",1000,531,false],"newsup-medium":["https:\/\/imagazine.it\/wp-content\/uploads\/2024\/01\/41858-1-720x380.webp",720,380,true],"tptn_thumbnail":["https:\/\/imagazine.it\/wp-content\/uploads\/2024\/01\/41858-1.webp",250,133,false],"sow-carousel-default":["https:\/\/imagazine.it\/wp-content\/uploads\/2024\/01\/41858-1-272x182.webp",272,182,true]},"rttpg_author":{"display_name":"redazione","author_link":"https:\/\/imagazine.it\/home_desk\/author\/redazione\/"},"rttpg_comment":0,"rttpg_category":"<a href=\"https:\/\/imagazine.it\/home_desk\/category\/societa\/\" rel=\"category tag\">SOCIET\u00c0<\/a>","rttpg_excerpt":"Guarda il video di presentazione","_links":{"self":[{"href":"https:\/\/imagazine.it\/home_desk\/wp-json\/wp\/v2\/posts\/39876","targetHints":{"allow":["GET"]}}],"collection":[{"href":"https:\/\/imagazine.it\/home_desk\/wp-json\/wp\/v2\/posts"}],"about":[{"href":"https:\/\/imagazine.it\/home_desk\/wp-json\/wp\/v2\/types\/post"}],"author":[{"embeddable":true,"href":"https:\/\/imagazine.it\/home_desk\/wp-json\/wp\/v2\/users\/28"}],"replies":[{"embeddable":true,"href":"https:\/\/imagazine.it\/home_desk\/wp-json\/wp\/v2\/comments?post=39876"}],"version-history":[{"count":0,"href":"https:\/\/imagazine.it\/home_desk\/wp-json\/wp\/v2\/posts\/39876\/revisions"}],"wp:featuredmedia":[{"embeddable":true,"href":"https:\/\/imagazine.it\/home_desk\/wp-json\/wp\/v2\/media\/39877"}],"wp:attachment":[{"href":"https:\/\/imagazine.it\/home_desk\/wp-json\/wp\/v2\/media?parent=39876"}],"wp:term":[{"taxonomy":"category","embeddable":true,"href":"https:\/\/imagazine.it\/home_desk\/wp-json\/wp\/v2\/categories?post=39876"},{"taxonomy":"post_tag","embeddable":true,"href":"https:\/\/imagazine.it\/home_desk\/wp-json\/wp\/v2\/tags?post=39876"}],"curies":[{"name":"wp","href":"https:\/\/api.w.org\/{rel}","templated":true}]}}