{"id":39872,"date":"2021-07-23T00:00:00","date_gmt":"2021-07-22T23:00:00","guid":{"rendered":"https:\/\/imagazine.it\/?p=39872"},"modified":"2021-07-23T00:00:00","modified_gmt":"2021-07-22T23:00:00","slug":"trieste-si-rinnova-la-biblioteca-hortis","status":"publish","type":"post","link":"https:\/\/imagazine.it\/home_desk\/trieste-si-rinnova-la-biblioteca-hortis\/","title":{"rendered":"Trieste, si rinnova la Biblioteca Hortis"},"content":{"rendered":"<p> \tIl contributo di 11.220.950 euro concesso dalla Regione Friuli Venezia Giulia, sul progetto di riqualificazione elaborato dal Comune di Trieste, al fine di ristrutturare <strong>Palazzo Biserini<\/strong>, sede storica della <strong>Biblioteca civica Attilio Hortis<\/strong>, trover\u00e0 impiego nella realizzazione di un progetto che non si limita al recupero edilizio dell&#39;edificio ma <strong>intende ampliare i servizi e le funzioni storiche della biblioteca<\/strong>.<\/p>\n<p> \tAl <strong>piano terra <\/strong>si prevede di mantenere inalterato l&#39;ambiente e la funzionalit\u00e0 dell&#39;<strong>Emeroteca Fulvio Tomizza<\/strong>, vero <em>hub<\/em> di aggiornamento della citt\u00e0 che offre quotidiani e riviste italiane e straniere dedicate ai pi\u00f9 svariati argomenti con un orario di accesso ampio, affiancandovi il nuovo <strong>Museo della Letteratura<\/strong>, spazio espositivo in grado di raccontare ai cittadini e ai turisti vita e opere dei tanti grandi scrittori che hanno operato sul territorio dall&#39;Ottocento a oggi, a cui si affiancheranno spazi di aggregazione, incontro e relax serviti da un <strong>bookshop\/giftshop\/caffetteria<\/strong> che si aprir\u00e0 sul cortile interno coperto.<\/p>\n<p> \tIl Museo <strong>LETS \u2013 Letteratura TrieSte<\/strong> di cui \u00e8 gi\u00e0 stato ultimato il progetto esecutivo, verr\u00e0 realizzato grazie alla convergenza del progetto di rigenerazione urbana PISUS, che ha consentito la ristrutturazione edilizia dello spazio, e del contributo dei fondi derivanti dalla tassa di soggiorno che, nella misura di \u20ac 580.000, copriranno i costi di allestimento.<\/p>\n<p> \tIl <strong>primo piano <\/strong>assumer\u00e0 il ruolo di <strong>biblioteca della citt\u00e0<\/strong>, occupandosi principalmente della conservazione e della valorizzazione della memoria di Trieste. Specifiche aree saranno <strong>riservate allo studio<\/strong> e saranno dotate di <strong>postazioni per la navigazione on-line<\/strong>, ma anche alla lettura come momento di svago e condivisione; ci sar\u00e0 un <strong>laboratorio fotografico <\/strong>per la riproduzione e la digitalizzazione dei documenti e uno<strong> spazio per conferenze <\/strong>con accesso diretto dall&#39;esterno.<\/p>\n<p> \tAl<strong> secondo piano <\/strong>trover\u00e0 posto il <strong>museo della biblioteca<\/strong>, in cui si potranno ammirare i tesori librari della \u201cHortis\u201d nelle splendide sale restaurate con la pavimentazione in legno, gli affreschi ottocenteschi a soffitto e le librerie su misura a tutta altezza. Un museo che, come quello della letteratura avr\u00e0 funzione narrativa, raccontando Trieste attraverso i suoi documenti pi\u00f9 preziosi. Vi troveranno posto inoltre il <strong>Museo petrarchesco piccolomineo <\/strong>e l&#39;<strong>Archivio diplomatico<\/strong> che conserva e mette a disposizione i pi\u00f9 antichi documenti storici triestini.<\/p>\n<p> \tLa cosiddetta <strong>Piazza del sapere<\/strong> occuper\u00e0 interamente (con l&#39;eccezione delle sale sul retro del palazzo che in tutti i piani ospiteranno i depositi dei libri) gli spazi il <strong>terzo piano<\/strong>, facendone uno spazio accogliente (anche negli arredi: poltrone, divani, postazioni informatiche \/ <em>touch screen \/ tablet <\/em>a portata di mano per la consultazione di quotidiani e riviste <em>online<\/em>, <em>ebook<\/em>, video, musica e cos\u00ec via) capace di offrire servizi, occasioni di condivisione, momenti di sosta, informazione e svago gratuiti e di qualit\u00e0.<\/p>\n<p> \tLa sezione di <strong>pubblica lettura<\/strong> di Biblioteca Hortis a scaffale aperto vuole essere spazio di condivisione e crescita culturale per la citt\u00e0. Qui verr\u00e0 realizzata anche la <strong>sala multimediale<\/strong>, dotata di proiettore, schermo, sedute removibili, per proiezioni collettive, letture sceniche e piccole produzioni teatrali e il <strong>laboratorio per attivit\u00e0 collettive<\/strong>.<\/p>\n<p> \tIl<strong> quarto piano<\/strong> offrir\u00e0 spazi raccolti, silenziosi e luminosi, da riservare a quanti in biblioteca vengono appositamente per studiare, fare ricerca, lavorare su documenti propri e delle collezioni della Hortis. <strong>La biblioteca di ricerca <\/strong>trover\u00e0 qui la sua migliore realizzazione grazie anche a una ulteriore, piccola sala multifunzionale e agli attigui uffici che saranno la casa delle associazioni culturali triestine che vorranno avere in Biblioteca Hortis un punto di riferimento per la loro attivit\u00e0.<\/p>\n<p> \tInfine la <strong>copertura a terrazzo<\/strong> della parte superiore dell&#39;edificio si offrir\u00e0 come ulteriore spazio per godere della centralit\u00e0 della biblioteca sia come affaccio architettonico sul paesaggio urbano e sul golfo, sia come luogo di relazione, svago, socializzazione e lettura, con comode postazioni-sdraio. Due <strong>ulteriori studioli speciali<\/strong>, isolati e scenografici, per gli utenti con esigenze particolari, saranno allestiti nelle torrette cui si accede tramite scala.<\/p>\n<p> \tIl progetto \u00e8 stato presentato stamane a Palazzo Biserini dal sindaco di Trieste <strong>Roberto Dipiazza<\/strong>, affiancato dall\u2019assessore regionale agli Enti Locali <strong>Pierpaolo Roberti<\/strong>, dagli assessori alla Cultura <strong>Giorgio Rossi<\/strong>, ai Lavori Pubblici <strong>Elisa Lodi<\/strong>, alle Attivit\u00e0 Economiche <strong>Serena Tonel<\/strong>, dalla direttrice del Servizio Edilizia pubblica <strong>Lucia Iammarino<\/strong> e dalla direttrice del Servizio Musei e Biblioteche <strong>Laura Carlini Fanfogna<\/strong>, oltre ad alcuni consiglieri comunali.<\/p>\n","protected":false},"excerpt":{"rendered":"<p>Presentato oggi il progetto alla stampa<\/p>\n","protected":false},"author":28,"featured_media":39873,"comment_status":"closed","ping_status":"closed","sticky":false,"template":"","format":"standard","meta":{"dwc-title":[],"dwc-content":[],"footnotes":""},"categories":[5],"tags":[],"class_list":["post-39872","post","type-post","status-publish","format-standard","has-post-thumbnail","hentry","category-attualita"],"rttpg_featured_image_url":{"full":["https:\/\/imagazine.it\/wp-content\/uploads\/2024\/01\/41841-1.webp",1000,562,false],"landscape":["https:\/\/imagazine.it\/wp-content\/uploads\/2024\/01\/41841-1.webp",1000,562,false],"portraits":["https:\/\/imagazine.it\/wp-content\/uploads\/2024\/01\/41841-1.webp",1000,562,false],"thumbnail":["https:\/\/imagazine.it\/wp-content\/uploads\/2024\/01\/41841-1-150x150.webp",150,150,true],"medium":["https:\/\/imagazine.it\/wp-content\/uploads\/2024\/01\/41841-1-300x169.webp",300,169,true],"large":["https:\/\/imagazine.it\/wp-content\/uploads\/2024\/01\/41841-1.webp",640,360,false],"thumblist":["https:\/\/imagazine.it\/wp-content\/uploads\/2024\/01\/41841-1.webp",300,169,false],"thumbrelated":["https:\/\/imagazine.it\/wp-content\/uploads\/2024\/01\/41841-1.webp",500,281,false],"meccarouselthumb":["https:\/\/imagazine.it\/wp-content\/uploads\/2024\/01\/41841-1.webp",474,266,false],"gridsquare":["https:\/\/imagazine.it\/wp-content\/uploads\/2024\/01\/41841-1.webp",391,220,false],"tileview":["https:\/\/imagazine.it\/wp-content\/uploads\/2024\/01\/41841-1.webp",300,169,false],"1536x1536":["https:\/\/imagazine.it\/wp-content\/uploads\/2024\/01\/41841-1.webp",1000,562,false],"2048x2048":["https:\/\/imagazine.it\/wp-content\/uploads\/2024\/01\/41841-1.webp",1000,562,false],"newsup-slider-full":["https:\/\/imagazine.it\/wp-content\/uploads\/2024\/01\/41841-1.webp",1000,562,false],"newsup-featured":["https:\/\/imagazine.it\/wp-content\/uploads\/2024\/01\/41841-1.webp",1000,562,false],"newsup-medium":["https:\/\/imagazine.it\/wp-content\/uploads\/2024\/01\/41841-1-720x380.webp",720,380,true],"tptn_thumbnail":["https:\/\/imagazine.it\/wp-content\/uploads\/2024\/01\/41841-1.webp",250,141,false],"sow-carousel-default":["https:\/\/imagazine.it\/wp-content\/uploads\/2024\/01\/41841-1-272x182.webp",272,182,true]},"rttpg_author":{"display_name":"redazione","author_link":"https:\/\/imagazine.it\/home_desk\/author\/redazione\/"},"rttpg_comment":0,"rttpg_category":"<a href=\"https:\/\/imagazine.it\/home_desk\/category\/attualita\/\" rel=\"category tag\">ATTUALIT\u00c0<\/a>","rttpg_excerpt":"Presentato oggi il progetto alla stampa","_links":{"self":[{"href":"https:\/\/imagazine.it\/home_desk\/wp-json\/wp\/v2\/posts\/39872","targetHints":{"allow":["GET"]}}],"collection":[{"href":"https:\/\/imagazine.it\/home_desk\/wp-json\/wp\/v2\/posts"}],"about":[{"href":"https:\/\/imagazine.it\/home_desk\/wp-json\/wp\/v2\/types\/post"}],"author":[{"embeddable":true,"href":"https:\/\/imagazine.it\/home_desk\/wp-json\/wp\/v2\/users\/28"}],"replies":[{"embeddable":true,"href":"https:\/\/imagazine.it\/home_desk\/wp-json\/wp\/v2\/comments?post=39872"}],"version-history":[{"count":0,"href":"https:\/\/imagazine.it\/home_desk\/wp-json\/wp\/v2\/posts\/39872\/revisions"}],"wp:featuredmedia":[{"embeddable":true,"href":"https:\/\/imagazine.it\/home_desk\/wp-json\/wp\/v2\/media\/39873"}],"wp:attachment":[{"href":"https:\/\/imagazine.it\/home_desk\/wp-json\/wp\/v2\/media?parent=39872"}],"wp:term":[{"taxonomy":"category","embeddable":true,"href":"https:\/\/imagazine.it\/home_desk\/wp-json\/wp\/v2\/categories?post=39872"},{"taxonomy":"post_tag","embeddable":true,"href":"https:\/\/imagazine.it\/home_desk\/wp-json\/wp\/v2\/tags?post=39872"}],"curies":[{"name":"wp","href":"https:\/\/api.w.org\/{rel}","templated":true}]}}