{"id":39870,"date":"2021-07-23T00:00:00","date_gmt":"2021-07-22T23:00:00","guid":{"rendered":"https:\/\/imagazine.it\/?p=39870"},"modified":"2021-07-23T00:00:00","modified_gmt":"2021-07-22T23:00:00","slug":"green-pass-e-tamponi-ecco-dove-saranno-necessari-dal-6-agosto","status":"publish","type":"post","link":"https:\/\/imagazine.it\/home_desk\/green-pass-e-tamponi-ecco-dove-saranno-necessari-dal-6-agosto\/","title":{"rendered":"Green Pass e tamponi: ecco dove saranno necessari dal 6 agosto"},"content":{"rendered":"<p> \tIl Consiglio dei Ministri, su proposta del presidente <strong>Mario Draghi<\/strong> e del ministro della salute <strong>Roberto Speranza<\/strong>, ha deliberato di prorogare fino al 31 dicembre 2021 lo stato di emergenza nazionale e ha deciso le modalit\u00e0 di utilizzo del Green Pass e nuovi criteri per la \u201ccolorazione\u201d delle Regioni.<\/p>\n<p> \t<strong>Green Pass<\/strong><\/p>\n<p> \tSar\u00e0 possibile svolgere alcune attivit\u00e0 solo se si \u00e8 in possesso di: certificazioni verdi Covid-19 (Green Pass), comprovanti l\u2019inoculamento almeno della prima dose vaccinale Sars-CoV-2 o la guarigione dall&#39;infezione da Sars-CoV-2 (validit\u00e0 6 mesi); effettuazione di un test molecolare o antigenico rapido con risultato negativo al virus Sars-CoV-2 (con validit\u00e0 48 ore).<\/p>\n<p> \tQuesta documentazione sar\u00e0 richiesta per poter svolgere o accedere alle seguenti attivit\u00e0 o ambiti a partire <strong>dal 6 agosto prossimo<\/strong>:<\/p>\n<ul>\n<li> \t\tServizi per la ristorazione svolti da qualsiasi esercizio per consumo al tavolo al chiuso<\/li>\n<li> \t\tSpettacoli aperti al pubblico, eventi e competizioni sportivi<\/li>\n<li> \t\tMusei, altri istituti e luoghi della cultura e mostre;<\/li>\n<li> \t\tPiscine, centri natatori, palestre, sport di squadra, centri benessere, anche all\u2019interno di strutture ricettive, limitatamente alle attivit\u00e0 al chiuso;<\/li>\n<li> \t\tSagre e fiere, convegni e congressi;<\/li>\n<li> \t\tCentri termali, parchi tematici e di divertimento;<\/li>\n<li> \t\tCentri culturali, centri sociali e ricreativi, limitatamente alle attivit\u00e0 al chiuso e con esclusione dei centri educativi per l\u2019infanzia, i centri estivi e le relative attivit\u00e0 di ristorazione;<\/li>\n<li> \t\tAttivit\u00e0 di sale gioco, sale scommesse, sale bingo e casin\u00f2;<\/li>\n<li> \t\tConcorsi pubblici.<\/li>\n<\/ul>\n<p> \t<strong>Misure per lo svolgimento degli spettacoli culturali<\/strong><\/p>\n<p> \tIn zona bianca e in zona gialla, gli spettacoli aperti al pubblico in sale teatrali, sale da concerto, sale cinematografiche, locali di intrattenimento e musica dal vivo e in altri locali o spazi anche all&#39;aperto, sono svolti esclusivamente con posti a sedere preassegnati e a condizione che sia assicurato il rispetto della distanza interpersonale di almeno un metro sia per gli spettatori che non siano abitualmente conviventi, sia per il personale, e l\u2019accesso \u00e8 consentito esclusivamente ai soggetti muniti di una delle certificazioni verdi Covid-19.\u00a0<\/p>\n<p> \tIn zona bianca, la capienza consentita non pu\u00f2 essere superiore al 50 per cento di quella massima autorizzata all\u2019aperto e al 25 per cento al chiuso nel caso di eventi con un numero di spettatori superiore rispettivamente a 5.000 all\u2019aperto e 2.500 al chiuso.\u00a0<\/p>\n<p> \tIn zona gialla la capienza consentita non pu\u00f2 essere superiore al 50 per cento di quella massima autorizzata e il numero massimo di spettatori non pu\u00f2 comunque essere superiore a 2.500 per gli spettacoli all&#39;aperto e a 1.000 per gli spettacoli in luoghi chiusi, per ogni singola sala. Le attivit\u00e0 devono svolgersi nel rispetto di linee guida adottate.<\/p>\n<p> \t<strong>Misure per gli eventi sportivi<\/strong><\/p>\n<p> \tPer la partecipazione del pubblico sia agli eventi e alle competizioni di livello agonistico riconosciuti di preminente interesse nazionale con provvedimento del Comitato olimpico nazionale italiano e del Comitato italiano paralimpico, riguardanti gli sport individuali e di squadra, organizzati dalle rispettive federazioni sportive nazionali, discipline sportive associate, enti di promozione sportiva ovvero da organismi sportivi internazionali sia agli eventi e le competizioni sportivi diversi da quelli citati si applicano le seguenti prescrizioni:\u00a0<\/p>\n<p> \tIn zona bianca, la capienza consentita non pu\u00f2 essere superiore 50 per cento di quella massima autorizzata all\u2019aperto e al 25 per cento al chiuso.\u00a0<\/p>\n<p> \tIn zona gialla la capienza consentita non pu\u00f2 essere superiore al 25 per cento di quella massima autorizzata e, comunque, il numero massimo di spettatori non pu\u00f2 essere superiore a 2.500 per gli impianti all&#39;aperto e a 1.000 per gli impianti al chiuso. Le attivit\u00e0 devono svolgersi nel rispetto delle linee guida adottate dalla Presidenza del Consiglio dei ministri &#8211; Dipartimento per lo sport, sentita la Federazione medico sportiva italiana, sulla base di criteri definiti dal Comitato tecnico-scientifico<\/p>\n<p> \t<strong>Sanzioni<\/strong><\/p>\n<p> \tI titolari o i gestori dei servizi e delle attivit\u00e0 autorizzati previa esibizione del Green pass sono tenuti a verificare che l\u2019accesso a questi servizi e attivit\u00e0 avvenga nel rispetto delle prescrizioni.\u00a0<br \/> \tIn caso di violazione pu\u00f2 essere elevata una sanzione pecuniaria da 400 a 1000 euro sia a carico dell\u2019esercente sia dell\u2019utente. Qualora la violazione fosse ripetuta per tre volte in tre giorni diversi, l\u2019esercizio potrebbe essere chiuso da 1 a 10 giorni.<\/p>\n<p> \t<strong>Fondo discoteche<\/strong><\/p>\n<p> \t\u00c8 istituito un fondo per i ristori alle sale da ballo.<\/p>\n<p> \t<strong>Tamponi a prezzo ridotto<\/strong><\/p>\n<p> \tIl Commissario straordinario per l\u2019attuazione e il coordinamento delle misure di contenimento e contrasto dell\u2019emergenza epidemiologica Covid-19 definisce d\u2019intesa con il Ministro della salute un protocollo d\u2019intesa con le farmacie e con le altre strutture sanitarie al fine di assicurare fino al 30 settembre 2021 la somministrazione di test antigenici rapidi a prezzi contenuti che tengano conto dei costi di acquisto.<\/p>\n","protected":false},"excerpt":{"rendered":"<p>Dopo il decreto firmato da Draghi<\/p>\n","protected":false},"author":28,"featured_media":39871,"comment_status":"closed","ping_status":"closed","sticky":false,"template":"","format":"standard","meta":{"dwc-title":[],"dwc-content":[],"footnotes":""},"categories":[5],"tags":[],"class_list":["post-39870","post","type-post","status-publish","format-standard","has-post-thumbnail","hentry","category-attualita"],"rttpg_featured_image_url":{"full":["https:\/\/imagazine.it\/wp-content\/uploads\/2024\/01\/41840-1.webp",1000,659,false],"landscape":["https:\/\/imagazine.it\/wp-content\/uploads\/2024\/01\/41840-1.webp",1000,659,false],"portraits":["https:\/\/imagazine.it\/wp-content\/uploads\/2024\/01\/41840-1.webp",1000,659,false],"thumbnail":["https:\/\/imagazine.it\/wp-content\/uploads\/2024\/01\/41840-1-150x150.webp",150,150,true],"medium":["https:\/\/imagazine.it\/wp-content\/uploads\/2024\/01\/41840-1-300x198.webp",300,198,true],"large":["https:\/\/imagazine.it\/wp-content\/uploads\/2024\/01\/41840-1.webp",640,422,false],"thumblist":["https:\/\/imagazine.it\/wp-content\/uploads\/2024\/01\/41840-1.webp",300,198,false],"thumbrelated":["https:\/\/imagazine.it\/wp-content\/uploads\/2024\/01\/41840-1.webp",500,330,false],"meccarouselthumb":["https:\/\/imagazine.it\/wp-content\/uploads\/2024\/01\/41840-1.webp",474,312,false],"gridsquare":["https:\/\/imagazine.it\/wp-content\/uploads\/2024\/01\/41840-1.webp",391,258,false],"tileview":["https:\/\/imagazine.it\/wp-content\/uploads\/2024\/01\/41840-1.webp",300,198,false],"1536x1536":["https:\/\/imagazine.it\/wp-content\/uploads\/2024\/01\/41840-1.webp",1000,659,false],"2048x2048":["https:\/\/imagazine.it\/wp-content\/uploads\/2024\/01\/41840-1.webp",1000,659,false],"newsup-slider-full":["https:\/\/imagazine.it\/wp-content\/uploads\/2024\/01\/41840-1.webp",1000,659,false],"newsup-featured":["https:\/\/imagazine.it\/wp-content\/uploads\/2024\/01\/41840-1.webp",1000,659,false],"newsup-medium":["https:\/\/imagazine.it\/wp-content\/uploads\/2024\/01\/41840-1-720x380.webp",720,380,true],"tptn_thumbnail":["https:\/\/imagazine.it\/wp-content\/uploads\/2024\/01\/41840-1.webp",250,165,false],"sow-carousel-default":["https:\/\/imagazine.it\/wp-content\/uploads\/2024\/01\/41840-1-272x182.webp",272,182,true]},"rttpg_author":{"display_name":"redazione","author_link":"https:\/\/imagazine.it\/home_desk\/author\/redazione\/"},"rttpg_comment":0,"rttpg_category":"<a href=\"https:\/\/imagazine.it\/home_desk\/category\/attualita\/\" rel=\"category tag\">ATTUALIT\u00c0<\/a>","rttpg_excerpt":"Dopo il decreto firmato da Draghi","_links":{"self":[{"href":"https:\/\/imagazine.it\/home_desk\/wp-json\/wp\/v2\/posts\/39870","targetHints":{"allow":["GET"]}}],"collection":[{"href":"https:\/\/imagazine.it\/home_desk\/wp-json\/wp\/v2\/posts"}],"about":[{"href":"https:\/\/imagazine.it\/home_desk\/wp-json\/wp\/v2\/types\/post"}],"author":[{"embeddable":true,"href":"https:\/\/imagazine.it\/home_desk\/wp-json\/wp\/v2\/users\/28"}],"replies":[{"embeddable":true,"href":"https:\/\/imagazine.it\/home_desk\/wp-json\/wp\/v2\/comments?post=39870"}],"version-history":[{"count":0,"href":"https:\/\/imagazine.it\/home_desk\/wp-json\/wp\/v2\/posts\/39870\/revisions"}],"wp:featuredmedia":[{"embeddable":true,"href":"https:\/\/imagazine.it\/home_desk\/wp-json\/wp\/v2\/media\/39871"}],"wp:attachment":[{"href":"https:\/\/imagazine.it\/home_desk\/wp-json\/wp\/v2\/media?parent=39870"}],"wp:term":[{"taxonomy":"category","embeddable":true,"href":"https:\/\/imagazine.it\/home_desk\/wp-json\/wp\/v2\/categories?post=39870"},{"taxonomy":"post_tag","embeddable":true,"href":"https:\/\/imagazine.it\/home_desk\/wp-json\/wp\/v2\/tags?post=39870"}],"curies":[{"name":"wp","href":"https:\/\/api.w.org\/{rel}","templated":true}]}}