{"id":39866,"date":"2021-07-23T00:00:00","date_gmt":"2021-07-22T23:00:00","guid":{"rendered":"https:\/\/imagazine.it\/?p=39866"},"modified":"2021-07-23T00:00:00","modified_gmt":"2021-07-22T23:00:00","slug":"arte-e-malattia-mentale-si-intrecciano-a-gorizia","status":"publish","type":"post","link":"https:\/\/imagazine.it\/home_desk\/arte-e-malattia-mentale-si-intrecciano-a-gorizia\/","title":{"rendered":"Arte e malattia mentale si intrecciano a Gorizia"},"content":{"rendered":"<p> \tPresentata la diciassettesima edizione di <strong>\u00e8Storia<\/strong>, il Festival internazionale della Storia, organizzato dall&#39;Associazione culturale \u00e8Storia, che si svolger\u00e0 <strong>dal primo al 3 ottobre al Parco Basaglia di Gorizia<\/strong> e avr\u00e0 come tema la follia.<\/p>\n<p> \t&#8220;La collaborazione creatasi tra \u00e8Storia e l&#39;Associazione Sergio Amidei \u00e8 un segnale molto importante per il panorama culturale del Friuli Venezia Giulia perch\u00e9 si concretizza una cooperazione che rafforza tutti i soggetti coinvolti. Vicino\/Lontano e il Far Est Film Festival, per esempio, hanno cominciato a ragionare insieme sui calendari per evitare sovrapposizioni&#8221;, ha affermato l&#39;assessore regionale alla Cultura, <strong>Tiziana Gibelli<\/strong>.<\/p>\n<p> \t\u00e8Storia, che si articoler\u00e0 attraverso 60 appuntamenti con oltre 100 ospiti, affronter\u00e0 il tema della follia attraverso le interpretazioni dei protagonisti del panorama culturale italiano e internazionale che si interrogheranno sulle declinazioni della rappresentazione della malattia mentale nella pittura, nella letteratura, nel teatro, nel cinema o nel mondo dell&#39;arte, sui segni che la pazzia ha impresso nel corso dei secoli sia sul piano individuale che su quello collettivo, sul rapporto tra il processo di civilizzazione e la follia, sui confini tra la devianza mentale e l&#39;ispirazione artistica e, ancora, sui lasciti storici del pensiero di Michel Foucault o della riforma di Franco Basaglia nella cultura odierna.<\/p>\n<p> \t<strong>\u00e8Storia Film Festival<\/strong>, iniziativa sostenuta dalla Regione e nata in collaborazione con l&#39;Associazione Palazzo del Cinema-Hisa Filma che si svolger\u00e0 al Kinemax e al Kulturni Dom, dedicher\u00e0 alla follia un&#39;ampia retrospettiva e rivolger\u00e0 lo sguardo ad alcune fra le novit\u00e0 pi\u00f9 significative nell&#39;ambito della cinematografia storica apparse negli ultimi anni. Tra gli appuntamenti pi\u00f9 importanti di questo nuovo evento va ricordato il primo premio \u00e8Storia Film Festival, assegnato all&#39;Imperial War Museums di Londra, per They shall not grow old, di Peter Jackson.<\/p>\n<p> \tImmancabile l&#39;appuntamento con il <strong>Premio \u00e8Storia<\/strong>, un riconoscimento assegnato a chi svolge un ruolo di primo piano nel campo della divulgazione in Italia e all&#39;estero: quest&#39;anno verr\u00e0 assegnato il 3 ottobre a <strong>Sergio Romano<\/strong>, in una conversazione con <strong>Omar Monestier<\/strong>.<\/p>\n","protected":false},"excerpt":{"rendered":"<p>Presentata &#8220;\u00e8Storia&#8221;<\/p>\n","protected":false},"author":28,"featured_media":39867,"comment_status":"closed","ping_status":"closed","sticky":false,"template":"","format":"standard","meta":{"dwc-title":[],"dwc-content":[],"footnotes":""},"categories":[37],"tags":[],"class_list":["post-39866","post","type-post","status-publish","format-standard","has-post-thumbnail","hentry","category-cultura-e-spettacolo"],"rttpg_featured_image_url":{"full":["https:\/\/imagazine.it\/wp-content\/uploads\/2024\/01\/41838-1.webp",1000,750,false],"landscape":["https:\/\/imagazine.it\/wp-content\/uploads\/2024\/01\/41838-1.webp",1000,750,false],"portraits":["https:\/\/imagazine.it\/wp-content\/uploads\/2024\/01\/41838-1.webp",1000,750,false],"thumbnail":["https:\/\/imagazine.it\/wp-content\/uploads\/2024\/01\/41838-1-150x150.webp",150,150,true],"medium":["https:\/\/imagazine.it\/wp-content\/uploads\/2024\/01\/41838-1-300x225.webp",300,225,true],"large":["https:\/\/imagazine.it\/wp-content\/uploads\/2024\/01\/41838-1.webp",640,480,false],"thumblist":["https:\/\/imagazine.it\/wp-content\/uploads\/2024\/01\/41838-1.webp",300,225,false],"thumbrelated":["https:\/\/imagazine.it\/wp-content\/uploads\/2024\/01\/41838-1.webp",500,375,false],"meccarouselthumb":["https:\/\/imagazine.it\/wp-content\/uploads\/2024\/01\/41838-1.webp",432,324,false],"gridsquare":["https:\/\/imagazine.it\/wp-content\/uploads\/2024\/01\/41838-1.webp",347,260,false],"tileview":["https:\/\/imagazine.it\/wp-content\/uploads\/2024\/01\/41838-1.webp",300,225,false],"1536x1536":["https:\/\/imagazine.it\/wp-content\/uploads\/2024\/01\/41838-1.webp",1000,750,false],"2048x2048":["https:\/\/imagazine.it\/wp-content\/uploads\/2024\/01\/41838-1.webp",1000,750,false],"newsup-slider-full":["https:\/\/imagazine.it\/wp-content\/uploads\/2024\/01\/41838-1-1000x720.webp",1000,720,true],"newsup-featured":["https:\/\/imagazine.it\/wp-content\/uploads\/2024\/01\/41838-1.webp",1000,750,false],"newsup-medium":["https:\/\/imagazine.it\/wp-content\/uploads\/2024\/01\/41838-1-720x380.webp",720,380,true],"tptn_thumbnail":["https:\/\/imagazine.it\/wp-content\/uploads\/2024\/01\/41838-1.webp",250,188,false],"sow-carousel-default":["https:\/\/imagazine.it\/wp-content\/uploads\/2024\/01\/41838-1-272x182.webp",272,182,true]},"rttpg_author":{"display_name":"redazione","author_link":"https:\/\/imagazine.it\/home_desk\/author\/redazione\/"},"rttpg_comment":0,"rttpg_category":"<a href=\"https:\/\/imagazine.it\/home_desk\/category\/cultura-e-spettacolo\/\" rel=\"category tag\">CULTURA&amp;SPETTACOLO<\/a>","rttpg_excerpt":"Presentata \"\u00e8Storia\"","_links":{"self":[{"href":"https:\/\/imagazine.it\/home_desk\/wp-json\/wp\/v2\/posts\/39866","targetHints":{"allow":["GET"]}}],"collection":[{"href":"https:\/\/imagazine.it\/home_desk\/wp-json\/wp\/v2\/posts"}],"about":[{"href":"https:\/\/imagazine.it\/home_desk\/wp-json\/wp\/v2\/types\/post"}],"author":[{"embeddable":true,"href":"https:\/\/imagazine.it\/home_desk\/wp-json\/wp\/v2\/users\/28"}],"replies":[{"embeddable":true,"href":"https:\/\/imagazine.it\/home_desk\/wp-json\/wp\/v2\/comments?post=39866"}],"version-history":[{"count":0,"href":"https:\/\/imagazine.it\/home_desk\/wp-json\/wp\/v2\/posts\/39866\/revisions"}],"wp:featuredmedia":[{"embeddable":true,"href":"https:\/\/imagazine.it\/home_desk\/wp-json\/wp\/v2\/media\/39867"}],"wp:attachment":[{"href":"https:\/\/imagazine.it\/home_desk\/wp-json\/wp\/v2\/media?parent=39866"}],"wp:term":[{"taxonomy":"category","embeddable":true,"href":"https:\/\/imagazine.it\/home_desk\/wp-json\/wp\/v2\/categories?post=39866"},{"taxonomy":"post_tag","embeddable":true,"href":"https:\/\/imagazine.it\/home_desk\/wp-json\/wp\/v2\/tags?post=39866"}],"curies":[{"name":"wp","href":"https:\/\/api.w.org\/{rel}","templated":true}]}}