{"id":39857,"date":"2021-07-23T00:00:00","date_gmt":"2021-07-22T23:00:00","guid":{"rendered":"https:\/\/imagazine.it\/?p=39857"},"modified":"2021-07-23T00:00:00","modified_gmt":"2021-07-22T23:00:00","slug":"cervignano-e-nogaredo-festeggiano-federico-di-donato","status":"publish","type":"post","link":"https:\/\/imagazine.it\/home_desk\/cervignano-e-nogaredo-festeggiano-federico-di-donato\/","title":{"rendered":"Cervignano e Nogaredo festeggiano Federico Di Donato"},"content":{"rendered":"<p> \t<strong>Federico Di Donato<\/strong> alla sua prima apparizione nei campionati italiani U Dir (disabilit\u00e0 intellettiva e relazionale) ha vinto il titolo di campione italiano di breakdance.<\/p>\n<p> \tA <strong>Nogaredo<\/strong>, frazione di <strong>San Vito al Torre<\/strong>, si festeggia cos\u00ec un atleta di grande spessore tecnico. Federico \u00e8 un ragazzone di <strong>14 anni<\/strong> che da sei anni pratica questa specialit\u00e0 nella scuola <strong>Olimpia Danze di Scodovacca a Cervignano del Friuli<\/strong>, seguito dall&#39;istruttore <strong>Raffaello Titton<\/strong>, che con grande pazienza ha trasmesso a Federico la passione per questa attivit\u00e0 che non \u00e8 facile praticare: bisogna essere come delle molle, poich\u00e9 caratterizzata da rapidi movimenti a scatti e da evoluzioni spettacolari.<\/p>\n<p> \tAveva provato anche con il calcio, ma non era soddisfacente in quanto doveva stare spesso in panchina. Talvolta invece gli sport di \u201cnicchia\u201d danno molte pi\u00f9 soddisfazioni a questi ragazzi a cui servono particolari attenzioni.<\/p>\n<p> \tUna vittoria perci\u00f2 voluta, perch\u00e9 preparata con grande cura e attenzione; l&#39;insegnante <strong>Serena Nicola<\/strong> ha lottato negli anni per coinvolgerlo nelle competizioni nonostante la sua disabilit\u00e0: Federico ha gareggiato con altri suoi coetanei arrivati a Rimini (sede dei campionati italiani organizzati dalla F.I.D.S. &#8211; Federazione Italiana Danza Sportiva \u2013 dal 9 al 25 giugno) e alla fine delle premiazioni molte persone hanno voluto fare dei selfie con il campione italiano.<\/p>\n<p> \tGrande soddisfazione per tutto il clan dell&#39;Olimpia Danze. Questa categoria \u00e8 da poco entrata nel CIP (Comitato Italiano Paraolimpico) e fa parte delle discipline paralimpiche; se ci sar\u00e0 costanza e voglia di lavorare per Federico potrebbero aprirsi scenari pi\u00f9 importanti, ma questo lasciamolo a un prossimo futuro.<\/p>\n<p> \tFederico frequenta il secondo anno presso l&#39;Istituto Tecnico Agrario \u201cGiovanni Brignoli\u201d di <strong>Gradisca d&#39;Isonzo<\/strong>, dove sta apprendendo molte cose, come fare l&#39;orto, lavorare in laboratorio e fare il meccanico. Gli abbiamo chiesto quali sono i suoi progetti futuri: \u201cContinuare gli studi &#8211; ha risposto &#8211; perch\u00e9 gli argomenti che svolgo mi piacciono molto. Continuare con la breakdance, con Raffa che \u00e8 un bravo insegnante e da lui imparo molto\u201d.<\/p>\n","protected":false},"excerpt":{"rendered":"<p>Medaglia d&#8217;oro a Rimini<\/p>\n","protected":false},"author":22,"featured_media":39858,"comment_status":"closed","ping_status":"closed","sticky":false,"template":"","format":"standard","meta":{"dwc-title":[],"dwc-content":[],"footnotes":""},"categories":[38],"tags":[],"class_list":["post-39857","post","type-post","status-publish","format-standard","has-post-thumbnail","hentry","category-sport"],"rttpg_featured_image_url":{"full":["https:\/\/imagazine.it\/wp-content\/uploads\/2024\/01\/41823-1.webp",768,499,false],"landscape":["https:\/\/imagazine.it\/wp-content\/uploads\/2024\/01\/41823-1.webp",768,499,false],"portraits":["https:\/\/imagazine.it\/wp-content\/uploads\/2024\/01\/41823-1.webp",768,499,false],"thumbnail":["https:\/\/imagazine.it\/wp-content\/uploads\/2024\/01\/41823-1-150x150.webp",150,150,true],"medium":["https:\/\/imagazine.it\/wp-content\/uploads\/2024\/01\/41823-1-300x195.webp",300,195,true],"large":["https:\/\/imagazine.it\/wp-content\/uploads\/2024\/01\/41823-1.webp",640,416,false],"thumblist":["https:\/\/imagazine.it\/wp-content\/uploads\/2024\/01\/41823-1.webp",300,195,false],"thumbrelated":["https:\/\/imagazine.it\/wp-content\/uploads\/2024\/01\/41823-1.webp",500,325,false],"meccarouselthumb":["https:\/\/imagazine.it\/wp-content\/uploads\/2024\/01\/41823-1.webp",474,308,false],"gridsquare":["https:\/\/imagazine.it\/wp-content\/uploads\/2024\/01\/41823-1.webp",391,254,false],"tileview":["https:\/\/imagazine.it\/wp-content\/uploads\/2024\/01\/41823-1.webp",300,195,false],"1536x1536":["https:\/\/imagazine.it\/wp-content\/uploads\/2024\/01\/41823-1.webp",768,499,false],"2048x2048":["https:\/\/imagazine.it\/wp-content\/uploads\/2024\/01\/41823-1.webp",768,499,false],"newsup-slider-full":["https:\/\/imagazine.it\/wp-content\/uploads\/2024\/01\/41823-1.webp",768,499,false],"newsup-featured":["https:\/\/imagazine.it\/wp-content\/uploads\/2024\/01\/41823-1.webp",768,499,false],"newsup-medium":["https:\/\/imagazine.it\/wp-content\/uploads\/2024\/01\/41823-1-720x380.webp",720,380,true],"tptn_thumbnail":["https:\/\/imagazine.it\/wp-content\/uploads\/2024\/01\/41823-1.webp",250,162,false],"sow-carousel-default":["https:\/\/imagazine.it\/wp-content\/uploads\/2024\/01\/41823-1-272x182.webp",272,182,true]},"rttpg_author":{"display_name":"Livio Nonis","author_link":"https:\/\/imagazine.it\/home_desk\/author\/nonis\/"},"rttpg_comment":0,"rttpg_category":"<a href=\"https:\/\/imagazine.it\/home_desk\/category\/sport\/\" rel=\"category tag\">SPORT<\/a>","rttpg_excerpt":"Medaglia d'oro a Rimini","_links":{"self":[{"href":"https:\/\/imagazine.it\/home_desk\/wp-json\/wp\/v2\/posts\/39857","targetHints":{"allow":["GET"]}}],"collection":[{"href":"https:\/\/imagazine.it\/home_desk\/wp-json\/wp\/v2\/posts"}],"about":[{"href":"https:\/\/imagazine.it\/home_desk\/wp-json\/wp\/v2\/types\/post"}],"author":[{"embeddable":true,"href":"https:\/\/imagazine.it\/home_desk\/wp-json\/wp\/v2\/users\/22"}],"replies":[{"embeddable":true,"href":"https:\/\/imagazine.it\/home_desk\/wp-json\/wp\/v2\/comments?post=39857"}],"version-history":[{"count":0,"href":"https:\/\/imagazine.it\/home_desk\/wp-json\/wp\/v2\/posts\/39857\/revisions"}],"wp:featuredmedia":[{"embeddable":true,"href":"https:\/\/imagazine.it\/home_desk\/wp-json\/wp\/v2\/media\/39858"}],"wp:attachment":[{"href":"https:\/\/imagazine.it\/home_desk\/wp-json\/wp\/v2\/media?parent=39857"}],"wp:term":[{"taxonomy":"category","embeddable":true,"href":"https:\/\/imagazine.it\/home_desk\/wp-json\/wp\/v2\/categories?post=39857"},{"taxonomy":"post_tag","embeddable":true,"href":"https:\/\/imagazine.it\/home_desk\/wp-json\/wp\/v2\/tags?post=39857"}],"curies":[{"name":"wp","href":"https:\/\/api.w.org\/{rel}","templated":true}]}}