{"id":39839,"date":"2021-07-21T00:00:00","date_gmt":"2021-07-20T23:00:00","guid":{"rendered":"https:\/\/imagazine.it\/?p=39839"},"modified":"2021-07-21T00:00:00","modified_gmt":"2021-07-20T23:00:00","slug":"cormons-lestate-del-ric-conquista-i-giovani","status":"publish","type":"post","link":"https:\/\/imagazine.it\/home_desk\/cormons-lestate-del-ric-conquista-i-giovani\/","title":{"rendered":"Corm\u00f2ns, l&#8217;estate del Ric conquista i giovani"},"content":{"rendered":"<p> \tAnche in questa estate 2021 non \u00e8 mancata la collaborazione tra le <strong>Parrocchie di Grado e Corm\u00f2ns<\/strong>, che coordinate dall\u2019<strong>Aps Ric Corm\u00f2ns<\/strong>, ha consentito di offrire l\u2019esperienza dei campi estivi a quasi <strong>80 ragazzi under 14 guidati da 20 animatori<\/strong>.<\/p>\n<p> \tIl progetto dei campi estivi \u00e8 inserito nella proposta formativa che il Ric Corm\u00f2ns ha elaborato per questa estate e che ha ricevuto il sostegno della <strong>Fondazione Cassa di Risparmio di Gorizia<\/strong>.<\/p>\n<p> \tAlla guida della macchina organizzativa il parroco di Corm\u00f2ns, <strong>monsignor Paolo Nutarelli<\/strong>, <strong>Claudio Gaddi<\/strong> e <strong>Stefano Fontana<\/strong>.<\/p>\n<p> \t\u201cIn questo anno difficile &#8211; spiega monsignor Nutarelli &#8211; l\u2019equipe Animatori ha voluto ambientare le esperienze estive in una \u201cmeravigliosa Settimana di Natale\u201d per ricordare che Natale in fondo \u00e8 ogni giorno. E ogni giorno abbiamo la possibilit\u00e0 di fare la scelta giusta\u201d.<\/p>\n<p> \t\u201cPer i ragazzi &#8211; aggiunge il parroco &#8211; i campi di soggiorno di Fusine rappresentano un\u2019esperienza unica e davvero speciale dal punto di vista educativo. La condivisione di regole comuni, degli spazi, delle giornate con attivita\u0300 organizzate e strutturate, delle escursioni nella natura e delle attivita\u0300 sportive, dei piccoli impegni e dei servizi da svolgere, dei momenti di riflessione e preghiera e la condivisione dei pasti, sono occasioni importanti che danno un reale e tangibile senso di comunita\u0300, in cui i legami e le relazioni si creano, si rafforzano e si approfondiscono e dove si ha un primo assaggio di autonomia e di crescita, sotto la guida attenta e competente degli animatori e dei volontari\u201d.<\/p>\n<p> \tLe due settimane di Campo fanno parte del progetto estivo del RIC che sta operando in quattro direzioni.<\/p>\n<p> \t\u201c<strong>E\u2026stiamo con il Ric \u2026 in montagna<\/strong>\u201d: i campi estivi, con pernottamento presso la Casa Immacolata di Fusine in Val Romana, sono organizzati in quattro turni, per bambini e ragazzi che vanno dalle classi IV e V della scuola primaria alle classi della scuola secondaria di primo grado e della scuola secondaria di secondo grado.<\/p>\n<p> \t\u201c<strong>E\u2026stiamo con il Ric \u2026 in Ric<\/strong>\u201d fino al 14 agosto. Grazie alle nuove ordinanze regionali il Ric continuer\u00e0 a essere aperto, sotto la supervisione di operatori dedicati, dal lunedi\u0300 al sabato dalle ore 15.30 alle ore 19.30, permettendo cos\u00ec a bambini, ragazzi e giovani di usufruire dei suoi spazi (area gioco esterna, campo da calcetto sintetico, parchetto attrezzato, cortile e altre strutture site nell\u2019area del Centro Pastorale). \u201cDal mese di maggio a oggi &#8211; sottolinea monsignor Nutarelli &#8211; in questi due mesi di riapertura sono stati 2.700 i ragazzi che hanno utilizzato gli spazi dell\u2019oratorio, presenze certificate perch\u00e9 per i protocolli sanitari in vigore chi entra deve lasciare il suo nome e il numero di telefono\u201d.<\/p>\n<p> \t\u201c<strong>E\u2026stiamo con il Ric \u2026 ovvero anche quest\u2019anno GRESTiamo<\/strong>\u201d: la realizzazione del Grest, giunto alla sua sedicesima edizione, che verr\u00e0 pensato tenendo presenti le et\u00e0 dei bambini e dei ragazzi e, per garantire una partecipazione pi\u00f9 ampia, verr\u00e0 suddiviso in mattina e pomeriggio.<\/p>\n<p> \t\u201c<strong>E\u2026stiamo con il Ric \u2026 pensando alla scuola<\/strong>\u201d: alla viglia della ripresa della scuola, gratuitamente, verr\u00e0 fornita la possibilit\u00e0 di accompagnare bambini e ragazzi nello svolgimento dei compiti scolastici e supportarli nel lavoro domestico\/didattico.<\/p>\n","protected":false},"excerpt":{"rendered":"<p>Appuntamenti fino a settembre<\/p>\n","protected":false},"author":28,"featured_media":39840,"comment_status":"closed","ping_status":"closed","sticky":false,"template":"","format":"standard","meta":{"dwc-title":[],"dwc-content":[],"footnotes":""},"categories":[6],"tags":[],"class_list":["post-39839","post","type-post","status-publish","format-standard","has-post-thumbnail","hentry","category-societa"],"rttpg_featured_image_url":{"full":["https:\/\/imagazine.it\/wp-content\/uploads\/2024\/01\/41788-1.webp",1000,750,false],"landscape":["https:\/\/imagazine.it\/wp-content\/uploads\/2024\/01\/41788-1.webp",1000,750,false],"portraits":["https:\/\/imagazine.it\/wp-content\/uploads\/2024\/01\/41788-1.webp",1000,750,false],"thumbnail":["https:\/\/imagazine.it\/wp-content\/uploads\/2024\/01\/41788-1-150x150.webp",150,150,true],"medium":["https:\/\/imagazine.it\/wp-content\/uploads\/2024\/01\/41788-1-300x225.webp",300,225,true],"large":["https:\/\/imagazine.it\/wp-content\/uploads\/2024\/01\/41788-1.webp",640,480,false],"thumblist":["https:\/\/imagazine.it\/wp-content\/uploads\/2024\/01\/41788-1.webp",300,225,false],"thumbrelated":["https:\/\/imagazine.it\/wp-content\/uploads\/2024\/01\/41788-1.webp",500,375,false],"meccarouselthumb":["https:\/\/imagazine.it\/wp-content\/uploads\/2024\/01\/41788-1.webp",432,324,false],"gridsquare":["https:\/\/imagazine.it\/wp-content\/uploads\/2024\/01\/41788-1.webp",347,260,false],"tileview":["https:\/\/imagazine.it\/wp-content\/uploads\/2024\/01\/41788-1.webp",300,225,false],"1536x1536":["https:\/\/imagazine.it\/wp-content\/uploads\/2024\/01\/41788-1.webp",1000,750,false],"2048x2048":["https:\/\/imagazine.it\/wp-content\/uploads\/2024\/01\/41788-1.webp",1000,750,false],"newsup-slider-full":["https:\/\/imagazine.it\/wp-content\/uploads\/2024\/01\/41788-1-1000x720.webp",1000,720,true],"newsup-featured":["https:\/\/imagazine.it\/wp-content\/uploads\/2024\/01\/41788-1.webp",1000,750,false],"newsup-medium":["https:\/\/imagazine.it\/wp-content\/uploads\/2024\/01\/41788-1-720x380.webp",720,380,true],"tptn_thumbnail":["https:\/\/imagazine.it\/wp-content\/uploads\/2024\/01\/41788-1.webp",250,188,false],"sow-carousel-default":["https:\/\/imagazine.it\/wp-content\/uploads\/2024\/01\/41788-1-272x182.webp",272,182,true]},"rttpg_author":{"display_name":"redazione","author_link":"https:\/\/imagazine.it\/home_desk\/author\/redazione\/"},"rttpg_comment":0,"rttpg_category":"<a href=\"https:\/\/imagazine.it\/home_desk\/category\/societa\/\" rel=\"category tag\">SOCIET\u00c0<\/a>","rttpg_excerpt":"Appuntamenti fino a settembre","_links":{"self":[{"href":"https:\/\/imagazine.it\/home_desk\/wp-json\/wp\/v2\/posts\/39839","targetHints":{"allow":["GET"]}}],"collection":[{"href":"https:\/\/imagazine.it\/home_desk\/wp-json\/wp\/v2\/posts"}],"about":[{"href":"https:\/\/imagazine.it\/home_desk\/wp-json\/wp\/v2\/types\/post"}],"author":[{"embeddable":true,"href":"https:\/\/imagazine.it\/home_desk\/wp-json\/wp\/v2\/users\/28"}],"replies":[{"embeddable":true,"href":"https:\/\/imagazine.it\/home_desk\/wp-json\/wp\/v2\/comments?post=39839"}],"version-history":[{"count":0,"href":"https:\/\/imagazine.it\/home_desk\/wp-json\/wp\/v2\/posts\/39839\/revisions"}],"wp:featuredmedia":[{"embeddable":true,"href":"https:\/\/imagazine.it\/home_desk\/wp-json\/wp\/v2\/media\/39840"}],"wp:attachment":[{"href":"https:\/\/imagazine.it\/home_desk\/wp-json\/wp\/v2\/media?parent=39839"}],"wp:term":[{"taxonomy":"category","embeddable":true,"href":"https:\/\/imagazine.it\/home_desk\/wp-json\/wp\/v2\/categories?post=39839"},{"taxonomy":"post_tag","embeddable":true,"href":"https:\/\/imagazine.it\/home_desk\/wp-json\/wp\/v2\/tags?post=39839"}],"curies":[{"name":"wp","href":"https:\/\/api.w.org\/{rel}","templated":true}]}}