{"id":39837,"date":"2021-07-21T00:00:00","date_gmt":"2021-07-20T23:00:00","guid":{"rendered":"https:\/\/imagazine.it\/?p=39837"},"modified":"2021-07-21T00:00:00","modified_gmt":"2021-07-20T23:00:00","slug":"un-appuntamento-estivo-per-celebrare-il-prosciutto-di-san-daniele","status":"publish","type":"post","link":"https:\/\/imagazine.it\/home_desk\/un-appuntamento-estivo-per-celebrare-il-prosciutto-di-san-daniele\/","title":{"rendered":"Un appuntamento estivo per celebrare il Prosciutto di San Daniele"},"content":{"rendered":"<p> \tIl Consorzio del Prosciutto di San Daniele presenta per il <strong>28 e 29 agosto<\/strong> prossimi un appuntamento per celebrare il <strong>Prosciutto di San Daniele<\/strong> dopo l\u2019annullamento, per il secondo anno consecutivo, della manifestazione <em>Aria di Festa<\/em> a causa della pandemia.<\/p>\n<p> \tIn attesa dell\u2019edizione 2022 di <em>Aria di Festa<\/em> &#8211; prevista per giugno prossimo &#8211; la citt\u00e0 di San Daniele del Friuli si prepara a omaggiare il San Daniele DOP con un evento ad hoc pianificato dal Consorzio.<\/p>\n<p> \tL\u2019attuale situazione consente di organizzare solo alcune delle attivit\u00e0 caratterizzanti la storica festa del prosciutto, tra cui: visite guidate negli stabilimenti di produzione, corsi e laboratori di degustazione, showcooking.<\/p>\n<p> \tAl fine di garantire la sicurezza per tutti gli ospiti, nonch\u00e9 il rispetto delle norme sanitarie vigenti, sar\u00e0 possibile prendere parte alle attivit\u00e0 in programma unicamente previa prenotazione, al sito <u><a href=\"http:\/\/booking.prosciuttosandaniele.it\" target=\"_blank\" rel=\"noopener\"><span style=\"color:#0000ff;\">http:\/\/booking.prosciuttosandaniele.it<\/span><\/a><\/u>.<\/p>\n<p> \t<strong>Prosciuttifici aperti <\/strong><\/p>\n<p> \tCome da tradizione, ogni anno vengono aperti al pubblico i luoghi adibiti alla produzione del Prosciutto di San Daniele, dove i Mastri prosciuttai mostreranno l\u2019<em>ars technica<\/em> che utilizzano da generazioni per la lavorazione e la stagionatura del prosciutto. Le aziende aderenti alla manifestazione organizzeranno visite guidate a numero chiuso agli stabilimenti che saranno aperti al pubblico per l\u2019occasione.<\/p>\n<p> \t<strong>Laboratori e showcooking<\/strong><\/p>\n<p> \tAnche in questa occasione sono previsti laboratori <em>educational<\/em> rivolti al pubblico, per imparare le tecniche della degustazione e dell\u2019analisi sensoriale del prosciutto, in abbinamento ai vini del Friuli Venezia Giulia. In programma, inoltre, uno showcooking con il cuoco e personaggio televisivo <strong>Simone Rugiati<\/strong> e un talk con alcuni ospiti.<\/p>\n<p> \t<strong>Visite organizzate <\/strong><\/p>\n<p> \tPer potenziare le attivit\u00e0 di promozione dell\u2019evento a medio e lungo periodo, il Consorzio aprir\u00e0 le porte ad agenti di viaggio, tour operator, travel blogger, influencer e giornalisti. L\u2019obiettivo \u00e8 mostrare loro il legame indissolubile che unisce il Prosciutto di San Daniele al territorio in cui viene prodotto, prendendo parte a esperienze e percorsi sensoriali a 360 gradi. Il tour si svilupper\u00e0 su tre giorni e coinvolger\u00e0 altre localit\u00e0 oltre la citt\u00e0 del prosciutto. Inoltre, saranno accolti, all\u2019interno delle attivit\u00e0 programmate, i gruppi turistici gi\u00e0 organizzati dalle agenzie di viaggio per il tradizionale appuntamento di giugno poi annullato.<\/p>\n<p> \t<strong>Eventi nel centro storico <\/strong><\/p>\n<p> \tPer le serate di sabato 28 e domenica 29 agosto, all\u2019interno del Parco del Castello di San Daniele, si svolger\u00e0 un evento formato pic-nic, accessibile al pubblico previa prenotazione. Per quest\u2019anno, non sono previsti stand gastronomici nel centro storico, mentre la mescita e le degustazioni saranno in capo ai gestori dei locali del centro storico nei propri spazi. A corredo delle attivit\u00e0 la zona del centro sar\u00e0 arricchita da attivit\u00e0 e iniziative in collaborazione con la Citt\u00e0 di San Daniele e le Associazioni locali.<\/p>\n<p> \t\u201cDopo le interruzioni nello svolgimento di Aria di Festa nel 2020 e nel 2021, causate dal perdurare della pandemia, il Consorzio organizza un evento volto a richiamare l\u2019attenzione sul tradizionale appuntamento estivo con il Prosciutto di San Daniele. L\u2019evento \u201c<em>Aspettando &#8230; Aria di Festa 2022<\/em>\u201d sar\u00e0 un appuntamento \u201cspeciale\u201d, con alla base alcune delle principali attivit\u00e0 della manifestazione \u2013 afferma <strong>Mario Cichetti<\/strong>, direttore generale del Consorzio del Prosciutto di San Daniele \u2013. L\u2019impegno del Consorzio \u00e8 di mantenere l\u2019appuntamento che da oltre 30 anni caratterizza San Daniele del Friuli coinvolgendo le realt\u00e0 del territorio per la promozione del Prosciutto di San Daniele e del suo luogo d\u2019origine. Il Consorzio organizzer\u00e0 anche nei mesi successivi attivit\u00e0 volte alla promozione dell\u2019edizione 2022 di <em>Aria di Festa<\/em>\u201d.<\/p>\n","protected":false},"excerpt":{"rendered":"<p>Il 28 e il 29 agosto<\/p>\n","protected":false},"author":28,"featured_media":39838,"comment_status":"closed","ping_status":"closed","sticky":false,"template":"","format":"standard","meta":{"dwc-title":[],"dwc-content":[],"footnotes":""},"categories":[8],"tags":[],"class_list":["post-39837","post","type-post","status-publish","format-standard","has-post-thumbnail","hentry","category-turismo"],"rttpg_featured_image_url":{"full":["https:\/\/imagazine.it\/wp-content\/uploads\/2024\/01\/41779-1.webp",1000,807,false],"landscape":["https:\/\/imagazine.it\/wp-content\/uploads\/2024\/01\/41779-1.webp",1000,807,false],"portraits":["https:\/\/imagazine.it\/wp-content\/uploads\/2024\/01\/41779-1.webp",1000,807,false],"thumbnail":["https:\/\/imagazine.it\/wp-content\/uploads\/2024\/01\/41779-1-150x150.webp",150,150,true],"medium":["https:\/\/imagazine.it\/wp-content\/uploads\/2024\/01\/41779-1-300x242.webp",300,242,true],"large":["https:\/\/imagazine.it\/wp-content\/uploads\/2024\/01\/41779-1.webp",640,516,false],"thumblist":["https:\/\/imagazine.it\/wp-content\/uploads\/2024\/01\/41779-1.webp",300,242,false],"thumbrelated":["https:\/\/imagazine.it\/wp-content\/uploads\/2024\/01\/41779-1.webp",500,404,false],"meccarouselthumb":["https:\/\/imagazine.it\/wp-content\/uploads\/2024\/01\/41779-1.webp",401,324,false],"gridsquare":["https:\/\/imagazine.it\/wp-content\/uploads\/2024\/01\/41779-1.webp",322,260,false],"tileview":["https:\/\/imagazine.it\/wp-content\/uploads\/2024\/01\/41779-1.webp",300,242,false],"1536x1536":["https:\/\/imagazine.it\/wp-content\/uploads\/2024\/01\/41779-1.webp",1000,807,false],"2048x2048":["https:\/\/imagazine.it\/wp-content\/uploads\/2024\/01\/41779-1.webp",1000,807,false],"newsup-slider-full":["https:\/\/imagazine.it\/wp-content\/uploads\/2024\/01\/41779-1-1000x720.webp",1000,720,true],"newsup-featured":["https:\/\/imagazine.it\/wp-content\/uploads\/2024\/01\/41779-1.webp",1000,807,false],"newsup-medium":["https:\/\/imagazine.it\/wp-content\/uploads\/2024\/01\/41779-1-720x380.webp",720,380,true],"tptn_thumbnail":["https:\/\/imagazine.it\/wp-content\/uploads\/2024\/01\/41779-1.webp",250,202,false],"sow-carousel-default":["https:\/\/imagazine.it\/wp-content\/uploads\/2024\/01\/41779-1-272x182.webp",272,182,true]},"rttpg_author":{"display_name":"redazione","author_link":"https:\/\/imagazine.it\/home_desk\/author\/redazione\/"},"rttpg_comment":0,"rttpg_category":"<a href=\"https:\/\/imagazine.it\/home_desk\/category\/turismo\/\" rel=\"category tag\">TURISMO<\/a>","rttpg_excerpt":"Il 28 e il 29 agosto","_links":{"self":[{"href":"https:\/\/imagazine.it\/home_desk\/wp-json\/wp\/v2\/posts\/39837","targetHints":{"allow":["GET"]}}],"collection":[{"href":"https:\/\/imagazine.it\/home_desk\/wp-json\/wp\/v2\/posts"}],"about":[{"href":"https:\/\/imagazine.it\/home_desk\/wp-json\/wp\/v2\/types\/post"}],"author":[{"embeddable":true,"href":"https:\/\/imagazine.it\/home_desk\/wp-json\/wp\/v2\/users\/28"}],"replies":[{"embeddable":true,"href":"https:\/\/imagazine.it\/home_desk\/wp-json\/wp\/v2\/comments?post=39837"}],"version-history":[{"count":0,"href":"https:\/\/imagazine.it\/home_desk\/wp-json\/wp\/v2\/posts\/39837\/revisions"}],"wp:featuredmedia":[{"embeddable":true,"href":"https:\/\/imagazine.it\/home_desk\/wp-json\/wp\/v2\/media\/39838"}],"wp:attachment":[{"href":"https:\/\/imagazine.it\/home_desk\/wp-json\/wp\/v2\/media?parent=39837"}],"wp:term":[{"taxonomy":"category","embeddable":true,"href":"https:\/\/imagazine.it\/home_desk\/wp-json\/wp\/v2\/categories?post=39837"},{"taxonomy":"post_tag","embeddable":true,"href":"https:\/\/imagazine.it\/home_desk\/wp-json\/wp\/v2\/tags?post=39837"}],"curies":[{"name":"wp","href":"https:\/\/api.w.org\/{rel}","templated":true}]}}