{"id":39835,"date":"2021-07-21T00:00:00","date_gmt":"2021-07-20T23:00:00","guid":{"rendered":"https:\/\/imagazine.it\/?p=39835"},"modified":"2021-07-21T00:00:00","modified_gmt":"2021-07-20T23:00:00","slug":"monfalcone-rinnova-la-partnership-con-barcolana","status":"publish","type":"post","link":"https:\/\/imagazine.it\/home_desk\/monfalcone-rinnova-la-partnership-con-barcolana\/","title":{"rendered":"Monfalcone rinnova la partnership con Barcolana"},"content":{"rendered":"<p> \tPresentate oggi le attivit\u00e0 del Comune di Monfalcone durante le giornate della Barcolana 2021, alla presenza della sindaca <strong>Anna Maria Cisint<\/strong> e del presidente della Barcolana <strong>Mitja Gialuz<\/strong>.<\/p>\n<p> \tIl 6, 7 e 8 ottobre si terr\u00e0 il partner meeting del <strong>progetto europeo FramesPort<\/strong>, di cui il Comune di Monfalcone \u00e8 partner. La citt\u00e0 bisiaca ospiter\u00e0 i rappresentanti delle Regioni e dei centri velici delle due sponde dell\u2019Adriatico che partecipano al progetto.<\/p>\n<p> \t\u201cIn queste giornate d\u2019incontro &#8211; ha spiegato Cisint &#8211; presenteremo due azioni pilota: la creazione del Centro di riferimento per le barche classiche e veliche e la creazione di un sistema di promozione innovativa con l\u2019impiego della Realt\u00e0 Aumentata per valorizzare il sistema delle nostre Marine e promuovere il territorio\u201d.<\/p>\n<p> \tNella giornata di venerd\u00ec 8, assieme agli ospiti, verr\u00e0 inaugurato a Trieste lo stand nel villaggio Barcolana.<\/p>\n<p> \t\u201cCovid permettendo &#8211; ha sottolineato la sindaca &#8211; abbiamo chiesto la conferma dei tre spazi cos\u00ec come nel 2019 perch\u00e9 vogliamo portare un segno di fiducia e ottimismo per un settore che nella nostra citt\u00e0 \u00e8 in grande crescita\u201d.<\/p>\n<p> \tOltre che dedicato al progetto FramesPort, lo stand sar\u00e0 arricchito da alcuni dei modelli delle navi bianche costruite a Monfalcone a partire da quello della \u201cGiulio Cesare\u201d, antesignana delle moderni navi da crociera.<\/p>\n<p> \tDurante la Balcolana 2021 saranno riproposti anche due appuntamenti in mare: il \u201c<strong>Trofeo Citt\u00e0 di Monfalcone<\/strong>\u201d che sar\u00e0 attribuito alla barca dei centri nautici monfalconesi partecipante alla Barcolana e meglio classificata nella Regata ufficiale e all\u2019equipaggio e alla societ\u00e0 velica di appartenenza; l\u2019incontro internazionale di <strong>Kite Surf a Marina Julia<\/strong>.<\/p>\n","protected":false},"excerpt":{"rendered":"<p>Novit\u00e0 per l&#8217;edizione 2021<\/p>\n","protected":false},"author":28,"featured_media":39836,"comment_status":"closed","ping_status":"closed","sticky":false,"template":"","format":"standard","meta":{"dwc-title":[],"dwc-content":[],"footnotes":""},"categories":[5],"tags":[],"class_list":["post-39835","post","type-post","status-publish","format-standard","has-post-thumbnail","hentry","category-attualita"],"rttpg_featured_image_url":{"full":["https:\/\/imagazine.it\/wp-content\/uploads\/2024\/01\/41778-1.webp",965,633,false],"landscape":["https:\/\/imagazine.it\/wp-content\/uploads\/2024\/01\/41778-1.webp",965,633,false],"portraits":["https:\/\/imagazine.it\/wp-content\/uploads\/2024\/01\/41778-1.webp",965,633,false],"thumbnail":["https:\/\/imagazine.it\/wp-content\/uploads\/2024\/01\/41778-1-150x150.webp",150,150,true],"medium":["https:\/\/imagazine.it\/wp-content\/uploads\/2024\/01\/41778-1-300x197.webp",300,197,true],"large":["https:\/\/imagazine.it\/wp-content\/uploads\/2024\/01\/41778-1.webp",640,420,false],"thumblist":["https:\/\/imagazine.it\/wp-content\/uploads\/2024\/01\/41778-1.webp",300,197,false],"thumbrelated":["https:\/\/imagazine.it\/wp-content\/uploads\/2024\/01\/41778-1.webp",500,328,false],"meccarouselthumb":["https:\/\/imagazine.it\/wp-content\/uploads\/2024\/01\/41778-1.webp",474,311,false],"gridsquare":["https:\/\/imagazine.it\/wp-content\/uploads\/2024\/01\/41778-1.webp",391,256,false],"tileview":["https:\/\/imagazine.it\/wp-content\/uploads\/2024\/01\/41778-1.webp",300,197,false],"1536x1536":["https:\/\/imagazine.it\/wp-content\/uploads\/2024\/01\/41778-1.webp",965,633,false],"2048x2048":["https:\/\/imagazine.it\/wp-content\/uploads\/2024\/01\/41778-1.webp",965,633,false],"newsup-slider-full":["https:\/\/imagazine.it\/wp-content\/uploads\/2024\/01\/41778-1.webp",965,633,false],"newsup-featured":["https:\/\/imagazine.it\/wp-content\/uploads\/2024\/01\/41778-1.webp",965,633,false],"newsup-medium":["https:\/\/imagazine.it\/wp-content\/uploads\/2024\/01\/41778-1-720x380.webp",720,380,true],"tptn_thumbnail":["https:\/\/imagazine.it\/wp-content\/uploads\/2024\/01\/41778-1.webp",250,164,false],"sow-carousel-default":["https:\/\/imagazine.it\/wp-content\/uploads\/2024\/01\/41778-1-272x182.webp",272,182,true]},"rttpg_author":{"display_name":"redazione","author_link":"https:\/\/imagazine.it\/home_desk\/author\/redazione\/"},"rttpg_comment":0,"rttpg_category":"<a href=\"https:\/\/imagazine.it\/home_desk\/category\/attualita\/\" rel=\"category tag\">ATTUALIT\u00c0<\/a>","rttpg_excerpt":"Novit\u00e0 per l'edizione 2021","_links":{"self":[{"href":"https:\/\/imagazine.it\/home_desk\/wp-json\/wp\/v2\/posts\/39835","targetHints":{"allow":["GET"]}}],"collection":[{"href":"https:\/\/imagazine.it\/home_desk\/wp-json\/wp\/v2\/posts"}],"about":[{"href":"https:\/\/imagazine.it\/home_desk\/wp-json\/wp\/v2\/types\/post"}],"author":[{"embeddable":true,"href":"https:\/\/imagazine.it\/home_desk\/wp-json\/wp\/v2\/users\/28"}],"replies":[{"embeddable":true,"href":"https:\/\/imagazine.it\/home_desk\/wp-json\/wp\/v2\/comments?post=39835"}],"version-history":[{"count":0,"href":"https:\/\/imagazine.it\/home_desk\/wp-json\/wp\/v2\/posts\/39835\/revisions"}],"wp:featuredmedia":[{"embeddable":true,"href":"https:\/\/imagazine.it\/home_desk\/wp-json\/wp\/v2\/media\/39836"}],"wp:attachment":[{"href":"https:\/\/imagazine.it\/home_desk\/wp-json\/wp\/v2\/media?parent=39835"}],"wp:term":[{"taxonomy":"category","embeddable":true,"href":"https:\/\/imagazine.it\/home_desk\/wp-json\/wp\/v2\/categories?post=39835"},{"taxonomy":"post_tag","embeddable":true,"href":"https:\/\/imagazine.it\/home_desk\/wp-json\/wp\/v2\/tags?post=39835"}],"curies":[{"name":"wp","href":"https:\/\/api.w.org\/{rel}","templated":true}]}}