{"id":39815,"date":"2021-07-19T00:00:00","date_gmt":"2021-07-18T23:00:00","guid":{"rendered":"https:\/\/imagazine.it\/?p=39815"},"modified":"2021-07-19T00:00:00","modified_gmt":"2021-07-18T23:00:00","slug":"strassoldo-lavoro-di-squadra-per-leducazione-dei-giovani","status":"publish","type":"post","link":"https:\/\/imagazine.it\/home_desk\/strassoldo-lavoro-di-squadra-per-leducazione-dei-giovani\/","title":{"rendered":"Strassoldo, lavoro di squadra per l&#8217;educazione dei giovani"},"content":{"rendered":"<p> \tSono ripartiti anche a <strong>Strassoldo <\/strong>i centri estivi parrocchiali. Gli organizzatori di queste attivit\u00e0 quest&#39;anno hanno voluto dare una svolta al proprio lavoro: per prima cosa hanno coinvolto tutte le realt\u00e0 dell&#39;unit\u00e0 pastorale di Cervignano, da Strassoldo a Terzo, in modo da non chiudersi all&#39;interno della propria realt\u00e0 ma uscire, aprirsi e coinvolgere altri ragazzi in una partecipazione comunitaria.<\/p>\n<p> \tCon questi presupposti \u00e8 stato avviato il percorso organizzativo per l&#39;estate: l&#39;<strong>Azione Cattolica di Cervignano<\/strong> ha risposto presente all\u2019iniziativa, portando la propria esperienza: si \u00e8 pensato di raccontare ai ragazzi la storia di \u201cGiona dalla fuga al coraggio\u201d.<\/p>\n<p> \tUn percorso iniziato dal Ricreatorio di Strassoldo con una caccia al tesoro (per trovare Giona), per proseguire con un\u2019uscita in montagna sul <strong>Passo Pura <\/strong>(per vedere un immenso panorama, dove ci sono molte strade da seguire, anche quella di Giona). Nel Ricreatorio San Michele di Cervignano, il 16 luglio, si \u00e8 tenuto un incontro\/laboratorio dei ragazzi, coinvolgendo anche i loro familiari e altri adulti con cena al sacco. Domenica 18 luglio, dopo la messa delle 10, a Strassoldo sono seguite attivit\u00e0 di gruppo e l\u2019aperitivo in compagnia.<\/p>\n<p> \tIl percorso si concluder\u00e0 con due ultimi appuntamenti: il primo al Ricreatorio di Strassoldo, mentre il 28 luglio \u00e8 prevista un\u2019uscita in montagna con l&#39;ultimo tema \u201cNinive \u00e8 salva\u201d.<\/p>\n<p> \tIl 4 agosto ci sar\u00e0 un momento finale di riflessione: i ragazzi, con un\u2019et\u00e0 che varia dai 10 ai 15 anni, andranno in pellegrinaggio al <strong>Santuario di Barbana<\/strong> per un momento di preghiera, per assistere alla messa e, chi lo desidera, per la confessione.<\/p>\n<p> \tAlla fine si tireranno le somme per capire se questa esperienza ha avuto i risultati sperati, per capire come migliorare gli aspetti formativi e organizzativi al fine di proseguire nel percorso e rivitalizzare le attivit\u00e0 parrocchiali.<\/p>\n","protected":false},"excerpt":{"rendered":"<p>Coinvolto l&#8217;intera Unit\u00e0 pastorale del cervignanese<\/p>\n","protected":false},"author":22,"featured_media":39816,"comment_status":"closed","ping_status":"closed","sticky":false,"template":"","format":"standard","meta":{"dwc-title":[],"dwc-content":[],"footnotes":""},"categories":[5],"tags":[],"class_list":["post-39815","post","type-post","status-publish","format-standard","has-post-thumbnail","hentry","category-attualita"],"rttpg_featured_image_url":{"full":["https:\/\/imagazine.it\/wp-content\/uploads\/2024\/01\/41750-1.webp",800,617,false],"landscape":["https:\/\/imagazine.it\/wp-content\/uploads\/2024\/01\/41750-1.webp",800,617,false],"portraits":["https:\/\/imagazine.it\/wp-content\/uploads\/2024\/01\/41750-1.webp",800,617,false],"thumbnail":["https:\/\/imagazine.it\/wp-content\/uploads\/2024\/01\/41750-1-150x150.webp",150,150,true],"medium":["https:\/\/imagazine.it\/wp-content\/uploads\/2024\/01\/41750-1-300x231.webp",300,231,true],"large":["https:\/\/imagazine.it\/wp-content\/uploads\/2024\/01\/41750-1.webp",640,494,false],"thumblist":["https:\/\/imagazine.it\/wp-content\/uploads\/2024\/01\/41750-1.webp",300,231,false],"thumbrelated":["https:\/\/imagazine.it\/wp-content\/uploads\/2024\/01\/41750-1.webp",500,386,false],"meccarouselthumb":["https:\/\/imagazine.it\/wp-content\/uploads\/2024\/01\/41750-1.webp",420,324,false],"gridsquare":["https:\/\/imagazine.it\/wp-content\/uploads\/2024\/01\/41750-1.webp",337,260,false],"tileview":["https:\/\/imagazine.it\/wp-content\/uploads\/2024\/01\/41750-1.webp",300,231,false],"1536x1536":["https:\/\/imagazine.it\/wp-content\/uploads\/2024\/01\/41750-1.webp",800,617,false],"2048x2048":["https:\/\/imagazine.it\/wp-content\/uploads\/2024\/01\/41750-1.webp",800,617,false],"newsup-slider-full":["https:\/\/imagazine.it\/wp-content\/uploads\/2024\/01\/41750-1.webp",800,617,false],"newsup-featured":["https:\/\/imagazine.it\/wp-content\/uploads\/2024\/01\/41750-1.webp",800,617,false],"newsup-medium":["https:\/\/imagazine.it\/wp-content\/uploads\/2024\/01\/41750-1-720x380.webp",720,380,true],"tptn_thumbnail":["https:\/\/imagazine.it\/wp-content\/uploads\/2024\/01\/41750-1.webp",250,193,false],"sow-carousel-default":["https:\/\/imagazine.it\/wp-content\/uploads\/2024\/01\/41750-1-272x182.webp",272,182,true]},"rttpg_author":{"display_name":"Livio Nonis","author_link":"https:\/\/imagazine.it\/home_desk\/author\/nonis\/"},"rttpg_comment":0,"rttpg_category":"<a href=\"https:\/\/imagazine.it\/home_desk\/category\/attualita\/\" rel=\"category tag\">ATTUALIT\u00c0<\/a>","rttpg_excerpt":"Coinvolto l'intera Unit\u00e0 pastorale del cervignanese","_links":{"self":[{"href":"https:\/\/imagazine.it\/home_desk\/wp-json\/wp\/v2\/posts\/39815","targetHints":{"allow":["GET"]}}],"collection":[{"href":"https:\/\/imagazine.it\/home_desk\/wp-json\/wp\/v2\/posts"}],"about":[{"href":"https:\/\/imagazine.it\/home_desk\/wp-json\/wp\/v2\/types\/post"}],"author":[{"embeddable":true,"href":"https:\/\/imagazine.it\/home_desk\/wp-json\/wp\/v2\/users\/22"}],"replies":[{"embeddable":true,"href":"https:\/\/imagazine.it\/home_desk\/wp-json\/wp\/v2\/comments?post=39815"}],"version-history":[{"count":0,"href":"https:\/\/imagazine.it\/home_desk\/wp-json\/wp\/v2\/posts\/39815\/revisions"}],"wp:featuredmedia":[{"embeddable":true,"href":"https:\/\/imagazine.it\/home_desk\/wp-json\/wp\/v2\/media\/39816"}],"wp:attachment":[{"href":"https:\/\/imagazine.it\/home_desk\/wp-json\/wp\/v2\/media?parent=39815"}],"wp:term":[{"taxonomy":"category","embeddable":true,"href":"https:\/\/imagazine.it\/home_desk\/wp-json\/wp\/v2\/categories?post=39815"},{"taxonomy":"post_tag","embeddable":true,"href":"https:\/\/imagazine.it\/home_desk\/wp-json\/wp\/v2\/tags?post=39815"}],"curies":[{"name":"wp","href":"https:\/\/api.w.org\/{rel}","templated":true}]}}