{"id":39779,"date":"2021-07-09T00:00:00","date_gmt":"2021-07-08T23:00:00","guid":{"rendered":"https:\/\/imagazine.it\/?p=39779"},"modified":"2021-07-09T00:00:00","modified_gmt":"2021-07-08T23:00:00","slug":"palestre-allaperto-nei-parchi-di-gorizia","status":"publish","type":"post","link":"https:\/\/imagazine.it\/home_desk\/palestre-allaperto-nei-parchi-di-gorizia\/","title":{"rendered":"\u201cPalestre all\u2019aperto\u201d nei parchi di Gorizia"},"content":{"rendered":"<p> \tUna duplice iniziativa per ridare importanza all\u2019attivit\u00e0 motoria dopo il lungo stop imposto dalla pandemia.<\/p>\n<p> \tIl Comune di <strong>Gorizia<\/strong> ospiter\u00e0 da luned\u00ec nelle aree verdi della citt\u00e0 l\u2019iniziativa \u201c<strong><em>Palestre all\u2019aperto<\/em><\/strong>\u201d, una serie di 120 sedute di esercizio fisico leggero organizzata da Uisp \u201cSport per tutti\u201d in collaborazione con l\u2019assessorato comunale allo sport.<\/p>\n<p> \tNel frattempo \u00e8 stato pubblicato l\u2019avviso per concedere alle associazioni sportive della citt\u00e0 l\u2019uso coordinato, sempre gratuito, delle principali aree verdi per svolgere attivit\u00e0 sportiva e fitness.<\/p>\n<p> \t\u201c<em>Palestre all\u2019aperto<\/em>\u201d \u00e8 un\u2019iniziativa finanziata dal Comune con un <strong>contributo di 6.771 euro<\/strong>, oltre all\u2019acquisto delle tshirt per i partecipanti, e prevede una serie di appuntamenti ai quali i cittadini, suddivisi per fasce d\u2019et\u00e0, potranno partecipare gratuitamente per praticare attivit\u00e0 fisico-motoria sotto la guida di tecnici qualificati della Uisp. Gli incontri, della durata di un\u2019ora ciascuno, si terranno al mattino e alla sera, ovvero nei momenti pi\u00f9 freschi di queste giornate estive, nei parchi cittadini individuati con il supporto del Servizio del Verde Pubblico del Comune.<\/p>\n<p> \tIn questa prima fase, le attivit\u00e0 si svolgeranno al <strong>parco Marvin di Sant\u2019Anna<\/strong>, che luned\u00ec 12 luglio dalle 8 alle 11 ospiter\u00e0 le sedute inaugurali, al <strong>parco del Castello<\/strong>, al <strong>parco del Municipio<\/strong>, al <strong>parco dei Principi a Piedimonte<\/strong> e infine a <strong>parco Basaglia<\/strong>. Ma l\u2019elenco \u00e8 destinato ad allungarsi nelle prossime settimane, mirando a una progressione della partecipazione al fine di poter coinvolgere tutte le fasce d\u2019et\u00e0, fruendo del maggior numero di aree verdi presenti sul territorio cittadino.<\/p>\n<p> \tIl progetto \u201c<em>Palestre all\u2019aperto<\/em>\u201d \u00e8 nato proprio in risposta alla particolare situazione sanitaria e alle misure di contenimento adottate per fronteggiare l\u2019emergenza Covid: un piano d\u2019azione a cui hanno lavorato il presidente Uisp di Gorizia <strong>Enzo Dall\u2019Osto<\/strong>, assieme al suo staff tecnico e amministrativo, e il vicesindaco con delega allo sport <strong>Stefano Ceretta<\/strong>, supportato dagli uffici comunali, per fare in modo che questa iniziativa di attivit\u00e0 motoria, a favore di tutti i cittadini, prendesse il via nella stagione estiva per protrarsi fino alla stagione autunnale.<\/p>\n<p> \tLe finalit\u00e0 del progetto sono principalmente il contrasto alla sedentariet\u00e0, al sovrappeso, allo stress e il riavvio della socializzazione, tutti elementi che durante la pandemia hanno pesato notevolmente sulla salute e sulla qualit\u00e0 della vita dei cittadini.<\/p>\n<p> \tNel programma sono previsti anche alcuni appuntamenti itineranti di carattere culturale in cui saranno presenti esperti di botanica, storia ed architettura, che illustreranno ai partecipanti gli aspetti peculiari della nostra citt\u00e0 e dei nostri parchi.<\/p>\n<p> \tPer la sicurezza dei partecipanti all\u2019attivit\u00e0 ginnico-sportiva, sar\u00e0 necessario sottoscrivere una polizza assicurativa ed essere in possesso del certificato medico di idoneit\u00e0 all\u2019attivit\u00e0 sportiva non agonistica.<\/p>\n<p> \tCon l\u2019iscrizione a Uisp, dal costo di 9 euro, si avr\u00e0 diritto all\u2019attivazione gratuita della polizza assicurativa e alla visita medica in una struttura sanitaria privata convenzionata con Uisp, la quale rilascer\u00e0 il certificato medico di idoneit\u00e0, valido un anno, al costo ridotto di 30 euro.<\/p>\n<p> \t\u201cL\u2019epidemia aveva costretto la chiusura di palestre e dei centri sportivi \u2013 hanno ricordato il vicesindaco Ceretta e il presidente Uisp Dall\u2019Osto \u2013 generando su tutto il territorio nazionale una grande richiesta di spazi all\u2019aperto per la ripresa delle attivit\u00e0 sportive in sicurezza. E nella sicurezza rientra anche la prevenzione, quindi \u00e8 importante, anche per svolgere attivit\u00e0 fisica pi\u00f9 o meno intensa a livello amatoriale, sottoporsi a uno screening cardiologico\u201d.<\/p>\n<p> \tNel frattempo, il Comune di Gorizia ha pubblicato sul proprio sito web, nella sezione Comunicazioni, un avviso indirizzato alle associazioni sportive dilettantistiche della citt\u00e0, intenzionate a prenotare l\u2019uso di una serie di aree pubbliche nei parchi cittadini, in particolare al <strong>parco Baiamonti<\/strong>, nelle <strong>aree verdi di via Camposanto a Lucinico<\/strong> e di <strong>via Montenero in Campagnuzza<\/strong>, nel <strong>giardino di via Rocca a Montesanto<\/strong>, nei <strong>parchi Bolaffio e Marvin di Sant\u2019Anna<\/strong>. Le associazioni interessate possono presentare domanda all\u2019indirizzo Pec <a href=\"mailto:comune.gorizia@certgov.fvg.it\" target=\"_blank\" rel=\"noopener\">comune.gorizia@certgov.fvg.it<\/a>. L\u2019assegnazione degli spazi sar\u00e0 stabilita ogni 15 giorni.<\/p>\n","protected":false},"excerpt":{"rendered":"<p>Esercizi organizzati dalla Uisp<\/p>\n","protected":false},"author":28,"featured_media":39780,"comment_status":"closed","ping_status":"closed","sticky":false,"template":"","format":"standard","meta":{"dwc-title":[],"dwc-content":[],"footnotes":""},"categories":[5],"tags":[],"class_list":["post-39779","post","type-post","status-publish","format-standard","has-post-thumbnail","hentry","category-attualita"],"rttpg_featured_image_url":{"full":["https:\/\/imagazine.it\/wp-content\/uploads\/2024\/01\/41618-1.webp",909,625,false],"landscape":["https:\/\/imagazine.it\/wp-content\/uploads\/2024\/01\/41618-1.webp",909,625,false],"portraits":["https:\/\/imagazine.it\/wp-content\/uploads\/2024\/01\/41618-1.webp",909,625,false],"thumbnail":["https:\/\/imagazine.it\/wp-content\/uploads\/2024\/01\/41618-1-150x150.webp",150,150,true],"medium":["https:\/\/imagazine.it\/wp-content\/uploads\/2024\/01\/41618-1-300x206.webp",300,206,true],"large":["https:\/\/imagazine.it\/wp-content\/uploads\/2024\/01\/41618-1.webp",640,440,false],"thumblist":["https:\/\/imagazine.it\/wp-content\/uploads\/2024\/01\/41618-1.webp",300,206,false],"thumbrelated":["https:\/\/imagazine.it\/wp-content\/uploads\/2024\/01\/41618-1.webp",500,344,false],"meccarouselthumb":["https:\/\/imagazine.it\/wp-content\/uploads\/2024\/01\/41618-1.webp",471,324,false],"gridsquare":["https:\/\/imagazine.it\/wp-content\/uploads\/2024\/01\/41618-1.webp",378,260,false],"tileview":["https:\/\/imagazine.it\/wp-content\/uploads\/2024\/01\/41618-1.webp",300,206,false],"1536x1536":["https:\/\/imagazine.it\/wp-content\/uploads\/2024\/01\/41618-1.webp",909,625,false],"2048x2048":["https:\/\/imagazine.it\/wp-content\/uploads\/2024\/01\/41618-1.webp",909,625,false],"newsup-slider-full":["https:\/\/imagazine.it\/wp-content\/uploads\/2024\/01\/41618-1.webp",909,625,false],"newsup-featured":["https:\/\/imagazine.it\/wp-content\/uploads\/2024\/01\/41618-1.webp",909,625,false],"newsup-medium":["https:\/\/imagazine.it\/wp-content\/uploads\/2024\/01\/41618-1-720x380.webp",720,380,true],"tptn_thumbnail":["https:\/\/imagazine.it\/wp-content\/uploads\/2024\/01\/41618-1.webp",250,172,false],"sow-carousel-default":["https:\/\/imagazine.it\/wp-content\/uploads\/2024\/01\/41618-1-272x182.webp",272,182,true]},"rttpg_author":{"display_name":"redazione","author_link":"https:\/\/imagazine.it\/home_desk\/author\/redazione\/"},"rttpg_comment":0,"rttpg_category":"<a href=\"https:\/\/imagazine.it\/home_desk\/category\/attualita\/\" rel=\"category tag\">ATTUALIT\u00c0<\/a>","rttpg_excerpt":"Esercizi organizzati dalla Uisp","_links":{"self":[{"href":"https:\/\/imagazine.it\/home_desk\/wp-json\/wp\/v2\/posts\/39779","targetHints":{"allow":["GET"]}}],"collection":[{"href":"https:\/\/imagazine.it\/home_desk\/wp-json\/wp\/v2\/posts"}],"about":[{"href":"https:\/\/imagazine.it\/home_desk\/wp-json\/wp\/v2\/types\/post"}],"author":[{"embeddable":true,"href":"https:\/\/imagazine.it\/home_desk\/wp-json\/wp\/v2\/users\/28"}],"replies":[{"embeddable":true,"href":"https:\/\/imagazine.it\/home_desk\/wp-json\/wp\/v2\/comments?post=39779"}],"version-history":[{"count":0,"href":"https:\/\/imagazine.it\/home_desk\/wp-json\/wp\/v2\/posts\/39779\/revisions"}],"wp:featuredmedia":[{"embeddable":true,"href":"https:\/\/imagazine.it\/home_desk\/wp-json\/wp\/v2\/media\/39780"}],"wp:attachment":[{"href":"https:\/\/imagazine.it\/home_desk\/wp-json\/wp\/v2\/media?parent=39779"}],"wp:term":[{"taxonomy":"category","embeddable":true,"href":"https:\/\/imagazine.it\/home_desk\/wp-json\/wp\/v2\/categories?post=39779"},{"taxonomy":"post_tag","embeddable":true,"href":"https:\/\/imagazine.it\/home_desk\/wp-json\/wp\/v2\/tags?post=39779"}],"curies":[{"name":"wp","href":"https:\/\/api.w.org\/{rel}","templated":true}]}}