{"id":39777,"date":"2021-07-09T00:00:00","date_gmt":"2021-07-08T23:00:00","guid":{"rendered":"https:\/\/imagazine.it\/?p=39777"},"modified":"2021-07-09T00:00:00","modified_gmt":"2021-07-08T23:00:00","slug":"da-aquileia-a-betlemme-un-mosaico-di-fede-e-bellezza","status":"publish","type":"post","link":"https:\/\/imagazine.it\/home_desk\/da-aquileia-a-betlemme-un-mosaico-di-fede-e-bellezza\/","title":{"rendered":"Da Aquileia a Betlemme: un mosaico di fede e bellezza"},"content":{"rendered":"<p> \tInaugura <strong>domenica 11 luglio alle ore 18<\/strong> ad <strong>Aquileia<\/strong> nella sede di <strong>Palazzo Meizlik <\/strong>la mostra \u201c<strong><em>Da Aquileia a Betlemme: un mosaico di fede e bellezza<\/em><\/strong>\u201d alla presenza del patriarca di Gerusalemme dei Latini, <strong>monsignor Pierbattista Pizzaballa<\/strong>, e del delegato della Palestina all\u2019Unesco, sua eccellenza <strong>Mounir Anastas<\/strong>, del presidente della Fondazione Aquileia e sindaco di Aquileia <strong>Emanuele Zorino<\/strong> e dei curatori della mostra.<\/p>\n<p> \tPromossa dalla <em>Bethlehem Development Foundation <\/em>e dall\u2019<em>Alto Comitato Presidenziale per gli Affari religiosi in Palestina e dal Comitato Presidenziale per il restauro della Basilica della Nativit\u00e0 <\/em>e organizzata dalla <em>Fondazione Aquileia<\/em> in collaborazione con il <em>Comune di Aquileia,<\/em> la <em>Fondazione So.Co. Ba<\/em>., con il sostegno di <em>Piacenti spa<\/em> e il patrocinio del <em>Ministero della Cultura , <\/em>la mostra celebra il filo \u2013 finora rimasto inesplorato &#8211; \u00a0che lega Betlemme ad Aquileia, un legame di fede e bellezza che unisce due siti Patrimonio dell\u2019Umanit\u00e0.<\/p>\n<p> \tL\u2019accostamento tra i due siti \u2013 e in particolare tra la Basilica della Nativit\u00e0 di Betlemme e la Basilica di Aquileia \u2013 si deve all\u2019interesse delle recenti scoperte nella<\/p>\n<p> \tBasilica della Nativit\u00e0, avvenute nel corso del sapiente restauro condotto a partire dal 2013 dall\u2019azienda italiana Piacenti spa, eccellenza nel restauro. Ai lavori di Betlemme, finanziati grazie all\u2019impegno dell\u2019Autorit\u00e0 Palestinese, hanno fatto seguito ricerche accurate, che hanno evidenziato straordinarie analogie nella genesi e nell\u2019evoluzione dei due complessi.<\/p>\n<p> \t\u00abCon questa mostra \u2013 evidenzia <strong>Emanuele Zorino, presidente della Fondazione Aquileia<\/strong> \u2013 confermiamo l\u2019impegno nel raccontare la centralit\u00e0 della splendida civitas nella storia della Cristianit\u00e0 e nel rapporto vivissimo con il Mediterraneo e con l\u2019Oriente. In una fase post-pandemica complicata per l\u2019economia globale, la Fondazione Aquileia ha voluto scommettere su un\u2019iniziativa che mette al centro l\u2019indagine storico-archeologica come occasione per porre nuovi quesiti alla comunit\u00e0 scientifica, ma anche come strumento concreto per il rilancio turistico del territorio e per l\u2019affermazione del dialogo interculturale, rivendicandone al tempo stesso la funzione di deterrente alle angosce contemporanee e alle nuove minacce di conflitto\u00bb.<\/p>\n<p> \t\u00abLa mostra \u2013 sottolinea S.E. <strong>Issa Kassissieh, membro del Comitato Presidenziale Palestinese per il Restauro della Basilica della Nativit\u00e0 <\/strong>\u2013 valorizza la chiesa della Nativit\u00e0 restaurata in tutta la sua bellezza artistica e significato storico, e ancor di pi\u00f9 nel suo messaggio spirituale. In un momento in cui il mondo lotta contro una pandemia la Nativit\u00e0 ci ricorda ancora della nascita e rinascita di Ges\u00f9, e con Lui germogliano nuova vita e nuove speranze. \u00c8 con umilt\u00e0, e allo stesso tempo con orgoglio, che il popolo Palestinese presenta Betlemme e la sua chiesa al mondo: crediamo fermamente che attraverso la bellezza e il potere dell&#39;arte, della storia, della cultura e della fede possiamo davvero promuovere la conoscenza tra culture, rafforzare il dialogo interreligioso, ed essere di ispirazione per il progresso delle generazioni future\u00bb.<\/p>\n<p> \t\u00abAquileia e Betlemme \u2013 spiegano <strong>Salvo Barrano e Luca Villa<\/strong>, i curatori della sezione aquileiese \u2013 poste in due aree opposte del Mediterraneo, appaiono significativamente accomunate dal ruolo preminente nell\u2019irradiazione e nell\u2019 affermazione del cristianesimo, come suggeriscono le testimonianze monumentali che vi sono conservate.<\/p>\n<p> \tSia il santuario sorto sulla Grotta di Ges\u00f9 sia il complesso della citt\u00e0 adriatica appaiono entrambi edificati in epoca costantiniana, agli inizi del IV secolo d.C.\u00a0<\/p>\n<p> \tSul luogo della Nativit\u00e0 venne eretta, per volere dello stesso imperatore Costantino, una grande basilica, un complesso che ebbe da subito un\u2019estrema rilevanza nel mondo cristiano, divenendo meta di pellegrinaggi da ogni parte dell\u2019impero, come accadde anche per tutti gli altri luoghi della Terra Santa che conservavano traccia della vita e della passione di Cristo.<\/p>\n<p> \tNegli stessi anni ad Aquileia il vescovo Teodoro innalzava, alla guida di una fervente e benestante comunit\u00e0 locale, uno dei pi\u00f9 antichi ed importanti complessi paleocristiani dell\u2019Occidente, dove si conservano straordinarie testimonianze dell\u2019arte cristiana, prima fra tutte il pi\u00f9 esteso mosaico pavimentale dell\u2019Occidente \u00bb.<\/p>\n<p> \tIl percorso espositivo si snoda in due sezioni: la sezione <strong>Betlemme, <\/strong>curata da Taisir Hasbun, Alessandro Fichera e Tommaso Santi si avvale del progetto di scavo e restauro durato dieci anni come di un filo che permette di ricucire attraverso testi, foto e video la storia del monumento pi\u00f9 antico della Cristianit\u00e0 per concludersi con un video dove viene letteralmente svelata la Basilica nella sua ritrovata bellezza.<\/p>\n<p> \tLa sezione <strong>Aquileia, <\/strong>curata dagli archeologi Salvo Barrano e Luca Villa conduce direttamente alle origini dell\u2019arte cristiana indagando in profondit\u00e0 il rapporto tra queste due citt\u00e0, separate da oltre duemila miglia. Si focalizza sui grandiosi mosaici di et\u00e0 costantiniana nel primo impianto della basilica di Aquileia realizzata dal Vescovo Teodoro e prosegue con il racconto dell\u2019evoluzione della basilica cristiana nei secoli arricchito di contenuti multimediali.<\/p>\n<p> \tLa mostra \u00e8 visitabile dal marted\u00ec alla domenica dalle 10 alle 19 (apertura straordinaria luned\u00ec 12 luglio in occasione dei SS. Patroni) e il biglietto d\u2019ingresso alla mostra (\u20ac 6) comprende anche l\u2019ingresso alla Basilica di Aquileia, alla cripta affreschi e alla cripta scavi per permettere ai visitatori di proseguire il percorso alla scoperta delle meraviglie della Basilica di Aquileia.<\/p>\n<p> \tAl bookshop della mostra \u00e8 disponibile il catalogo arricchito dai testi dei curatori e da un ricco repertorio fotografico e il dvd \u201cLe meraviglie di Betlemme\u201d.<\/p>\n","protected":false},"excerpt":{"rendered":"<p>Inaugurazione alla presenza del patriarca di Gerusalemme dei Latini e del delegato della Palestina all\u2019Unesco<\/p>\n","protected":false},"author":28,"featured_media":39778,"comment_status":"closed","ping_status":"closed","sticky":false,"template":"","format":"standard","meta":{"dwc-title":[],"dwc-content":[],"footnotes":""},"categories":[37],"tags":[],"class_list":["post-39777","post","type-post","status-publish","format-standard","has-post-thumbnail","hentry","category-cultura-e-spettacolo"],"rttpg_featured_image_url":{"full":["https:\/\/imagazine.it\/wp-content\/uploads\/2024\/01\/41611-1.webp",1000,561,false],"landscape":["https:\/\/imagazine.it\/wp-content\/uploads\/2024\/01\/41611-1.webp",1000,561,false],"portraits":["https:\/\/imagazine.it\/wp-content\/uploads\/2024\/01\/41611-1.webp",1000,561,false],"thumbnail":["https:\/\/imagazine.it\/wp-content\/uploads\/2024\/01\/41611-1-150x150.webp",150,150,true],"medium":["https:\/\/imagazine.it\/wp-content\/uploads\/2024\/01\/41611-1-300x168.webp",300,168,true],"large":["https:\/\/imagazine.it\/wp-content\/uploads\/2024\/01\/41611-1.webp",640,359,false],"thumblist":["https:\/\/imagazine.it\/wp-content\/uploads\/2024\/01\/41611-1.webp",300,168,false],"thumbrelated":["https:\/\/imagazine.it\/wp-content\/uploads\/2024\/01\/41611-1.webp",500,281,false],"meccarouselthumb":["https:\/\/imagazine.it\/wp-content\/uploads\/2024\/01\/41611-1.webp",474,266,false],"gridsquare":["https:\/\/imagazine.it\/wp-content\/uploads\/2024\/01\/41611-1.webp",391,219,false],"tileview":["https:\/\/imagazine.it\/wp-content\/uploads\/2024\/01\/41611-1.webp",300,168,false],"1536x1536":["https:\/\/imagazine.it\/wp-content\/uploads\/2024\/01\/41611-1.webp",1000,561,false],"2048x2048":["https:\/\/imagazine.it\/wp-content\/uploads\/2024\/01\/41611-1.webp",1000,561,false],"newsup-slider-full":["https:\/\/imagazine.it\/wp-content\/uploads\/2024\/01\/41611-1.webp",1000,561,false],"newsup-featured":["https:\/\/imagazine.it\/wp-content\/uploads\/2024\/01\/41611-1.webp",1000,561,false],"newsup-medium":["https:\/\/imagazine.it\/wp-content\/uploads\/2024\/01\/41611-1-720x380.webp",720,380,true],"tptn_thumbnail":["https:\/\/imagazine.it\/wp-content\/uploads\/2024\/01\/41611-1.webp",250,140,false],"sow-carousel-default":["https:\/\/imagazine.it\/wp-content\/uploads\/2024\/01\/41611-1-272x182.webp",272,182,true]},"rttpg_author":{"display_name":"redazione","author_link":"https:\/\/imagazine.it\/home_desk\/author\/redazione\/"},"rttpg_comment":0,"rttpg_category":"<a href=\"https:\/\/imagazine.it\/home_desk\/category\/cultura-e-spettacolo\/\" rel=\"category tag\">CULTURA&amp;SPETTACOLO<\/a>","rttpg_excerpt":"Inaugurazione alla presenza del patriarca di Gerusalemme dei Latini e del delegato della Palestina all\u2019Unesco","_links":{"self":[{"href":"https:\/\/imagazine.it\/home_desk\/wp-json\/wp\/v2\/posts\/39777","targetHints":{"allow":["GET"]}}],"collection":[{"href":"https:\/\/imagazine.it\/home_desk\/wp-json\/wp\/v2\/posts"}],"about":[{"href":"https:\/\/imagazine.it\/home_desk\/wp-json\/wp\/v2\/types\/post"}],"author":[{"embeddable":true,"href":"https:\/\/imagazine.it\/home_desk\/wp-json\/wp\/v2\/users\/28"}],"replies":[{"embeddable":true,"href":"https:\/\/imagazine.it\/home_desk\/wp-json\/wp\/v2\/comments?post=39777"}],"version-history":[{"count":0,"href":"https:\/\/imagazine.it\/home_desk\/wp-json\/wp\/v2\/posts\/39777\/revisions"}],"wp:featuredmedia":[{"embeddable":true,"href":"https:\/\/imagazine.it\/home_desk\/wp-json\/wp\/v2\/media\/39778"}],"wp:attachment":[{"href":"https:\/\/imagazine.it\/home_desk\/wp-json\/wp\/v2\/media?parent=39777"}],"wp:term":[{"taxonomy":"category","embeddable":true,"href":"https:\/\/imagazine.it\/home_desk\/wp-json\/wp\/v2\/categories?post=39777"},{"taxonomy":"post_tag","embeddable":true,"href":"https:\/\/imagazine.it\/home_desk\/wp-json\/wp\/v2\/tags?post=39777"}],"curies":[{"name":"wp","href":"https:\/\/api.w.org\/{rel}","templated":true}]}}