{"id":39775,"date":"2021-07-09T00:00:00","date_gmt":"2021-07-08T23:00:00","guid":{"rendered":"https:\/\/imagazine.it\/?p=39775"},"modified":"2021-07-09T00:00:00","modified_gmt":"2021-07-08T23:00:00","slug":"in-valcanale-torna-il-grande-tennis","status":"publish","type":"post","link":"https:\/\/imagazine.it\/home_desk\/in-valcanale-torna-il-grande-tennis\/","title":{"rendered":"In Valcanale torna il grande tennis"},"content":{"rendered":"<p> \tLe emozioni del tennis internazionale ritornano a <strong>Tarvisio<\/strong>. Dall&#39;11 luglio sar\u00e0 ancora tempo di<strong> \u201cCitt\u00e0 di Tarvisio Cup\u201d<\/strong>, il torneo professionistico inserito nel circuito Itf e dotato di un <strong>montepremi di 25.000 dollari<\/strong>.<\/p>\n<p> \tI campi in terra rossa di via Atleti Azzurri d&#39;Italia, gestiti dall&#39;Asd Tennis Club Tarvisio, saranno teatro per una settimana di grandi sfide. Il programma prevede il via da domenica con le qualificazioni, mentre <strong>il tabellone principale scatter\u00e0 da luned\u00ec 12 luglio<\/strong>, con le prime favorite pronte a scendere in campo. L&#39;appuntamento \u00e8 stato <strong>organizzato nel rispetto dei protocolli anti Covid-19<\/strong> previsti dall&#39;Itf.<\/p>\n<p> \tDopo il successo dell&#39;azzurra <strong>Federica Di Sarra<\/strong> nel 2020, con la vittoria in rimonta della 30enne di Fondi per 3-6, 6-3, 6-4 sulla belga Maryna Zanevska, l&#39;Italia culla il sogno di uno straordinario tris, visto che nel 2019 si era imposta <strong>Bianca Turati<\/strong>.<\/p>\n<p> \tL&#39;edizione 2021 sar\u00e0 anche l&#39;occasione per ricordare <strong>Mariano Malfitana<\/strong>, consigliere del Tennis Club Tarvisio e anima di molte iniziative per la promozione del tennis e dello sport: sconfitto dal Covid ad aprile, ha lasciato un grande vuoto. Un pensiero per lui, che si \u00e8 molto speso per organizzare questo torneo in passato, \u00e8 doveroso.<\/p>\n<p> \tLe prime due teste di serie provengono dalla Romania. La favorita, ranking alla mano, \u00e8 <strong>Gabriela Talaba<\/strong>, numero 207 Wta, seguita in classifica dalla seconda del main draw, la connazionale I<strong>rina Fetecau <\/strong>(244). Subito dopo, ecco <strong>Bianca Turati<\/strong>: la brianzola ha voglia di ripetere l&#39;exploit di due anni fa e sulla terra di Tarvisio ha spesso fatto vedere delle buone cose. Dovrebbe essere nuovamente ai nastri di partenza anche la brasiliana <strong>Gabriela Ce<\/strong>, attuale 284 del ranking, arrivata in semifinale nell&#39;edizione 2019.<\/p>\n<p> \tOltre a Turati, fra le azzurre c&#39;\u00e8 attesa per vedere nuovamente all&#39;opera anche Federica Di Sarra, trionfatrice nella scorsa edizione. La 31enne laziale, che occupa la posizione 286 del ranking, dovrebbe essere accreditata dell&#39;ottava testa di serie. Ma tra le italiane, i riflettori sono puntati su <strong>Lucia Bronzetti,<\/strong> che sta vivendo nel 2021 un vero anno di grazia. La 22enne di Rimini ha vinto due tornei Itf da 15.000 dollari, quello di Sharm El Sheikh in Egitto e di Le Havre, in Francia. \u00c8 inoltre approdata alle semifinali del 60.000 dollari di Bellinzona e a Grado, oltre alla vittoria in doppio, \u00e8 arrivata fino in semifinale. L&#39;auspicio \u00e8 che possa brillare anche in Valcanale. Al via ci saranno anche tre giovani speranze, <strong>Lisa Pigato, Melania Delai e Matilde Paoletti<\/strong>, salvo problemi con la \u201cbolla\u201d perch\u00e9 impegnate in Wimbledon Juniores. Le wild card sono state destinate alle friulane <strong>Adele Burato<\/strong> e <strong>Anna Sturmigh<\/strong>.<\/p>\n<p> \tIl via ufficiale all&#39;edizione 2021 \u00e8 fissato per <strong>domenica 11 luglio con il primo turno delle qualificazioni<\/strong>. Ai nastri di partenza ci sar\u00e0 anche la tedesca <strong>Sina Hermann<\/strong>, vincitrice del torneo di Grado nel 2020. Il giorno seguente, invece, scatteranno primi match del tabellone principale. In entrambi i casi, saranno 32 le tenniste ai nastri di partenza.<\/p>\n<p> \tL&#39;atto finale della settima edizione della \u201cCitt\u00e0 di Tarvisio Tennis Cup\u201d \u00e8 in programma <strong>sabato 17 luglio<\/strong> con la finalissima alle 15.30. Venerd\u00ec 16, invece, sar\u00e0 disputata la finale del doppio, oltre alle due semifinali del singolare.<\/p>\n<p> \tIl Friuli Venezia Giulia si conferma palcoscenico gradito del grande tennis internazionale, dato che oltre all&#39;appuntamento di Tarvisio in regione ci sono anche <strong>Cordenons<\/strong> (maschile con montepremi di 42.500 dollari), <strong>Grado<\/strong> (femminile da 25.000 dollari) e <strong>Trieste<\/strong>. L\u2019evento in Valcanale, organizzato dal <strong>Tennis Club Tarvisio<\/strong>, \u00e8 possibile grazie all\u2019impegno degli <strong>assessorati a Sport e Turismo della Regione Friuli Venezia Giulia<\/strong>, al <strong>Comune di Tarvisio <\/strong>e al <strong>Consorzio Bim<\/strong> (Bacino Imbrifero Montano della Drava).<\/p>\n<p> \t<strong>Piero Tononi<\/strong>, gi\u00e0 in prima linea nei vari tornei Fvg, sar\u00e0 ancora una volta il direttore del torneo, mentre il giudice arbitro internazionale sar\u00e0 <strong>Riccardo Ragazzini<\/strong>, di Cervia, gi\u00e0 presente come supervisor nel 2019. Tra gli arbitri ci sar\u00e0 anche&#8230; un pezzetto di Friuli: da luned\u00ec a mercoled\u00ec, far\u00e0 il suo debutto in un torneo internazionale il 17enne <strong>Adriano Biasiolo<\/strong>, di Gemona.<\/p>\n<p> \t\u00abIl numero \u201c7\u201d davanti all&#39;edizione della Citt\u00e0 di Tarvisio Cup \u00e8 sinonimo di continuit\u00e0 e professionalit\u00e0 da parte dei dirigenti del Tennis Club Tarvisio e degli organizzatori &#8211; commenta <strong>Antonio De Benedittis<\/strong>, presidente della Fit regionale -. Alla Regione Fvg e agli sponsor va il nostro grazie per aver creduto, sin da subito, in questa scommessa. \u00c8 una grande soddisfazione poter organizzare eventi di questo calibro in Fvg: nonostante il Covid, siamo riusciti a riconfermare le attivit\u00e0 internazionali e Tarvisio \u00e8 una delle tappe di rilievo per la nostra regione\u00bb.<\/p>\n<p> \t\u00abSiamo pronti e carichi per questo appuntamento, ormai un classico nel circuito tennistico internazionale &#8211; sottolinea <strong>Giuseppe Montanaro<\/strong>, presidente dell&#39;Asd Tennis Club Tarvisio -. La macchina organizzativa \u00e8 rodata, vogliamo fare ancora una volta una bella figura. Un grazie agli sponsor, al Comitato organizzatore e alla Fit per la fiducia nel nostro circolo\u00bb. I riflettori sono pronti a riaccendersi sulla terra rossa di Tarvisio per un&#39;altra settimana di grande spettacolo.<\/p>\n","protected":false},"excerpt":{"rendered":"<p>Settima edizione del torneo<\/p>\n","protected":false},"author":28,"featured_media":39776,"comment_status":"closed","ping_status":"closed","sticky":false,"template":"","format":"standard","meta":{"dwc-title":[],"dwc-content":[],"footnotes":""},"categories":[38],"tags":[],"class_list":["post-39775","post","type-post","status-publish","format-standard","has-post-thumbnail","hentry","category-sport"],"rttpg_featured_image_url":{"full":["https:\/\/imagazine.it\/wp-content\/uploads\/2024\/01\/41603-1.webp",999,755,false],"landscape":["https:\/\/imagazine.it\/wp-content\/uploads\/2024\/01\/41603-1.webp",999,755,false],"portraits":["https:\/\/imagazine.it\/wp-content\/uploads\/2024\/01\/41603-1.webp",999,755,false],"thumbnail":["https:\/\/imagazine.it\/wp-content\/uploads\/2024\/01\/41603-1-150x150.webp",150,150,true],"medium":["https:\/\/imagazine.it\/wp-content\/uploads\/2024\/01\/41603-1-300x227.webp",300,227,true],"large":["https:\/\/imagazine.it\/wp-content\/uploads\/2024\/01\/41603-1.webp",640,484,false],"thumblist":["https:\/\/imagazine.it\/wp-content\/uploads\/2024\/01\/41603-1.webp",300,227,false],"thumbrelated":["https:\/\/imagazine.it\/wp-content\/uploads\/2024\/01\/41603-1.webp",500,378,false],"meccarouselthumb":["https:\/\/imagazine.it\/wp-content\/uploads\/2024\/01\/41603-1.webp",429,324,false],"gridsquare":["https:\/\/imagazine.it\/wp-content\/uploads\/2024\/01\/41603-1.webp",344,260,false],"tileview":["https:\/\/imagazine.it\/wp-content\/uploads\/2024\/01\/41603-1.webp",300,227,false],"1536x1536":["https:\/\/imagazine.it\/wp-content\/uploads\/2024\/01\/41603-1.webp",999,755,false],"2048x2048":["https:\/\/imagazine.it\/wp-content\/uploads\/2024\/01\/41603-1.webp",999,755,false],"newsup-slider-full":["https:\/\/imagazine.it\/wp-content\/uploads\/2024\/01\/41603-1-999x720.webp",999,720,true],"newsup-featured":["https:\/\/imagazine.it\/wp-content\/uploads\/2024\/01\/41603-1.webp",999,755,false],"newsup-medium":["https:\/\/imagazine.it\/wp-content\/uploads\/2024\/01\/41603-1-720x380.webp",720,380,true],"tptn_thumbnail":["https:\/\/imagazine.it\/wp-content\/uploads\/2024\/01\/41603-1.webp",250,189,false],"sow-carousel-default":["https:\/\/imagazine.it\/wp-content\/uploads\/2024\/01\/41603-1-272x182.webp",272,182,true]},"rttpg_author":{"display_name":"redazione","author_link":"https:\/\/imagazine.it\/home_desk\/author\/redazione\/"},"rttpg_comment":0,"rttpg_category":"<a href=\"https:\/\/imagazine.it\/home_desk\/category\/sport\/\" rel=\"category tag\">SPORT<\/a>","rttpg_excerpt":"Settima edizione del torneo","_links":{"self":[{"href":"https:\/\/imagazine.it\/home_desk\/wp-json\/wp\/v2\/posts\/39775","targetHints":{"allow":["GET"]}}],"collection":[{"href":"https:\/\/imagazine.it\/home_desk\/wp-json\/wp\/v2\/posts"}],"about":[{"href":"https:\/\/imagazine.it\/home_desk\/wp-json\/wp\/v2\/types\/post"}],"author":[{"embeddable":true,"href":"https:\/\/imagazine.it\/home_desk\/wp-json\/wp\/v2\/users\/28"}],"replies":[{"embeddable":true,"href":"https:\/\/imagazine.it\/home_desk\/wp-json\/wp\/v2\/comments?post=39775"}],"version-history":[{"count":0,"href":"https:\/\/imagazine.it\/home_desk\/wp-json\/wp\/v2\/posts\/39775\/revisions"}],"wp:featuredmedia":[{"embeddable":true,"href":"https:\/\/imagazine.it\/home_desk\/wp-json\/wp\/v2\/media\/39776"}],"wp:attachment":[{"href":"https:\/\/imagazine.it\/home_desk\/wp-json\/wp\/v2\/media?parent=39775"}],"wp:term":[{"taxonomy":"category","embeddable":true,"href":"https:\/\/imagazine.it\/home_desk\/wp-json\/wp\/v2\/categories?post=39775"},{"taxonomy":"post_tag","embeddable":true,"href":"https:\/\/imagazine.it\/home_desk\/wp-json\/wp\/v2\/tags?post=39775"}],"curies":[{"name":"wp","href":"https:\/\/api.w.org\/{rel}","templated":true}]}}