{"id":39757,"date":"2021-07-07T00:00:00","date_gmt":"2021-07-06T23:00:00","guid":{"rendered":"https:\/\/imagazine.it\/?p=39757"},"modified":"2021-07-07T00:00:00","modified_gmt":"2021-07-06T23:00:00","slug":"lignano-grado-al-via-la-linea-marittima","status":"publish","type":"post","link":"https:\/\/imagazine.it\/home_desk\/lignano-grado-al-via-la-linea-marittima\/","title":{"rendered":"Lignano-Grado, al via la linea marittima"},"content":{"rendered":"<p> \tSar\u00e0 attivata a partire da <strong>sabato 10 luglio<\/strong> la nuova linea di trasporto pubblico marittimo <strong>tra Lignano e Grado<\/strong>.<\/p>\n<p> \tInserito e finanziato quale servizio sperimentale nell&#39;ambito del progetto strategico Mimosa, a valere sul programma di cooperazione transfrontaliera Interreg Italia-Croazia 2014-2020, il nuovo collegamento &#8211; che prevede anche il <strong>trasporto delle biciclette<\/strong> &#8211; va a completare l&#39;offerta di servizi marittimi stagionali pianificati dalla Regione ed affidati alla societ\u00e0 consortile Tpl Fvg.<\/p>\n<p> \t&#8220;La nuova linea &#8211; spiega l&#39;assessore regionale alle Infrastrutture e territorio, <strong>Graziano Pizzimenti<\/strong> &#8211; collegher\u00e0 le due localit\u00e0 turistiche con <strong>quattro servizi giornalieri<\/strong>, due all&#39;andata e due al ritorno, dal marted\u00ec alla domenica, <strong>fino al 3 ottobre<\/strong>. L&#39;orario sar\u00e0 strutturato in modo da risultare complementare alla linea Trieste-Grado; ci\u00f2 dar\u00e0 la possibilit\u00e0 di spostarsi anche via mare da Trieste a Lignano e viceversa in giornata, con un tempo di permanenza tale da essere appetibile per una gita giornaliera nelle rispettive localit\u00e0. Il servizio \u00e8 stato sub-affidato da Tpl Fvg, su autorizzazione dell&#39;Amministrazione regionale, alla stessa societ\u00e0 di navigazione veneta che opera i collegamenti tra Trieste e Grado&#8221;.<\/p>\n<p> \tPer quanto riguarda il regime tariffario, raggiungere Grado da Lignano coster\u00e0 7,20 euro (andata) e 10,80 euro (andata e ritorno). Previste anche formule in abbonamento: quello nominativo di 10 corse costa 28,80 euro, mentre per 50 corse il costo \u00e8 di 57,60 euro. La tariffa per il trasporto della bicicletta \u00e8 invece di 0,90 euro. Ai possessori di Fvg Card \u00e8 riconosciuto un viaggio andata\/ritorno gratuito per un adulto con un bambino under 12.<\/p>\n<p> \t&#8220;Con questa nuova linea &#8211; spiega ancora Pizzimenti &#8211; la Regione amplia in misura significativa la propria offerta di servizi marittimi, anche a beneficio del cicloturismo. \u00c8 infatti previsto il trasporto delle biciclette, a supporto di una intermodalit\u00e0 sostenibile quale quella bici-barca. Grazie al finanziamento garantito dal progetto Mimosa &#8211; conclude l&#39;assessore regionale &#8211; la sperimentazione di questa nuova linea sar\u00e0 estesa anche alla stagione estiva 2022, con un avvio che auspichiamo possa avvenire gi\u00e0 a partire da fine maggio&#8221;.<\/p>\n","protected":false},"excerpt":{"rendered":"<p>Da sabato 10 luglio<\/p>\n","protected":false},"author":28,"featured_media":39758,"comment_status":"closed","ping_status":"closed","sticky":false,"template":"","format":"standard","meta":{"dwc-title":[],"dwc-content":[],"footnotes":""},"categories":[8],"tags":[],"class_list":["post-39757","post","type-post","status-publish","format-standard","has-post-thumbnail","hentry","category-turismo"],"rttpg_featured_image_url":{"full":["https:\/\/imagazine.it\/wp-content\/uploads\/2024\/01\/41599-1.webp",1024,768,false],"landscape":["https:\/\/imagazine.it\/wp-content\/uploads\/2024\/01\/41599-1.webp",1024,768,false],"portraits":["https:\/\/imagazine.it\/wp-content\/uploads\/2024\/01\/41599-1.webp",1024,768,false],"thumbnail":["https:\/\/imagazine.it\/wp-content\/uploads\/2024\/01\/41599-1-150x150.webp",150,150,true],"medium":["https:\/\/imagazine.it\/wp-content\/uploads\/2024\/01\/41599-1-300x225.webp",300,225,true],"large":["https:\/\/imagazine.it\/wp-content\/uploads\/2024\/01\/41599-1.webp",640,480,false],"thumblist":["https:\/\/imagazine.it\/wp-content\/uploads\/2024\/01\/41599-1.webp",300,225,false],"thumbrelated":["https:\/\/imagazine.it\/wp-content\/uploads\/2024\/01\/41599-1.webp",500,375,false],"meccarouselthumb":["https:\/\/imagazine.it\/wp-content\/uploads\/2024\/01\/41599-1.webp",432,324,false],"gridsquare":["https:\/\/imagazine.it\/wp-content\/uploads\/2024\/01\/41599-1.webp",347,260,false],"tileview":["https:\/\/imagazine.it\/wp-content\/uploads\/2024\/01\/41599-1.webp",300,225,false],"1536x1536":["https:\/\/imagazine.it\/wp-content\/uploads\/2024\/01\/41599-1.webp",1024,768,false],"2048x2048":["https:\/\/imagazine.it\/wp-content\/uploads\/2024\/01\/41599-1.webp",1024,768,false],"newsup-slider-full":["https:\/\/imagazine.it\/wp-content\/uploads\/2024\/01\/41599-1-1024x720.webp",1024,720,true],"newsup-featured":["https:\/\/imagazine.it\/wp-content\/uploads\/2024\/01\/41599-1.webp",1024,768,false],"newsup-medium":["https:\/\/imagazine.it\/wp-content\/uploads\/2024\/01\/41599-1-720x380.webp",720,380,true],"tptn_thumbnail":["https:\/\/imagazine.it\/wp-content\/uploads\/2024\/01\/41599-1.webp",250,188,false],"sow-carousel-default":["https:\/\/imagazine.it\/wp-content\/uploads\/2024\/01\/41599-1-272x182.webp",272,182,true]},"rttpg_author":{"display_name":"redazione","author_link":"https:\/\/imagazine.it\/home_desk\/author\/redazione\/"},"rttpg_comment":0,"rttpg_category":"<a href=\"https:\/\/imagazine.it\/home_desk\/category\/turismo\/\" rel=\"category tag\">TURISMO<\/a>","rttpg_excerpt":"Da sabato 10 luglio","_links":{"self":[{"href":"https:\/\/imagazine.it\/home_desk\/wp-json\/wp\/v2\/posts\/39757","targetHints":{"allow":["GET"]}}],"collection":[{"href":"https:\/\/imagazine.it\/home_desk\/wp-json\/wp\/v2\/posts"}],"about":[{"href":"https:\/\/imagazine.it\/home_desk\/wp-json\/wp\/v2\/types\/post"}],"author":[{"embeddable":true,"href":"https:\/\/imagazine.it\/home_desk\/wp-json\/wp\/v2\/users\/28"}],"replies":[{"embeddable":true,"href":"https:\/\/imagazine.it\/home_desk\/wp-json\/wp\/v2\/comments?post=39757"}],"version-history":[{"count":0,"href":"https:\/\/imagazine.it\/home_desk\/wp-json\/wp\/v2\/posts\/39757\/revisions"}],"wp:featuredmedia":[{"embeddable":true,"href":"https:\/\/imagazine.it\/home_desk\/wp-json\/wp\/v2\/media\/39758"}],"wp:attachment":[{"href":"https:\/\/imagazine.it\/home_desk\/wp-json\/wp\/v2\/media?parent=39757"}],"wp:term":[{"taxonomy":"category","embeddable":true,"href":"https:\/\/imagazine.it\/home_desk\/wp-json\/wp\/v2\/categories?post=39757"},{"taxonomy":"post_tag","embeddable":true,"href":"https:\/\/imagazine.it\/home_desk\/wp-json\/wp\/v2\/tags?post=39757"}],"curies":[{"name":"wp","href":"https:\/\/api.w.org\/{rel}","templated":true}]}}