{"id":39747,"date":"2021-07-07T00:00:00","date_gmt":"2021-07-06T23:00:00","guid":{"rendered":"https:\/\/imagazine.it\/?p=39747"},"modified":"2021-07-07T00:00:00","modified_gmt":"2021-07-06T23:00:00","slug":"gorizia-le-istituzioni-fanno-rete-per-lassistenza-ai-lavoratori","status":"publish","type":"post","link":"https:\/\/imagazine.it\/home_desk\/gorizia-le-istituzioni-fanno-rete-per-lassistenza-ai-lavoratori\/","title":{"rendered":"Gorizia, le istituzioni fanno rete per l&#8217;assistenza ai lavoratori"},"content":{"rendered":"<p> \tSottoscritto in Prefettura a Gorizia il Protocollo \u201cFacciamo rete\u201d, fra tutte le parti che offrono assistenza giuridica e sanitaria ai lavoratori presenti nella provincia di Gorizia.<\/p>\n<p> \tIl Protocollo, promosso e voluto dalla consigliera di parit\u00e0 di Area Vasta Goriziana, <strong>Anna Limpido<\/strong>, gi\u00e0 neo nominata Consigliera di parit\u00e0 della Regione Friuli Venezia Giulia, raccoglie l\u2019impegno della stessa consigliera, delle tre sigle sindacali confederali territoriali (Cigl Cisl Uil), del sindacato di settore Federfarma, del punto di Ascolto Antimobbing, dell\u2019Ispettorato del Lavoro, nonch\u00e9 di chi presta ascolto capillare come i medici di base e i farmacisti riuniti, rispettivamente, nell\u2019Ordine dei Medici e nell\u2019Ordine dei Farmacisti, presente anche il prefetto <strong>Raffaele Ricciardi<\/strong>.<\/p>\n<p> \tPunti essenziali del Protocollo sono la facilitazione all\u2019accessibilit\u00e0 mediante la diffusione dei numeri di emergenza, la costituzione di una Rete che consentir\u00e0 ai lavoratori, ove lo vorranno, di essere accompagnati nel loro percorso di aiuto a prescindere dall\u2019istituzione che accoglier\u00e0 la denuncia e, ovviamente, lo stringere le maglie per iniziative coese di sensibilizzazione e supporto.<\/p>\n<p> \t\u201cEra doveroso &#8211; ha dichiarato Anna Limpido &#8211; far seguire ai miei auspici di far rete, predicati nei miei due anni di mandato provinciale, fatti concreti, mettendo le basi a una fucina di relazioni e iniziative che sono certa saranno determinanti. Siamo alla vigilia, infatti, di tempi difficili e di grandi e repentine trasformazioni nel mondo del lavoro che pretendono una risposta chiara e unita da parte di tutti noi soggetti chiamati al supporto. Tutti i sottoscrittori sono accorsi motivati e questo dimostra non solo la profonda fedelt\u00e0 ai propri incarichi istituzionali ma anche la sensibilit\u00e0 umana e professionale che anima chi \u00e8 votato all\u2019aiuto dei lavoratori e delle lavoratrici\u201d.<\/p>\n<p> \tDa segnalare anche l\u2019adesione dell\u2019Azienda Sanitaria Universitaria Giuliano Isontina (ASUGI) e di tutti i Comuni della provincia goriziana, presenti all\u2019evento, volta alla condivisione e al rilancio di questa iniziativa.<\/p>\n<p> \t\u201cRingrazio l\u2019Asugi Isontina e i sindaci per la loro compartecipazione ove una Pubblica Amministrazione sana si dimostra sempre vicina al cittadino \u2013 continua la consigliera \u2013 \u00e8 un segnale forte di coesione che questa provincia d\u00e0: sar\u00e0 un orgoglio per me portare questa iniziativa, targata provincia di Gorizia, anche in Regione perch\u00e9 le prassi positive possano contaminare senza confini. Quando parliamo di lavoratori e lavoratrici parliamo di famiglie, di fiducia nel futuro, di sogni di uomini e donne che meritano tutta la nostra attenzione e che se infranti da vessazioni inique \u00e8 giusto si sappia che le vittime non resteranno sole o disorientate in un sistema frammentato perch\u00e9 la Rete si stringer\u00e0 intorno a loro\u201d.<\/p>\n","protected":false},"excerpt":{"rendered":"<p>Sottoscritto il Protocollo in Prefettura<\/p>\n","protected":false},"author":28,"featured_media":39748,"comment_status":"closed","ping_status":"closed","sticky":false,"template":"","format":"standard","meta":{"dwc-title":[],"dwc-content":[],"footnotes":""},"categories":[5],"tags":[],"class_list":["post-39747","post","type-post","status-publish","format-standard","has-post-thumbnail","hentry","category-attualita"],"rttpg_featured_image_url":{"full":["https:\/\/imagazine.it\/wp-content\/uploads\/2024\/01\/41566-1.webp",1000,662,false],"landscape":["https:\/\/imagazine.it\/wp-content\/uploads\/2024\/01\/41566-1.webp",1000,662,false],"portraits":["https:\/\/imagazine.it\/wp-content\/uploads\/2024\/01\/41566-1.webp",1000,662,false],"thumbnail":["https:\/\/imagazine.it\/wp-content\/uploads\/2024\/01\/41566-1-150x150.webp",150,150,true],"medium":["https:\/\/imagazine.it\/wp-content\/uploads\/2024\/01\/41566-1-300x199.webp",300,199,true],"large":["https:\/\/imagazine.it\/wp-content\/uploads\/2024\/01\/41566-1.webp",640,424,false],"thumblist":["https:\/\/imagazine.it\/wp-content\/uploads\/2024\/01\/41566-1.webp",300,199,false],"thumbrelated":["https:\/\/imagazine.it\/wp-content\/uploads\/2024\/01\/41566-1.webp",500,331,false],"meccarouselthumb":["https:\/\/imagazine.it\/wp-content\/uploads\/2024\/01\/41566-1.webp",474,314,false],"gridsquare":["https:\/\/imagazine.it\/wp-content\/uploads\/2024\/01\/41566-1.webp",391,260,false],"tileview":["https:\/\/imagazine.it\/wp-content\/uploads\/2024\/01\/41566-1.webp",300,199,false],"1536x1536":["https:\/\/imagazine.it\/wp-content\/uploads\/2024\/01\/41566-1.webp",1000,662,false],"2048x2048":["https:\/\/imagazine.it\/wp-content\/uploads\/2024\/01\/41566-1.webp",1000,662,false],"newsup-slider-full":["https:\/\/imagazine.it\/wp-content\/uploads\/2024\/01\/41566-1.webp",1000,662,false],"newsup-featured":["https:\/\/imagazine.it\/wp-content\/uploads\/2024\/01\/41566-1.webp",1000,662,false],"newsup-medium":["https:\/\/imagazine.it\/wp-content\/uploads\/2024\/01\/41566-1-720x380.webp",720,380,true],"tptn_thumbnail":["https:\/\/imagazine.it\/wp-content\/uploads\/2024\/01\/41566-1.webp",250,166,false],"sow-carousel-default":["https:\/\/imagazine.it\/wp-content\/uploads\/2024\/01\/41566-1-272x182.webp",272,182,true]},"rttpg_author":{"display_name":"redazione","author_link":"https:\/\/imagazine.it\/home_desk\/author\/redazione\/"},"rttpg_comment":0,"rttpg_category":"<a href=\"https:\/\/imagazine.it\/home_desk\/category\/attualita\/\" rel=\"category tag\">ATTUALIT\u00c0<\/a>","rttpg_excerpt":"Sottoscritto il Protocollo in Prefettura","_links":{"self":[{"href":"https:\/\/imagazine.it\/home_desk\/wp-json\/wp\/v2\/posts\/39747","targetHints":{"allow":["GET"]}}],"collection":[{"href":"https:\/\/imagazine.it\/home_desk\/wp-json\/wp\/v2\/posts"}],"about":[{"href":"https:\/\/imagazine.it\/home_desk\/wp-json\/wp\/v2\/types\/post"}],"author":[{"embeddable":true,"href":"https:\/\/imagazine.it\/home_desk\/wp-json\/wp\/v2\/users\/28"}],"replies":[{"embeddable":true,"href":"https:\/\/imagazine.it\/home_desk\/wp-json\/wp\/v2\/comments?post=39747"}],"version-history":[{"count":0,"href":"https:\/\/imagazine.it\/home_desk\/wp-json\/wp\/v2\/posts\/39747\/revisions"}],"wp:featuredmedia":[{"embeddable":true,"href":"https:\/\/imagazine.it\/home_desk\/wp-json\/wp\/v2\/media\/39748"}],"wp:attachment":[{"href":"https:\/\/imagazine.it\/home_desk\/wp-json\/wp\/v2\/media?parent=39747"}],"wp:term":[{"taxonomy":"category","embeddable":true,"href":"https:\/\/imagazine.it\/home_desk\/wp-json\/wp\/v2\/categories?post=39747"},{"taxonomy":"post_tag","embeddable":true,"href":"https:\/\/imagazine.it\/home_desk\/wp-json\/wp\/v2\/tags?post=39747"}],"curies":[{"name":"wp","href":"https:\/\/api.w.org\/{rel}","templated":true}]}}