{"id":39745,"date":"2021-07-07T00:00:00","date_gmt":"2021-07-06T23:00:00","guid":{"rendered":"https:\/\/imagazine.it\/?p=39745"},"modified":"2021-07-07T00:00:00","modified_gmt":"2021-07-06T23:00:00","slug":"loptimist-gold-cup-approda-a-monfalcone","status":"publish","type":"post","link":"https:\/\/imagazine.it\/home_desk\/loptimist-gold-cup-approda-a-monfalcone\/","title":{"rendered":"L\u2019Optimist Gold Cup approda a Monfalcone"},"content":{"rendered":"<p> \t<strong>Monfalcone<\/strong> sar\u00e0 teatro dell\u2019<strong>Optimist<\/strong> <strong>Gold Cup<\/strong>, evento internazionale dedicato ai giovani della vela. L\u2019Optimist \u00e8 infatti il primo stadio velico agonistico e vede coinvolti ragazzi dai 9 ai 13 anni che gi\u00e0 frequentano campi di regata internazionali. L\u2019evento sar\u00e0 organizzato in collaborazione tra il Comune di Monfalcone e lo Yacht Club Hannibal e vedr\u00e0 il coinvolgimento di diverse squadre agonistiche veliche, internazionali e non, e di diverse scuole veliche del territorio.<\/p>\n<p> \tAlla regata parteciperanno circa 200 atleti, accompagnati dai loro allenatori o dalle rispettive famiglie, e la competizione si svolger\u00e0 nell\u2019arco di tre giorni: <strong>14, 15 e 16 luglio<\/strong>. Le regate si svolgeranno nel <strong>Golfo di Panzano<\/strong> tra le ore 12 e le ore 18, inoltre nel frattempo, a terra, verranno organizzate attivit\u00e0 all\u2019aperto nel rispetto di tutte le normative covid.<\/p>\n<p> \tPer la manifestazione verranno coinvolti alberghi, B&#038;B, campeggi e ristoranti del monfalconese che vedr\u00e0 pi\u00f9 o meno 250 presenze nell\u2019arco dei tre giorni. L\u2019Optimist Gold Cup \u00e8 nata nel 2021 con l\u2019ambizione di proseguire nei prossimi anni al fine di qualificare Monfalcone come location internazionale anche nel campo della vela giovanile oltre che della vela d\u2019altura.<\/p>\n<p> \t\u201cOrganizzare una manifestazione velica internazionale \u00e8 un motivo di orgoglio per la nostra citt\u00e0, ma anche una grande opportunit\u00e0 di far vedere il valore di Monfalcone fuori dai confini nazionali\u201d, ha commentato il sindaco <strong>Anna Maria Cisint<\/strong>.<\/p>\n","protected":false},"excerpt":{"rendered":"<p>Dal 14 al 16 luglio<\/p>\n","protected":false},"author":28,"featured_media":39746,"comment_status":"closed","ping_status":"closed","sticky":false,"template":"","format":"standard","meta":{"dwc-title":[],"dwc-content":[],"footnotes":""},"categories":[38],"tags":[],"class_list":["post-39745","post","type-post","status-publish","format-standard","has-post-thumbnail","hentry","category-sport"],"rttpg_featured_image_url":{"full":["https:\/\/imagazine.it\/wp-content\/uploads\/2024\/01\/41565-1.webp",1000,667,false],"landscape":["https:\/\/imagazine.it\/wp-content\/uploads\/2024\/01\/41565-1.webp",1000,667,false],"portraits":["https:\/\/imagazine.it\/wp-content\/uploads\/2024\/01\/41565-1.webp",1000,667,false],"thumbnail":["https:\/\/imagazine.it\/wp-content\/uploads\/2024\/01\/41565-1-150x150.webp",150,150,true],"medium":["https:\/\/imagazine.it\/wp-content\/uploads\/2024\/01\/41565-1-300x200.webp",300,200,true],"large":["https:\/\/imagazine.it\/wp-content\/uploads\/2024\/01\/41565-1.webp",640,427,false],"thumblist":["https:\/\/imagazine.it\/wp-content\/uploads\/2024\/01\/41565-1.webp",300,200,false],"thumbrelated":["https:\/\/imagazine.it\/wp-content\/uploads\/2024\/01\/41565-1.webp",500,334,false],"meccarouselthumb":["https:\/\/imagazine.it\/wp-content\/uploads\/2024\/01\/41565-1.webp",474,316,false],"gridsquare":["https:\/\/imagazine.it\/wp-content\/uploads\/2024\/01\/41565-1.webp",391,260,false],"tileview":["https:\/\/imagazine.it\/wp-content\/uploads\/2024\/01\/41565-1.webp",300,200,false],"1536x1536":["https:\/\/imagazine.it\/wp-content\/uploads\/2024\/01\/41565-1.webp",1000,667,false],"2048x2048":["https:\/\/imagazine.it\/wp-content\/uploads\/2024\/01\/41565-1.webp",1000,667,false],"newsup-slider-full":["https:\/\/imagazine.it\/wp-content\/uploads\/2024\/01\/41565-1.webp",1000,667,false],"newsup-featured":["https:\/\/imagazine.it\/wp-content\/uploads\/2024\/01\/41565-1.webp",1000,667,false],"newsup-medium":["https:\/\/imagazine.it\/wp-content\/uploads\/2024\/01\/41565-1-720x380.webp",720,380,true],"tptn_thumbnail":["https:\/\/imagazine.it\/wp-content\/uploads\/2024\/01\/41565-1.webp",250,167,false],"sow-carousel-default":["https:\/\/imagazine.it\/wp-content\/uploads\/2024\/01\/41565-1-272x182.webp",272,182,true]},"rttpg_author":{"display_name":"redazione","author_link":"https:\/\/imagazine.it\/home_desk\/author\/redazione\/"},"rttpg_comment":0,"rttpg_category":"<a href=\"https:\/\/imagazine.it\/home_desk\/category\/sport\/\" rel=\"category tag\">SPORT<\/a>","rttpg_excerpt":"Dal 14 al 16 luglio","_links":{"self":[{"href":"https:\/\/imagazine.it\/home_desk\/wp-json\/wp\/v2\/posts\/39745","targetHints":{"allow":["GET"]}}],"collection":[{"href":"https:\/\/imagazine.it\/home_desk\/wp-json\/wp\/v2\/posts"}],"about":[{"href":"https:\/\/imagazine.it\/home_desk\/wp-json\/wp\/v2\/types\/post"}],"author":[{"embeddable":true,"href":"https:\/\/imagazine.it\/home_desk\/wp-json\/wp\/v2\/users\/28"}],"replies":[{"embeddable":true,"href":"https:\/\/imagazine.it\/home_desk\/wp-json\/wp\/v2\/comments?post=39745"}],"version-history":[{"count":0,"href":"https:\/\/imagazine.it\/home_desk\/wp-json\/wp\/v2\/posts\/39745\/revisions"}],"wp:featuredmedia":[{"embeddable":true,"href":"https:\/\/imagazine.it\/home_desk\/wp-json\/wp\/v2\/media\/39746"}],"wp:attachment":[{"href":"https:\/\/imagazine.it\/home_desk\/wp-json\/wp\/v2\/media?parent=39745"}],"wp:term":[{"taxonomy":"category","embeddable":true,"href":"https:\/\/imagazine.it\/home_desk\/wp-json\/wp\/v2\/categories?post=39745"},{"taxonomy":"post_tag","embeddable":true,"href":"https:\/\/imagazine.it\/home_desk\/wp-json\/wp\/v2\/tags?post=39745"}],"curies":[{"name":"wp","href":"https:\/\/api.w.org\/{rel}","templated":true}]}}