{"id":39719,"date":"2021-07-05T00:00:00","date_gmt":"2021-07-04T23:00:00","guid":{"rendered":"https:\/\/imagazine.it\/?p=39719"},"modified":"2021-07-05T00:00:00","modified_gmt":"2021-07-04T23:00:00","slug":"agiurgiuculese-e-navarria-portano-lasu-a-tokyo","status":"publish","type":"post","link":"https:\/\/imagazine.it\/home_desk\/agiurgiuculese-e-navarria-portano-lasu-a-tokyo\/","title":{"rendered":"Agiurgiuculese e Navarria portano l&#8217;ASU a Tokyo"},"content":{"rendered":"<p> \tLa ginnasta <strong>Alexandra Agiurgiuculese<\/strong> \u00e8 stata ufficialmente convocata per i Giochi Olimpici di Tokyo dopo gli assoluti di Folgaria, dove ha conquistato il bronzo.<\/p>\n<p> \tInsieme a lei, anche la spadista <strong>Mara Navarria<\/strong>, che da un anno si allena all\u2019<strong>Associazione Sportiva Udinese (Asu)<\/strong>. Quella bianconera sar\u00e0 cos\u00ec \u00ab<em>una delle poche societ\u00e0 a poter vantare fra le sue fila ben due atlete di tale caratura<\/em>\u00bb, ha sottolineato il presidente di Asu <strong>Alessandro Nutta<\/strong> ricordando come \u00ab<em>sono stati mesi difficili per loro, che si sono viste posticipare le Olimpiadi di un anno, ma anche per lo sport in generale, e noi non facciamo eccezione. Nonostante questo, nelle ultime settimane le nostre atlete e i nostri atleti ci hanno riempiti di orgoglio conquistando molte e importanti medaglie e di questo non posso che complimentarmi con loro e con tutte le allenatrici e tutti gli allenatori che in questi mesi ce l\u2019hanno messa davvero tutta<\/em>\u00bb.<\/p>\n<p> \tNutta si riferisce alla medaglia d\u2019argento che le farfalle della squadra giovanile (<strong>Tara Dragas, Tavano Isabelle, Isabel Rocco, Elena Perissinotto, Elisa De Luca, Giulia Cancian<\/strong>) hanno conquistato al Campionato Italiano Assoluto di Ritmica di Folgaria, ma anche al quinto posto delle Allieve Gold (<strong>Anna Braidotti, Noemi Trani, Alice Grigolini, Adele Asquini, Gloria Ragazzini e Benedetta Aurora<\/strong>). Non solo per\u00f2, perch\u00e9 basta tornare indietro di qualche giorno per vedere gli ottimi risultati delle atlete della <strong>ginnastica artistica femminile<\/strong> che sono state impegnate e Rimini nelle Finali Nazionali Silver Summer Edition 2021.<\/p>\n<p> \t\u00abSono stati 10 giorni di gare intensi ma sicuramente ripagati dai risultati ottenuti. L\u2019Asu in ogni categoria si \u00e8 dimostrata competitiva, raggiungendo le finali e ottenendo anche diversi podi e medaglie.\u00a0Siamo molto orgogliose di tutte le nostre ginnaste che stanno col tempo migliorando la loro prestazione\u00bb, hanno spiegato le tecniche <strong>Margherita Antonini<\/strong> ed <strong>Elena Zald\u00edvar S\u00e1ez<\/strong>.<\/p>\n<p> \tNel campionato nazionale livello eccellenza junior 1 <strong>Lara Sattolo<\/strong> si \u00e8 classificata 3^ all around e si \u00e8 qualificata in tutte le finali di specialit\u00e0 ad attrezzi, 1^ volteggio, 4^ trave, 6^ corpo libero.<\/p>\n<p> \tPer le senior, <strong>Elisa Ronco<\/strong> si \u00e8 qualificata per le due finali di specialit\u00e0 negli attrezzi, trave e volteggio.<\/p>\n<p> \tNella categoria junior2: <strong>Camilla Barbetti<\/strong> 5^ all around, si \u00e8 qualificata per tre finali di specialit\u00e0 ad attrezzi, 1^ nel volteggio, 3^ alle parallele; <strong>Sofia Urso<\/strong> si \u00e8 qualificata per due finali di specialit\u00e0 ad attrezzi, 4^ alle parallele e corpo libero. In serie D allieve, 3^ la squadra formata da <strong>Astrid Chiaradia<\/strong>, <strong>Emma Lentini<\/strong>, <strong>Annalisa Bianchi<\/strong>.<\/p>\n<p> \tPer la categoria Allieve3 LD: <strong>Annalisa Bianchi<\/strong> \u00e8 arrivata 5^ all&#39;all around, e si \u00e8 qualificata per tre finali di specialit\u00e0 ad attrezzi, 2^ al volteggio; <strong>Astrid Chiaradia<\/strong>, si \u00e8 qualificata per due finali di specialit\u00e0 ad attrezzi, terza nelle parallele. Per la categoria Allieve4: <strong>Emma Lentini<\/strong> \u00e8 vice campionessa nazionale <em>all around<\/em>, oltre a essersi qualificata in tutte le finali di specialit\u00e0, 2^ nella trave e nel corpo libero, 3^ alle parallele.<\/p>\n<p> \t<strong>Aurora Zamolo<\/strong> (junior3) si \u00e8 qualificata per la finale di specialit\u00e0 al volteggio. Nella serie D LC allieve l&#39;Asu \u00e8 5^ su 72 squadre con <strong>Alice Caporale<\/strong>, <strong>Ottavia Zannier<\/strong>, <strong>Gaia Modolo, Caterina Barbetti, Isabel Cuciz, Beatrice Freschi<\/strong>. Per le allieve3 LC, Alice Caporale \u00e8 campionessa nazionale all around, 1^ su 134 ginnaste. Ottavia Zannier \u00e8 arrivata 13^ per la finale di categoria!\u00a0 Nella categoria LC3 allieve 4, Beatrice Freschi si \u00e8 qualificata 6^ su 80 ginnaste.<\/p>\n<p> \tPer le LB allieve2, <strong>Benedetta Strizzolo<\/strong> si \u00e8 qualificata per la finale di categoria. Per le LB allieve3, <strong>Matilde Pascolini<\/strong> e <strong>Rebecca Cainero<\/strong> si sono qualificate per la finale di categoria.<\/p>\n<p> \tNella categoria LA3 allieve 1, <strong>Emma Candieracci<\/strong> si \u00e8 qualificata 6^ per la finale su 275 ginnaste. Per le LA3 allieve 2, <strong>Beatrice Travaglini<\/strong> \u00e8 arrivata 9^ per la finale di categoria su 296 ginnaste. E ancora fra le LA3 allieve 3, <strong>Amelia Ceschiutti<\/strong> 13^ si \u00e8 qualificata per la finale di categoria su 215 ginnaste.<\/p>\n<p> \tBene i ginnasti della sezione <strong>ginnastica artistica maschile<\/strong>: <strong>Andrea della Ricca<\/strong> si \u00e8 classificato 9\u00b0 nella categoria LD; <strong>Gabriele Barbetti<\/strong> 10\u00b0 nell&#39;LC A2; <strong>Piero Boezio<\/strong> 18\u00b0 per la categoria LC J2. La squadra LC Open (<strong>Piero Boezio, Peter Padovani, Luca Petris e Filippo Giorgiutti<\/strong>) \u00e8 arrivata in 10^ posizione, in finale.<\/p>\n<p> \tPer la <strong>sezione ritmica<\/strong> le ragazze della LB serie D allieve sono arrivate 5^ (<strong>Ginevra Romano, Victoria Dionisio, Sofia Bon, Romina Cos<\/strong>); le LD serie D open, 9^ (<strong>Jennifer Del Frate, Mariagrazia Gasparini, Elisa Peressutti, Alice Violin, Giulia Sebastiani<\/strong>); le LC insieme Open (<strong>Elena Pilosio, Carlotta Sirch, Miriam Cipolla<\/strong>).<\/p>\n<p> \tPer la categoria LE individuale, <strong>Gaia Patriarca<\/strong> \u00e8 11^ e 5^ nella finale alla palla; infine nella categoria LE individuale, <strong>Arianna Cos<\/strong> \u00e8 5^ e 6^ in finale alle clavette. Hanno partecipato senza entrare in finale anche: <strong>Melani Velasquez, Giulia Bon, Arianna Morotto, Elisa Maria Vincenzi<\/strong> (LA-LB); <strong>Eleonora Clemente, Elisa Babolin, Margherita Muni<\/strong> (Serie D LB open); <strong>Stella Meneghin, Giulia Facinoli, Angelica Dorigo<\/strong> (LC).<\/p>\n","protected":false},"excerpt":{"rendered":"<p>Confermate le convocazioni<\/p>\n","protected":false},"author":28,"featured_media":39720,"comment_status":"closed","ping_status":"closed","sticky":false,"template":"","format":"standard","meta":{"dwc-title":[],"dwc-content":[],"footnotes":""},"categories":[38],"tags":[],"class_list":["post-39719","post","type-post","status-publish","format-standard","has-post-thumbnail","hentry","category-sport"],"rttpg_featured_image_url":{"full":["https:\/\/imagazine.it\/wp-content\/uploads\/2024\/01\/41503-1.webp",1000,802,false],"landscape":["https:\/\/imagazine.it\/wp-content\/uploads\/2024\/01\/41503-1.webp",1000,802,false],"portraits":["https:\/\/imagazine.it\/wp-content\/uploads\/2024\/01\/41503-1.webp",1000,802,false],"thumbnail":["https:\/\/imagazine.it\/wp-content\/uploads\/2024\/01\/41503-1-150x150.webp",150,150,true],"medium":["https:\/\/imagazine.it\/wp-content\/uploads\/2024\/01\/41503-1-300x241.webp",300,241,true],"large":["https:\/\/imagazine.it\/wp-content\/uploads\/2024\/01\/41503-1.webp",640,513,false],"thumblist":["https:\/\/imagazine.it\/wp-content\/uploads\/2024\/01\/41503-1.webp",300,241,false],"thumbrelated":["https:\/\/imagazine.it\/wp-content\/uploads\/2024\/01\/41503-1.webp",500,401,false],"meccarouselthumb":["https:\/\/imagazine.it\/wp-content\/uploads\/2024\/01\/41503-1.webp",404,324,false],"gridsquare":["https:\/\/imagazine.it\/wp-content\/uploads\/2024\/01\/41503-1.webp",324,260,false],"tileview":["https:\/\/imagazine.it\/wp-content\/uploads\/2024\/01\/41503-1.webp",300,241,false],"1536x1536":["https:\/\/imagazine.it\/wp-content\/uploads\/2024\/01\/41503-1.webp",1000,802,false],"2048x2048":["https:\/\/imagazine.it\/wp-content\/uploads\/2024\/01\/41503-1.webp",1000,802,false],"newsup-slider-full":["https:\/\/imagazine.it\/wp-content\/uploads\/2024\/01\/41503-1-1000x720.webp",1000,720,true],"newsup-featured":["https:\/\/imagazine.it\/wp-content\/uploads\/2024\/01\/41503-1.webp",1000,802,false],"newsup-medium":["https:\/\/imagazine.it\/wp-content\/uploads\/2024\/01\/41503-1-720x380.webp",720,380,true],"tptn_thumbnail":["https:\/\/imagazine.it\/wp-content\/uploads\/2024\/01\/41503-1.webp",250,201,false],"sow-carousel-default":["https:\/\/imagazine.it\/wp-content\/uploads\/2024\/01\/41503-1-272x182.webp",272,182,true]},"rttpg_author":{"display_name":"redazione","author_link":"https:\/\/imagazine.it\/home_desk\/author\/redazione\/"},"rttpg_comment":0,"rttpg_category":"<a href=\"https:\/\/imagazine.it\/home_desk\/category\/sport\/\" rel=\"category tag\">SPORT<\/a>","rttpg_excerpt":"Confermate le convocazioni","_links":{"self":[{"href":"https:\/\/imagazine.it\/home_desk\/wp-json\/wp\/v2\/posts\/39719","targetHints":{"allow":["GET"]}}],"collection":[{"href":"https:\/\/imagazine.it\/home_desk\/wp-json\/wp\/v2\/posts"}],"about":[{"href":"https:\/\/imagazine.it\/home_desk\/wp-json\/wp\/v2\/types\/post"}],"author":[{"embeddable":true,"href":"https:\/\/imagazine.it\/home_desk\/wp-json\/wp\/v2\/users\/28"}],"replies":[{"embeddable":true,"href":"https:\/\/imagazine.it\/home_desk\/wp-json\/wp\/v2\/comments?post=39719"}],"version-history":[{"count":0,"href":"https:\/\/imagazine.it\/home_desk\/wp-json\/wp\/v2\/posts\/39719\/revisions"}],"wp:featuredmedia":[{"embeddable":true,"href":"https:\/\/imagazine.it\/home_desk\/wp-json\/wp\/v2\/media\/39720"}],"wp:attachment":[{"href":"https:\/\/imagazine.it\/home_desk\/wp-json\/wp\/v2\/media?parent=39719"}],"wp:term":[{"taxonomy":"category","embeddable":true,"href":"https:\/\/imagazine.it\/home_desk\/wp-json\/wp\/v2\/categories?post=39719"},{"taxonomy":"post_tag","embeddable":true,"href":"https:\/\/imagazine.it\/home_desk\/wp-json\/wp\/v2\/tags?post=39719"}],"curies":[{"name":"wp","href":"https:\/\/api.w.org\/{rel}","templated":true}]}}