{"id":39703,"date":"2021-07-05T00:00:00","date_gmt":"2021-07-04T23:00:00","guid":{"rendered":"https:\/\/imagazine.it\/?p=39703"},"modified":"2021-07-05T00:00:00","modified_gmt":"2021-07-04T23:00:00","slug":"si-formano-a-udine-i-viticoltori-del-futuro","status":"publish","type":"post","link":"https:\/\/imagazine.it\/home_desk\/si-formano-a-udine-i-viticoltori-del-futuro\/","title":{"rendered":"Si formano a Udine i viticoltori del futuro"},"content":{"rendered":"<p> \tUna proposta didattica specializzata per formare i professionisti agricoli del domani, con particolare attenzione al mondo del vino: accordo di collaborazione tra MITS &#8211; Malignani Istituto Tecnico Superiore e associazione nazionale Citt\u00e0 del Vino, attraverso il suo coordinamento del Friuli Venezia Giulia, per promuovere il nuovo <strong>Istituto Tecnico Superiore Sistema Agroalimentare &#8211; Agro Tech Specialist<\/strong> con sede a <strong>Udine<\/strong>.<\/p>\n<p> \tL&#39;Istituto Tecnico Superiore \u00e8 una scuola post diploma, parallela ai corsi universitari, ad alta specializzazione finalizzata all\u2019inserimento nel mondo del lavoro di figure professionali nelle aree tecnologiche strategiche per lo sviluppo economico e la competitivit\u00e0 delle imprese. Le Citt\u00e0 del Vino diffonderanno a livello nazionale i programmi dell\u2019Istituto.\u00a0<\/p>\n<p> \t\u201cIn un Paese che vive la condizione paradossale di un&#39;alta disoccupazione giovanile ma in cui un\u2019azienda su tre non trova lavoratori qualificati &#8211; dichiara <strong>Ester Iannis<\/strong> direttore MITS Udine -, il MITS \u00e8 al servizio del mondo produttivo per intercettare il cambiamento delle competenze richieste, per costruire percorsi di formazione post diploma di alta specializzazione coerenti e offrire ai giovani la possibilit\u00e0 di inserimento di qualit\u00e0 nel mondo del lavoro grazie al possesso di saperi tecnici avanzati, saperi digitali \u201cnativi\u201d, capacit\u00e0 di problem solving. Il corso Agro Tech Specialist \u00e8 stato co-progettato con le aziende di un settore produttivo di eccellenza, che vive un presente sempre pi\u00f9 4.0: l\u2019auspicio \u00e8 che i giovani in possesso di diploma superiore sappiano cogliere questa nuovissima opportunit\u00e0 formativa che li porter\u00e0 in soli due anni ad operare in un mondo che coniuga tecnologia, natura e sostenibilit\u00e0. La condivisione di obiettivi e visione con Associazione nazionale Citt\u00e0 del vino per il MITS \u00e8 motivo di orgoglio e di fiducia\u201d.<\/p>\n<p> \t&#8220;Siamo pronti a far conoscere a livello nazionale a tutti i nostri Comuni associati &#8211; aggiunge <strong>Tiziano Venturini<\/strong>, coordinatore regionale delle Citt\u00e0 del Vino del Friuli Venezia Giulia e assessore alla promozione turistica e Citt\u00e0 del Vino del Comune di Buttrio -, in cui vivono e operano migliaia di famiglie attive in viticoltura, questa proposta didattica d&#39;eccellenza del MITS Udine. Uno sguardo orientato al futuro del comparto, da cui discende una ricerca della qualit\u00e0 attraverso la quale, successivamente, possono beneficiarne anche gli enoturisti che sono il nostro pubblico di riferimento&#8221;.\u00a0\u00a0\u00a0\u00a0\u00a0\u00a0<\/p>\n<p> \tL&#39;agro tech specialist che viene formato \u00e8 un tecnico superiore, responsabile delle produzioni e delle trasformazioni agrarie, agro-alimentari e agro-industriali, e specializzato nelle tecnologie applicate agli impianti, alle macchine e alle attrezzature delle aziende agricole, in particolare vitivinicole, sempre pi\u00f9 orientate al 4.0.<\/p>\n<p> \tDigitalizzazione, tecniche di acquisizione dei dati, intelligenza artificiale, utilizzo dei droni in agricoltura, sistemi Gis attraverso la cartografia digitale, agricoltura di precisione: queste le materie d&#39;insegnamento, nuove tecnologie e competenze sempre pi\u00f9 richieste, per una gestione del vigneto agro-ecologica, sostenibile e di qualit\u00e0.<\/p>\n<p> \tIl corso dura 4 semestri per 2.000 ore di attivit\u00e0 formative e 750 ore di stage in azienda. I candidati devono essere in possesso del diploma di scuola secondaria superiore (Istituti tecnici, Licei, Istituti professionali). Le selezioni sono previste in data 23 luglio e 16 settembre 2021, previa presentazione di domanda di ammissione on-line in base alle indicazioni riportate alla sezione Bandi\/ammissione studenti del sito <u><a data-saferedirecturl=\"https:\/\/www.google.com\/url?q=http:\/\/www.itsmalignani.it&#038;source=gmail&#038;ust=1625561880241000&#038;usg=AFQjCNFBrvq_mJ2U5c2rd8RQtpQ7OkFo1g\" href=\"http:\/\/www.itsmalignani.it\" target=\"_blank\" rel=\"noopener\"><span style=\"color:#0000ff;\">www.itsmalignani.it<\/span><\/a><\/u>. Gli allievi possono beneficiare delle agevolazioni ARDISS FVG per l\u2019assegnazione di alloggi, borse di studio e degli altri sostegni per il diritto allo studio gestiti da ARDiS.<\/p>\n<p> \tPer tutte le informazioni Fondazione Nuove Tecnologie per il made in Italy (MITS) \u2013 Viale Leonardo da Vinci 10, Udine Tel. 0432\/481859 \u2013 <a href=\"mailto:segreteria@itsmalignani.it\" target=\"_blank\" rel=\"noopener\">segreteria@itsmalignani.it<\/a> \u2013 <u><a data-saferedirecturl=\"https:\/\/www.google.com\/url?q=http:\/\/www.itsmalignani.it&#038;source=gmail&#038;ust=1625561880241000&#038;usg=AFQjCNFBrvq_mJ2U5c2rd8RQtpQ7OkFo1g\" href=\"http:\/\/www.itsmalignani.it\" target=\"_blank\" rel=\"noopener\"><span style=\"color:#0000ff;\">www.itsmalignani.it<\/span><\/a><\/u> (il percorso \u00e8 soggetto ad approvazione da parte della Regione Friuli Venezia Giulia).\u00a0<\/p>\n<p> \tL&#39;accordo di collaborazione prevede l&#39;impegno tra MITS e Citt\u00e0 del Vino nel progettare e implementare progetti formativi biennali di V livello EQF orientati all\u2019innovazione tecnologica in ambito vitivinicolo e coerenti con i fabbisogni formativi del settore; a favorire il rapporto di collaborazione formativa tra il MITS e i propri associati o gli Amici di Citt\u00e0 del vino; a far conoscere al territorio, a famiglie e giovani\u00a0 tramite i propri strumenti informativi le proposte formative del MITS coerenti con il settore vitivinicolo.<\/p>\n","protected":false},"excerpt":{"rendered":"<p>Collaborazione tra MITS e Citt\u00e0 del Vino<\/p>\n","protected":false},"author":28,"featured_media":39704,"comment_status":"closed","ping_status":"closed","sticky":false,"template":"","format":"standard","meta":{"dwc-title":[],"dwc-content":[],"footnotes":""},"categories":[6],"tags":[],"class_list":["post-39703","post","type-post","status-publish","format-standard","has-post-thumbnail","hentry","category-societa"],"rttpg_featured_image_url":{"full":["https:\/\/imagazine.it\/wp-content\/uploads\/2024\/01\/41474-1.webp",800,605,false],"landscape":["https:\/\/imagazine.it\/wp-content\/uploads\/2024\/01\/41474-1.webp",800,605,false],"portraits":["https:\/\/imagazine.it\/wp-content\/uploads\/2024\/01\/41474-1.webp",800,605,false],"thumbnail":["https:\/\/imagazine.it\/wp-content\/uploads\/2024\/01\/41474-1-150x150.webp",150,150,true],"medium":["https:\/\/imagazine.it\/wp-content\/uploads\/2024\/01\/41474-1-300x227.webp",300,227,true],"large":["https:\/\/imagazine.it\/wp-content\/uploads\/2024\/01\/41474-1.webp",640,484,false],"thumblist":["https:\/\/imagazine.it\/wp-content\/uploads\/2024\/01\/41474-1.webp",300,227,false],"thumbrelated":["https:\/\/imagazine.it\/wp-content\/uploads\/2024\/01\/41474-1.webp",500,378,false],"meccarouselthumb":["https:\/\/imagazine.it\/wp-content\/uploads\/2024\/01\/41474-1.webp",428,324,false],"gridsquare":["https:\/\/imagazine.it\/wp-content\/uploads\/2024\/01\/41474-1.webp",344,260,false],"tileview":["https:\/\/imagazine.it\/wp-content\/uploads\/2024\/01\/41474-1.webp",300,227,false],"1536x1536":["https:\/\/imagazine.it\/wp-content\/uploads\/2024\/01\/41474-1.webp",800,605,false],"2048x2048":["https:\/\/imagazine.it\/wp-content\/uploads\/2024\/01\/41474-1.webp",800,605,false],"newsup-slider-full":["https:\/\/imagazine.it\/wp-content\/uploads\/2024\/01\/41474-1.webp",800,605,false],"newsup-featured":["https:\/\/imagazine.it\/wp-content\/uploads\/2024\/01\/41474-1.webp",800,605,false],"newsup-medium":["https:\/\/imagazine.it\/wp-content\/uploads\/2024\/01\/41474-1-720x380.webp",720,380,true],"tptn_thumbnail":["https:\/\/imagazine.it\/wp-content\/uploads\/2024\/01\/41474-1.webp",250,189,false],"sow-carousel-default":["https:\/\/imagazine.it\/wp-content\/uploads\/2024\/01\/41474-1-272x182.webp",272,182,true]},"rttpg_author":{"display_name":"redazione","author_link":"https:\/\/imagazine.it\/home_desk\/author\/redazione\/"},"rttpg_comment":0,"rttpg_category":"<a href=\"https:\/\/imagazine.it\/home_desk\/category\/societa\/\" rel=\"category tag\">SOCIET\u00c0<\/a>","rttpg_excerpt":"Collaborazione tra MITS e Citt\u00e0 del Vino","_links":{"self":[{"href":"https:\/\/imagazine.it\/home_desk\/wp-json\/wp\/v2\/posts\/39703","targetHints":{"allow":["GET"]}}],"collection":[{"href":"https:\/\/imagazine.it\/home_desk\/wp-json\/wp\/v2\/posts"}],"about":[{"href":"https:\/\/imagazine.it\/home_desk\/wp-json\/wp\/v2\/types\/post"}],"author":[{"embeddable":true,"href":"https:\/\/imagazine.it\/home_desk\/wp-json\/wp\/v2\/users\/28"}],"replies":[{"embeddable":true,"href":"https:\/\/imagazine.it\/home_desk\/wp-json\/wp\/v2\/comments?post=39703"}],"version-history":[{"count":0,"href":"https:\/\/imagazine.it\/home_desk\/wp-json\/wp\/v2\/posts\/39703\/revisions"}],"wp:featuredmedia":[{"embeddable":true,"href":"https:\/\/imagazine.it\/home_desk\/wp-json\/wp\/v2\/media\/39704"}],"wp:attachment":[{"href":"https:\/\/imagazine.it\/home_desk\/wp-json\/wp\/v2\/media?parent=39703"}],"wp:term":[{"taxonomy":"category","embeddable":true,"href":"https:\/\/imagazine.it\/home_desk\/wp-json\/wp\/v2\/categories?post=39703"},{"taxonomy":"post_tag","embeddable":true,"href":"https:\/\/imagazine.it\/home_desk\/wp-json\/wp\/v2\/tags?post=39703"}],"curies":[{"name":"wp","href":"https:\/\/api.w.org\/{rel}","templated":true}]}}