{"id":39635,"date":"2021-06-29T00:00:00","date_gmt":"2021-06-28T23:00:00","guid":{"rendered":"https:\/\/imagazine.it\/?p=39635"},"modified":"2021-06-29T00:00:00","modified_gmt":"2021-06-28T23:00:00","slug":"inferno-purgatorio-e-paradiso-di-dante-rivivono-in-carnia","status":"publish","type":"post","link":"https:\/\/imagazine.it\/home_desk\/inferno-purgatorio-e-paradiso-di-dante-rivivono-in-carnia\/","title":{"rendered":"Inferno, Purgatorio e Paradiso di Dante rivivono in Carnia"},"content":{"rendered":"<p> \t<strong>Dal 3 luglio al 5 settembre<\/strong> nove tra i luoghi pi\u00f9 pittoreschi e suggestivi della <strong>Carnia<\/strong> saranno la scenografia di <strong>Dante in Carnia<\/strong> \u201c<em>Folc lu ardi chel Dante!\u201d,<\/em> il programma itinerante di letture, anche in lingua friulana nella variante carnica proposta da Gjiso Fior, dei principali Canti della Divina Commedia del Sommo Poeta, tratti dall\u2019edizione originale del 1808 che riporta le note di Niccol\u00f2 Tommaseo, riedita dall\u2019editore Francesco Pagnoni nel 1865.<\/p>\n<p> \tOrganizzato in nove incontri, il progetto \u00e8 ideato, prodotto e curato dall\u2019impresa sociale Melius e finanziato dalla Regione Friuli Venezia Giulia.<\/p>\n<p> \tAffidato a <strong>Rita Maffei<\/strong> il coordinamento artistico delle letture partecipate che vedranno protagonisti gli attori <strong>Claudio Cipriani<\/strong> e <strong>Shirine Sabet<\/strong> assieme al gruppo dei Giovins Comedians di Dimpe\u00e7 e a lettori dilettanti ed appassionati. Inoltre, chiunque desideri partecipare come lettore o spettatore pu\u00f2 inviare la propria richiesta a <a href=\"mailto:info@meliusitaly.eu\">info@meliusitaly.eu<\/a> o telefonare al numero 0433 41943. La partecipazione \u00e8 gratuita.<\/p>\n<p> \tObiettivo dell\u2019iniziativa \u00e8 rafforzare il legame tra la Commedia di Dante e il popolo concorrendo ad alimentare una conoscenza pi\u00f9 profonda della letteratura, attraverso una esperienza inedita, immersiva e perci\u00f2 appassionante, in cui le tre Cantiche vengono ospitate in luoghi che permettono allo spettatore di entrare, letteralmente, nel vivo del racconto grazie al contesto in cui esso \u00e8 calato.<\/p>\n<p> \tLa naturale cupezza di luoghi come la <strong>Falesia della Cjanevate e rio Faeit di Cavazzo Carnico<\/strong>, l\u2019<strong>Orrido<\/strong> <strong>di Pierabech a Forni Avoltri<\/strong> e la <strong>Miniera di Cludinico di Ovaro <\/strong>ospiteranno i Canti dell\u2019Inferno; il <strong>sito archeologico di Col di Zuca a Invillino<\/strong>, le <strong>Cascatelle dell\u2019Arzino a Preone<\/strong> e la <strong>chiesa di San Lorenzo a Forni di Sopra<\/strong> faranno da scenario ai Canti del Purgatorio; mentre nella dimensione intensa che esprimono la<strong> Chiesa della Beata Vergine del Rosario ad Ampezzo<\/strong>, la <strong>Pieve di San Martino di Socchieve<\/strong> e la <strong>Chiesa di San Pietro a Zuglio<\/strong> si reciteranno alcuni significativi Canti del Paradiso.<\/p>\n<p> \t\u201c<em>Folc lu ardi chel Dante!\u201d<\/em> permette di riscoprire paesaggi, vedute, antri, borghi e luoghi simbolo della Carnia che vengono reinventati per porre in relazione un\u2019opera universalmente nota quale simbolo dell\u2019identit\u00e0 nazionale come la Divina Commedia con le comunit\u00e0 locali, che nel corso del tempo si sono confrontate con l\u2019autore attraverso l\u2019utilizzo di dispense, come quelle della casa editrice Sonzogno assai diffuse nella Val Tagliamento, oppure cimentandosi nelle letture in carnico, come nel caso del Canto I e III dell\u2019Inferno, ed in friulano: lingua \u201cvolgare\u201d che lo stesso Dante nel trattato De Vulgari Eloquentia defin\u00ec \u201c<em>fra gli idiomi da scartare risolutamente<\/em>\u201d, poich\u00e9 dura e sgradevole.<\/p>\n","protected":false},"excerpt":{"rendered":"<p>Progetto \u201cFolc lu ardi chel Dante!\u201d<\/p>\n","protected":false},"author":28,"featured_media":39636,"comment_status":"closed","ping_status":"closed","sticky":false,"template":"","format":"standard","meta":{"dwc-title":[],"dwc-content":[],"footnotes":""},"categories":[37],"tags":[],"class_list":["post-39635","post","type-post","status-publish","format-standard","has-post-thumbnail","hentry","category-cultura-e-spettacolo"],"rttpg_featured_image_url":{"full":["https:\/\/imagazine.it\/wp-content\/uploads\/2024\/01\/41364-1.webp",1000,667,false],"landscape":["https:\/\/imagazine.it\/wp-content\/uploads\/2024\/01\/41364-1.webp",1000,667,false],"portraits":["https:\/\/imagazine.it\/wp-content\/uploads\/2024\/01\/41364-1.webp",1000,667,false],"thumbnail":["https:\/\/imagazine.it\/wp-content\/uploads\/2024\/01\/41364-1-150x150.webp",150,150,true],"medium":["https:\/\/imagazine.it\/wp-content\/uploads\/2024\/01\/41364-1-300x200.webp",300,200,true],"large":["https:\/\/imagazine.it\/wp-content\/uploads\/2024\/01\/41364-1.webp",640,427,false],"thumblist":["https:\/\/imagazine.it\/wp-content\/uploads\/2024\/01\/41364-1.webp",300,200,false],"thumbrelated":["https:\/\/imagazine.it\/wp-content\/uploads\/2024\/01\/41364-1.webp",500,334,false],"meccarouselthumb":["https:\/\/imagazine.it\/wp-content\/uploads\/2024\/01\/41364-1.webp",474,316,false],"gridsquare":["https:\/\/imagazine.it\/wp-content\/uploads\/2024\/01\/41364-1.webp",391,260,false],"tileview":["https:\/\/imagazine.it\/wp-content\/uploads\/2024\/01\/41364-1.webp",300,200,false],"1536x1536":["https:\/\/imagazine.it\/wp-content\/uploads\/2024\/01\/41364-1.webp",1000,667,false],"2048x2048":["https:\/\/imagazine.it\/wp-content\/uploads\/2024\/01\/41364-1.webp",1000,667,false],"newsup-slider-full":["https:\/\/imagazine.it\/wp-content\/uploads\/2024\/01\/41364-1.webp",1000,667,false],"newsup-featured":["https:\/\/imagazine.it\/wp-content\/uploads\/2024\/01\/41364-1.webp",1000,667,false],"newsup-medium":["https:\/\/imagazine.it\/wp-content\/uploads\/2024\/01\/41364-1-720x380.webp",720,380,true],"tptn_thumbnail":["https:\/\/imagazine.it\/wp-content\/uploads\/2024\/01\/41364-1.webp",250,167,false],"sow-carousel-default":["https:\/\/imagazine.it\/wp-content\/uploads\/2024\/01\/41364-1-272x182.webp",272,182,true]},"rttpg_author":{"display_name":"redazione","author_link":"https:\/\/imagazine.it\/home_desk\/author\/redazione\/"},"rttpg_comment":0,"rttpg_category":"<a href=\"https:\/\/imagazine.it\/home_desk\/category\/cultura-e-spettacolo\/\" rel=\"category tag\">CULTURA&amp;SPETTACOLO<\/a>","rttpg_excerpt":"Progetto \u201cFolc lu ardi chel Dante!\u201d","_links":{"self":[{"href":"https:\/\/imagazine.it\/home_desk\/wp-json\/wp\/v2\/posts\/39635","targetHints":{"allow":["GET"]}}],"collection":[{"href":"https:\/\/imagazine.it\/home_desk\/wp-json\/wp\/v2\/posts"}],"about":[{"href":"https:\/\/imagazine.it\/home_desk\/wp-json\/wp\/v2\/types\/post"}],"author":[{"embeddable":true,"href":"https:\/\/imagazine.it\/home_desk\/wp-json\/wp\/v2\/users\/28"}],"replies":[{"embeddable":true,"href":"https:\/\/imagazine.it\/home_desk\/wp-json\/wp\/v2\/comments?post=39635"}],"version-history":[{"count":0,"href":"https:\/\/imagazine.it\/home_desk\/wp-json\/wp\/v2\/posts\/39635\/revisions"}],"wp:featuredmedia":[{"embeddable":true,"href":"https:\/\/imagazine.it\/home_desk\/wp-json\/wp\/v2\/media\/39636"}],"wp:attachment":[{"href":"https:\/\/imagazine.it\/home_desk\/wp-json\/wp\/v2\/media?parent=39635"}],"wp:term":[{"taxonomy":"category","embeddable":true,"href":"https:\/\/imagazine.it\/home_desk\/wp-json\/wp\/v2\/categories?post=39635"},{"taxonomy":"post_tag","embeddable":true,"href":"https:\/\/imagazine.it\/home_desk\/wp-json\/wp\/v2\/tags?post=39635"}],"curies":[{"name":"wp","href":"https:\/\/api.w.org\/{rel}","templated":true}]}}